{"id":123630,"date":"2025-06-30T12:30:57","date_gmt":"2025-06-30T12:30:57","guid":{"rendered":"https:\/\/htb.com.pl\/?p=123630"},"modified":"2025-07-07T14:16:31","modified_gmt":"2025-07-07T14:16:31","slug":"obywatelskie-patrole","status":"publish","type":"post","link":"https:\/\/htb.com.pl\/?p=123630","title":{"rendered":"Obywatelskie patrole"},"content":{"rendered":"\n<p>Polsko-niemieckie przej\u015bcie w Lubieszynie. Grupa ponad stu os\u00f3b z tzw. obywatelskich patroli przyjecha\u0142a na granic\u0119. Pi\u0105tek 27 czerwca, godz. 19.30. Rozmawiam o tym na Bazarze przy Hali Targowej w Mielcu. \u017beby pos\u0142ucha\u0107 rozmowy trzeba klikn\u0105\u0107 zdj\u0119cie poni\u017cej.<\/p>\n\n\n\n<figure class=\"wp-block-image size-full\"><a href=\"http:\/\/radiomaria.com.pl\/wp-content\/uploads\/2025\/06\/Ruch-Obrony-Granic-w-Zgorzelcu-zobacz-ich-akcje_-_fN80ve0WPE.mp3\"><img loading=\"lazy\" decoding=\"async\" width=\"988\" height=\"644\" src=\"https:\/\/htb.com.pl\/wp-content\/uploads\/2025\/06\/Ochrona-granicy2maly.png\" alt=\"\" class=\"wp-image-123629\" srcset=\"https:\/\/htb.com.pl\/wp-content\/uploads\/2025\/06\/Ochrona-granicy2maly.png 988w, https:\/\/htb.com.pl\/wp-content\/uploads\/2025\/06\/Ochrona-granicy2maly-300x196.png 300w, https:\/\/htb.com.pl\/wp-content\/uploads\/2025\/06\/Ochrona-granicy2maly-768x501.png 768w, https:\/\/htb.com.pl\/wp-content\/uploads\/2025\/06\/Ochrona-granicy2maly-600x391.png 600w\" sizes=\"auto, (max-width: 988px) 100vw, 988px\" \/><\/a><\/figure>\n","protected":false},"excerpt":{"rendered":"<p>Polsko-niemieckie przej\u015bcie w Lubieszynie. Grupa ponad stu os\u00f3b z tzw. obywatelskich patroli przyjecha\u0142a na granic\u0119. Pi\u0105tek 27 czerwca, godz. 19.30. Rozmawiam o tym na Bazarze przy Hali Targowej w Mielcu. \u017beby pos\u0142ucha\u0107 rozmowy trzeba klikn\u0105\u0107 zdj\u0119cie poni\u017cej.<\/p>\n","protected":false},"author":1,"featured_media":123632,"comment_status":"open","ping_status":"open","sticky":false,"template":"","format":"standard","meta":{"_jetpack_memberships_contains_paid_content":false,"footnotes":""},"categories":[933],"tags":[],"class_list":["post-123630","post","type-post","status-publish","format-standard","has-post-thumbnail","hentry","category-rozmowy-przy-straganie"],"jetpack_sharing_enabled":true,"jetpack_featured_media_url":"https:\/\/htb.com.pl\/wp-content\/uploads\/2025\/06\/Ochrona-granicy1maly.png","_links":{"self":[{"href":"https:\/\/htb.com.pl\/index.php?rest_route=\/wp\/v2\/posts\/123630","targetHints":{"allow":["GET"]}}],"collection":[{"href":"https:\/\/htb.com.pl\/index.php?rest_route=\/wp\/v2\/posts"}],"about":[{"href":"https:\/\/htb.com.pl\/index.php?rest_route=\/wp\/v2\/types\/post"}],"author":[{"embeddable":true,"href":"https:\/\/htb.com.pl\/index.php?rest_route=\/wp\/v2\/users\/1"}],"replies":[{"embeddable":true,"href":"https:\/\/htb.com.pl\/index.php?rest_route=%2Fwp%2Fv2%2Fcomments&post=123630"}],"version-history":[{"count":3,"href":"https:\/\/htb.com.pl\/index.php?rest_route=\/wp\/v2\/posts\/123630\/revisions"}],"predecessor-version":[{"id":124004,"href":"https:\/\/htb.com.pl\/index.php?rest_route=\/wp\/v2\/posts\/123630\/revisions\/124004"}],"wp:featuredmedia":[{"embeddable":true,"href":"https:\/\/htb.com.pl\/index.php?rest_route=\/wp\/v2\/media\/123632"}],"wp:attachment":[{"href":"https:\/\/htb.com.pl\/index.php?rest_route=%2Fwp%2Fv2%2Fmedia&parent=123630"}],"wp:term":[{"taxonomy":"category","embeddable":true,"href":"https:\/\/htb.com.pl\/index.php?rest_route=%2Fwp%2Fv2%2Fcategories&post=123630"},{"taxonomy":"post_tag","embeddable":true,"href":"https:\/\/htb.com.pl\/index.php?rest_route=%2Fwp%2Fv2%2Ftags&post=123630"}],"curies":[{"name":"wp","href":"https:\/\/api.w.org\/{rel}","templated":true}]}}