{"id":124952,"date":"2025-07-27T09:06:45","date_gmt":"2025-07-27T09:06:45","guid":{"rendered":"https:\/\/htb.com.pl\/?p=124952"},"modified":"2025-07-27T09:46:13","modified_gmt":"2025-07-27T09:46:13","slug":"urlop-2025","status":"publish","type":"post","link":"https:\/\/htb.com.pl\/?p=124952","title":{"rendered":"Urlop 2025"},"content":{"rendered":"\n<p><\/p>\n\n\n\n<p><\/p>\n\n\n\n<figure class=\"wp-block-image size-thumbnail\"><a href=\"https:\/\/htb.com.pl\/wp-content\/uploads\/2025\/07\/Urlop-2025.mp3\"><img loading=\"lazy\" decoding=\"async\" width=\"150\" height=\"150\" src=\"https:\/\/htb.com.pl\/wp-content\/uploads\/2018\/04\/posluchaj-150x150.jpg\" alt=\"\" class=\"wp-image-2020\" srcset=\"https:\/\/htb.com.pl\/wp-content\/uploads\/2018\/04\/posluchaj-150x150.jpg 150w, https:\/\/htb.com.pl\/wp-content\/uploads\/2018\/04\/posluchaj-300x300.jpg 300w, https:\/\/htb.com.pl\/wp-content\/uploads\/2018\/04\/posluchaj-100x100.jpg 100w\" sizes=\"auto, (max-width: 150px) 100vw, 150px\" \/><\/a><\/figure>\n\n\n\n<p>Co\u015b mi m\u00f3wi, \u017ce mo\u017ce to by\u0107 jeden z ostatnich moich urlop\u00f3w w \u017cyciu. I nie chodzi o to, \u017ce&nbsp; &#8211; no wiecie. Troch\u0119 ju\u017c \u017cyj\u0119 na tym \u015bwiecie. Chodzi o to, o czym rozmawia\u0142 nasz premier Donald Tusk z g\u0142\u00f3wnodowodz\u0105cym si\u0142 NATO w Europie, genera\u0142em &nbsp;Alexusem Grynkewichem.<strong>&nbsp;<\/strong>Cytat: &nbsp;\u201eDosta\u0142em precyzyjn\u0105 informacj\u0119 (m\u00f3wi Tusk), \u017ce wed\u0142ug wszystkich ocen w NATO i USA, Rosja i Chiny b\u0119d\u0105 gotowe do konfrontacji w skali globalnej ju\u017c w roku 2027 r. Amerykanie na serio przygotowuj\u0105 si\u0119 nie do sytuacji wojennej, ale do sytuacji, w kt\u00f3rej nasi globalni przeciwnicy b\u0119d\u0105 gotowi do takiej konfrontacji\u201d koniec cytatu.<\/p>\n\n\n\n<p>&nbsp; Putin robi wszystko, aby taki przekaz nie dotar\u0142 do Polak\u00f3w i ma na tym polu ogromne sukcesy. 6 sierpnia na prezydenta Polski zostanie zaprzysi\u0119\u017cony Karol Nawrocki. By\u0142 przygotowany plan B, na wypadek wygranej Rafa\u0142a Trzaskowskiego. \u017b\u00f3\u0142te koszulki Putina mia\u0142y rozpocz\u0105\u0107 rebeli\u0119 na naszej zachodniej granicy.&nbsp; Nie musieli \u2013 bia\u0142o, niebiesko, czerwona propaganda sprawi\u0142a, \u017ce kremlowska narracja w Polsce zwyci\u0119\u017cy\u0142a. Wi\u0119ksza cz\u0119\u015b\u0107 Polak\u00f3w, jako agresora Ukrain\u0119 okre\u015bli\u0142a i na propozycj\u0119 Putina, aby Polska Uni\u0119 Europejska opu\u015bci\u0142a si\u0119 zgodzi\u0142a. Samo zaprzysi\u0119\u017cenie te\u017c wykorzystali. Szymona Ho\u0142owni\u0119 nabrali &#8211; ten, co mu proponowali wypapla\u0142 i teraz ruscy b\u0119d\u0105 si\u0119 z nas \u015bmiali. Panie Marsza\u0142ku Sejmu, zamach stanu by\u0142 dekad\u0119 temu, to, co teraz zrobi\u0107 trzeba, to tamto odwr\u00f3ci\u0107, ale tak, \u017ceby kraju w perzyn\u0119 nie obr\u00f3ci\u0107.<\/p>\n\n\n\n<p>&nbsp; A kraj mamy pi\u0119kny.<\/p>\n\n\n\n<p>Jak zwykle podczas urlopu odwiedzi\u0142em Roztocze. Zwierzyniec nad Wieprzem to doskona\u0142e miejsce. Jest tu mn\u00f3stwo atrakcji, ale mo\u017ce to by\u0107 te\u017c doskona\u0142a baza wypadowa. Wymieni\u0119 tylko Zamo\u015b\u0107.<\/p>\n\n\n\n<p>&nbsp; &nbsp;Ceny? Jest \u201eBiedronka\u201d . Nocleg w hotelu Pan Tadeusz 230 z\u0142 za pok\u00f3j dwuosobowy ze \u015bniadaniem, obiad w hotelowej restauracji to tylko &nbsp;30 z\u0142 za danie dnia (dwa dania). Na kolacj\u0119 polecam nieprawdopodobne piwo Zwierzyniec,&nbsp; do tego smalec z ich chlebem lub placki warzywne.<\/p>\n\n\n\n<p>Ja obowi\u0105zkowo odwiedzi\u0142em moj\u0105 dawna szko\u0142\u0119 i ko\u015bci\u00f3\u0142ek &#8220;Na Wodzie&#8221;. <\/p>\n\n\n\n<figure class=\"wp-block-gallery has-nested-images columns-default is-cropped wp-block-gallery-1 is-layout-flex wp-block-gallery-is-layout-flex\">\n<figure class=\"wp-block-image size-large\"><a href=\"http:\/\/radiomaria.com.pl\/wp-content\/uploads\/2025\/07\/2207Urlopszkola.mp3\"><img loading=\"lazy\" decoding=\"async\" width=\"626\" height=\"984\" data-id=\"124956\" src=\"https:\/\/htb.com.pl\/wp-content\/uploads\/2025\/07\/Szkola.jpg\" alt=\"\" class=\"wp-image-124956\" srcset=\"https:\/\/htb.com.pl\/wp-content\/uploads\/2025\/07\/Szkola.jpg 626w, https:\/\/htb.com.pl\/wp-content\/uploads\/2025\/07\/Szkola-191x300.jpg 191w, https:\/\/htb.com.pl\/wp-content\/uploads\/2025\/07\/Szkola-600x943.jpg 600w\" sizes=\"auto, (max-width: 626px) 100vw, 626px\" \/><\/a><figcaption class=\"wp-element-caption\"><a href=\"http:\/\/radiomaria.com.pl\/wp-content\/uploads\/2025\/07\/2207Urlopszkola.mp3\">Moja szko\u0142a Technikum Przemys\u0142u Drzewnego w Zwierzy\u0144cu \u2013 dzi\u015b to ZESP\u00d3\u0141 SZK\u00d3\u0141 I PLAC\u00d3WEK O\u015aWIATOWYCH W ZWIERZY\u0143CU<\/a><\/figcaption><\/figure>\n\n\n\n<figure class=\"wp-block-image size-large\"><a href=\"http:\/\/radiomaria.com.pl\/wp-content\/uploads\/2025\/07\/26.07.Patron-Lesnikow-sw.-Jan-Gwalbert.mp3\"><img loading=\"lazy\" decoding=\"async\" width=\"768\" height=\"439\" data-id=\"124954\" src=\"https:\/\/htb.com.pl\/wp-content\/uploads\/2025\/07\/Kosciolek-768x439-1.png\" alt=\"\" class=\"wp-image-124954\" srcset=\"https:\/\/htb.com.pl\/wp-content\/uploads\/2025\/07\/Kosciolek-768x439-1.png 768w, https:\/\/htb.com.pl\/wp-content\/uploads\/2025\/07\/Kosciolek-768x439-1-300x171.png 300w, https:\/\/htb.com.pl\/wp-content\/uploads\/2025\/07\/Kosciolek-768x439-1-600x343.png 600w\" sizes=\"auto, (max-width: 768px) 100vw, 768px\" \/><\/a><figcaption class=\"wp-element-caption\"><a href=\"http:\/\/radiomaria.com.pl\/wp-content\/uploads\/2025\/07\/26.07.Patron-Lesnikow-sw.-Jan-Gwalbert.mp3\">Ko\u015bci\u00f3\u0142 rzymskokatolicki \u201eNa Wodzie\u201d pw. \u015bw. Jana Nepomucena<\/a><\/figcaption><\/figure>\n\n\n\n<figure class=\"wp-block-image size-large\"><a href=\"http:\/\/radiomaria.com.pl\/wp-content\/uploads\/2025\/07\/26.07.Patron-Lesnikow-sw.-Jan-Gwalbert.mp3\"><img loading=\"lazy\" decoding=\"async\" width=\"576\" height=\"1024\" data-id=\"124955\" src=\"https:\/\/htb.com.pl\/wp-content\/uploads\/2025\/07\/JanGwalbert-576x1024-1.jpg\" alt=\"\" class=\"wp-image-124955\" srcset=\"https:\/\/htb.com.pl\/wp-content\/uploads\/2025\/07\/JanGwalbert-576x1024-1.jpg 576w, https:\/\/htb.com.pl\/wp-content\/uploads\/2025\/07\/JanGwalbert-576x1024-1-169x300.jpg 169w\" sizes=\"auto, (max-width: 576px) 100vw, 576px\" \/><\/a><figcaption class=\"wp-element-caption\">\u015bw. Jan Gwalbert<\/figcaption><\/figure>\n<\/figure>\n\n\n\n<p>Spotka\u0142em tam Pani\u0105, kt\u00f3ra mieszka w pobliskiej wsi Sochy. Tam 1 czerwca 1943 roku Niemcy dokonali makabrycznej zbrodni. <\/p>\n\n\n\n<figure class=\"wp-block-gallery has-nested-images columns-default is-cropped wp-block-gallery-2 is-layout-flex wp-block-gallery-is-layout-flex\">\n<figure class=\"wp-block-image size-large\"><a href=\"http:\/\/radiomaria.com.pl\/wp-content\/uploads\/2025\/07\/2207MordSochy.mp3\"><img loading=\"lazy\" decoding=\"async\" width=\"768\" height=\"432\" data-id=\"124964\" src=\"https:\/\/htb.com.pl\/wp-content\/uploads\/2025\/07\/Sochycmentarz-768x432-1.jpg\" alt=\"\" class=\"wp-image-124964\" srcset=\"https:\/\/htb.com.pl\/wp-content\/uploads\/2025\/07\/Sochycmentarz-768x432-1.jpg 768w, https:\/\/htb.com.pl\/wp-content\/uploads\/2025\/07\/Sochycmentarz-768x432-1-300x169.jpg 300w, https:\/\/htb.com.pl\/wp-content\/uploads\/2025\/07\/Sochycmentarz-768x432-1-600x338.jpg 600w\" sizes=\"auto, (max-width: 768px) 100vw, 768px\" \/><\/a><figcaption class=\"wp-element-caption\">Cmentarz<\/figcaption><\/figure>\n\n\n\n<figure class=\"wp-block-image size-large\"><a href=\"http:\/\/radiomaria.com.pl\/wp-content\/uploads\/2025\/07\/2207MordSochy.mp3\"><img loading=\"lazy\" decoding=\"async\" width=\"768\" height=\"432\" data-id=\"124965\" src=\"https:\/\/htb.com.pl\/wp-content\/uploads\/2025\/07\/Sochytablica-768x432-1.jpg\" alt=\"\" class=\"wp-image-124965\" srcset=\"https:\/\/htb.com.pl\/wp-content\/uploads\/2025\/07\/Sochytablica-768x432-1.jpg 768w, https:\/\/htb.com.pl\/wp-content\/uploads\/2025\/07\/Sochytablica-768x432-1-300x169.jpg 300w, https:\/\/htb.com.pl\/wp-content\/uploads\/2025\/07\/Sochytablica-768x432-1-600x338.jpg 600w\" sizes=\"auto, (max-width: 768px) 100vw, 768px\" \/><\/a><figcaption class=\"wp-element-caption\">Tablica<\/figcaption><\/figure>\n\n\n\n<figure class=\"wp-block-image size-large\"><a href=\"http:\/\/radiomaria.com.pl\/wp-content\/uploads\/2025\/07\/2207MordSochy.mp3\"><img loading=\"lazy\" decoding=\"async\" width=\"768\" height=\"432\" data-id=\"124966\" src=\"https:\/\/htb.com.pl\/wp-content\/uploads\/2025\/07\/Sochynagrobek-768x432-1.jpg\" alt=\"\" class=\"wp-image-124966\" srcset=\"https:\/\/htb.com.pl\/wp-content\/uploads\/2025\/07\/Sochynagrobek-768x432-1.jpg 768w, https:\/\/htb.com.pl\/wp-content\/uploads\/2025\/07\/Sochynagrobek-768x432-1-300x169.jpg 300w, https:\/\/htb.com.pl\/wp-content\/uploads\/2025\/07\/Sochynagrobek-768x432-1-600x338.jpg 600w\" sizes=\"auto, (max-width: 768px) 100vw, 768px\" \/><\/a><figcaption class=\"wp-element-caption\">Jedna z tabliczek nagrobnych<\/figcaption><\/figure>\n<\/figure>\n\n\n\n<p><\/p>\n\n\n\n<p>Pani opowiedzia\u0142a mi histori\u0119, kt\u00f3r\u0105 us\u0142ysza\u0142a od swojej te\u015bciowej, kt\u00f3r\u0105 teraz si\u0119 opiekuje. Niemiec zastrzeli\u0142 karmi\u0105c\u0105 matk\u0119, dziecko prze\u017cy\u0142o \u2013 nie przesta\u0142o ssa\u0107. To by\u0142a dziewczynka, \u017cyje do dzi\u015b, m\u00f3wi\u0142a pani \u2013 gdzie\u015b w Warszawie. Natomiast jej te\u015bciowa ca\u0142e \u017cycie ten obraz ma przed oczami. Martwi si\u0119, \u017ce jak je zamknie ten obraz zniknie. Nie zniknie prosz\u0119 Pani.<\/p>\n\n\n\n<p>Pami\u0119tamy o naszych bohaterach. To, \u017ce&nbsp; akurat teraz takich polityk\u00f3w \u017ce\u015bmy wybrali, kt\u00f3rzy niekt\u00f3re fakty z naszej historii wymazali, nic nie znaczy. O bohaterach Powstania Styczniowego z roku 1863, <a href=\"http:\/\/radiomaria.com.pl\/wp-content\/uploads\/2025\/07\/2307BukowaGora.mp3\"><img loading=\"lazy\" decoding=\"async\" width=\"150\" height=\"84\" class=\"wp-image-124973\" style=\"width: 150px;\" src=\"https:\/\/htb.com.pl\/wp-content\/uploads\/2025\/07\/Park1863-768x432-1.jpg\" alt=\"\" srcset=\"https:\/\/htb.com.pl\/wp-content\/uploads\/2025\/07\/Park1863-768x432-1.jpg 768w, https:\/\/htb.com.pl\/wp-content\/uploads\/2025\/07\/Park1863-768x432-1-300x169.jpg 300w, https:\/\/htb.com.pl\/wp-content\/uploads\/2025\/07\/Park1863-768x432-1-600x338.jpg 600w\" sizes=\"auto, (max-width: 150px) 100vw, 150px\" \/> <\/a>czy o naszych obro\u0144cach z roku 1939 <a href=\"http:\/\/radiomaria.com.pl\/wp-content\/uploads\/2025\/07\/2307BukowaGora.mp3\"><img loading=\"lazy\" decoding=\"async\" width=\"150\" height=\"84\" class=\"wp-image-124975\" style=\"width: 150px;\" src=\"https:\/\/htb.com.pl\/wp-content\/uploads\/2025\/07\/Park1939-768x432-1.jpg\" alt=\"\" srcset=\"https:\/\/htb.com.pl\/wp-content\/uploads\/2025\/07\/Park1939-768x432-1.jpg 768w, https:\/\/htb.com.pl\/wp-content\/uploads\/2025\/07\/Park1939-768x432-1-300x169.jpg 300w, https:\/\/htb.com.pl\/wp-content\/uploads\/2025\/07\/Park1939-768x432-1-600x338.jpg 600w\" sizes=\"auto, (max-width: 150px) 100vw, 150px\" \/> <\/a>b\u0119dziemy pami\u0119tali. Ju\u017c wkr\u00f3tce odnowimy ich stare groby. Oby\u015bmy tylko kolejnych bohater\u00f3w tam nie chowali.<\/p>\n","protected":false},"excerpt":{"rendered":"<p>Co\u015b mi m\u00f3wi, \u017ce mo\u017ce to by\u0107 jeden z ostatnich moich urlop\u00f3w w \u017cyciu. I nie chodzi o to, \u017ce&nbsp; &#8211; no wiecie. Troch\u0119 ju\u017c \u017cyj\u0119 na tym \u015bwiecie. Chodzi o to, o czym rozmawia\u0142 nasz premier Donald Tusk z g\u0142\u00f3wnodowodz\u0105cym si\u0142 NATO w Europie, genera\u0142em &nbsp;Alexusem Grynkewichem.&nbsp;Cytat: &nbsp;\u201eDosta\u0142em precyzyjn\u0105 informacj\u0119 (m\u00f3wi Tusk), \u017ce wed\u0142ug [&hellip;]<\/p>\n","protected":false},"author":1,"featured_media":124977,"comment_status":"open","ping_status":"open","sticky":false,"template":"","format":"standard","meta":{"_jetpack_memberships_contains_paid_content":false,"footnotes":""},"categories":[4],"tags":[],"class_list":["post-124952","post","type-post","status-publish","format-standard","has-post-thumbnail","hentry","category-daty-i-fakty-blog"],"jetpack_sharing_enabled":true,"jetpack_featured_media_url":"https:\/\/htb.com.pl\/wp-content\/uploads\/2025\/07\/Parkwidok-768x432-1.jpg","_links":{"self":[{"href":"https:\/\/htb.com.pl\/index.php?rest_route=\/wp\/v2\/posts\/124952","targetHints":{"allow":["GET"]}}],"collection":[{"href":"https:\/\/htb.com.pl\/index.php?rest_route=\/wp\/v2\/posts"}],"about":[{"href":"https:\/\/htb.com.pl\/index.php?rest_route=\/wp\/v2\/types\/post"}],"author":[{"embeddable":true,"href":"https:\/\/htb.com.pl\/index.php?rest_route=\/wp\/v2\/users\/1"}],"replies":[{"embeddable":true,"href":"https:\/\/htb.com.pl\/index.php?rest_route=%2Fwp%2Fv2%2Fcomments&post=124952"}],"version-history":[{"count":15,"href":"https:\/\/htb.com.pl\/index.php?rest_route=\/wp\/v2\/posts\/124952\/revisions"}],"predecessor-version":[{"id":124983,"href":"https:\/\/htb.com.pl\/index.php?rest_route=\/wp\/v2\/posts\/124952\/revisions\/124983"}],"wp:featuredmedia":[{"embeddable":true,"href":"https:\/\/htb.com.pl\/index.php?rest_route=\/wp\/v2\/media\/124977"}],"wp:attachment":[{"href":"https:\/\/htb.com.pl\/index.php?rest_route=%2Fwp%2Fv2%2Fmedia&parent=124952"}],"wp:term":[{"taxonomy":"category","embeddable":true,"href":"https:\/\/htb.com.pl\/index.php?rest_route=%2Fwp%2Fv2%2Fcategories&post=124952"},{"taxonomy":"post_tag","embeddable":true,"href":"https:\/\/htb.com.pl\/index.php?rest_route=%2Fwp%2Fv2%2Ftags&post=124952"}],"curies":[{"name":"wp","href":"https:\/\/api.w.org\/{rel}","templated":true}]}}