{"id":125308,"date":"2025-08-03T09:41:15","date_gmt":"2025-08-03T09:41:15","guid":{"rendered":"https:\/\/htb.com.pl\/?p=125308"},"modified":"2025-08-03T10:19:59","modified_gmt":"2025-08-03T10:19:59","slug":"czy-to-nacjonalizm","status":"publish","type":"post","link":"https:\/\/htb.com.pl\/?p=125308","title":{"rendered":"Czy to nacjonalizm"},"content":{"rendered":"\n<p><\/p>\n\n\n\n<p><\/p>\n\n\n\n<figure class=\"wp-block-image size-thumbnail\"><a href=\"https:\/\/htb.com.pl\/wp-content\/uploads\/2025\/08\/Czy-to-nacjonalizm.mp3\"><img loading=\"lazy\" decoding=\"async\" width=\"150\" height=\"150\" src=\"https:\/\/htb.com.pl\/wp-content\/uploads\/2018\/04\/posluchaj-150x150.jpg\" alt=\"\" class=\"wp-image-2020\" srcset=\"https:\/\/htb.com.pl\/wp-content\/uploads\/2018\/04\/posluchaj-150x150.jpg 150w, https:\/\/htb.com.pl\/wp-content\/uploads\/2018\/04\/posluchaj-300x300.jpg 300w, https:\/\/htb.com.pl\/wp-content\/uploads\/2018\/04\/posluchaj-100x100.jpg 100w\" sizes=\"auto, (max-width: 150px) 100vw, 150px\" \/><\/a><\/figure>\n\n\n\n<p>W 1985 roku dwaj m\u0142odzi Polacy, bracia Zieli\u0144scy, uciekli do Szwecji pod naczep\u0105&nbsp; tira. Mieli wtedy 15 i 13 lat. To wszystko dobrze si\u0119 sko\u0144czy\u0142o. Powsta\u0142 nawet film \u201e300 mil do nieba\u201d. To niebo dla tych ch\u0142opak\u00f3w, to by\u0142 wtedy kapitalizm. Jest taka scena w tym filmie, gdzie jeden z nich pyta szwedzkiego celnika, kt\u00f3ry ich odkry\u0142 \u2013 czy to kapitalizm?<\/p>\n\n\n\n<p>&nbsp; Ja nigdy nigdzie nie ucieka\u0142em i nigdy niczego \u2013 poza \u017bon\u0105 si\u0119 nie ba\u0142em. Ale teraz si\u0119 boj\u0119. Gdy Polacy Karola Nawrockiego na prezydenta wybrali \u2013 zapyta\u0142em. Czy to nacjonalizm?<\/p>\n\n\n\n<p>&nbsp; Nacjonalizm to ideologia i ruch polityczny, kt\u00f3ry stawia nar\u00f3d jako najwy\u017csz\u0105 warto\u015b\u0107 i podstaw\u0119 to\u017csamo\u015bci spo\u0142ecznej i kulturowej. Nacjonali\u015bci wierz\u0105, \u017ce nar\u00f3d jest naturaln\u0105 i najwa\u017cniejsz\u0105 jednostk\u0105 spo\u0142eczn\u0105, do kt\u00f3rej przynale\u017cno\u015b\u0107 powinna by\u0107 podstaw\u0105 dzia\u0142a\u0144 politycznych.<\/p>\n\n\n\n<p>&nbsp; Ja za\u015b uwa\u017cam, \u017ce najwa\u017cniejsz\u0105 kom\u00f3rk\u0105 spo\u0142eczn\u0105 jest rodzina. To tam w rodzinie, jednostka uczy si\u0119 podstawowych wzorc\u00f3w, zachowa\u0144 i norm spo\u0142ecznych.<\/p>\n\n\n\n<p>&nbsp; Przeczyta\u0142em to co napisa\u0142em i zrozumia\u0142em \u2013 dlaczego ja na Karola Nawrockiego nie g\u0142osowa\u0142em. Wiem, \u017ce i wy rozumiecie dlaczego na niego g\u0142osujecie albo nie g\u0142osujecie \u2013 ale si\u0119 do tego w wi\u0119kszo\u015bci nie przyznajecie. Dlatego jest tyle z\u0142a na \u015bwiecie.<\/p>\n\n\n\n<p>&nbsp; Kiedy\u015b prawie w ka\u017cdym polskim domu by\u0142 obraz \u201e\u015aw. Rodziny\u201d albo \u201eOstatnia wieczerza\u201d. W domu rodzinnym mojej \u017bony Dorotki by\u0142 (i jest do dzi\u015b) obraz, kt\u00f3ry obstalowa\u0142 jej Tata. To p\u0142\u00f3tno \u0142\u0105czy te dwa wymienione wy\u017cej obrazy.<\/p>\n\n\n\n<p>&nbsp; Zanim pozna\u0142em Dorotk\u0119 wiedzia\u0142em jedynie, \u017ce nacjonalizm jest z\u0142em: upadek pot\u0119gi Jagiellon\u00f3w, Sanacja <a href=\"http:\/\/radiomaria.com.pl\/wp-content\/uploads\/2025\/08\/01.08.Przywrocic-znaqczenie.mp3\"><img loading=\"lazy\" decoding=\"async\" width=\"150\" height=\"107\" class=\"wp-image-125317\" style=\"width: 150px;\" src=\"https:\/\/htb.com.pl\/wp-content\/uploads\/2025\/08\/Majowy.png\" alt=\"\" srcset=\"https:\/\/htb.com.pl\/wp-content\/uploads\/2025\/08\/Majowy.png 925w, https:\/\/htb.com.pl\/wp-content\/uploads\/2025\/08\/Majowy-300x213.png 300w, https:\/\/htb.com.pl\/wp-content\/uploads\/2025\/08\/Majowy-768x545.png 768w, https:\/\/htb.com.pl\/wp-content\/uploads\/2025\/08\/Majowy-600x426.png 600w\" sizes=\"auto, (max-width: 150px) 100vw, 150px\" \/> <\/a>i kl\u0119ska wrze\u015bniowa, a potem to wszystko \u201d<em>apiat\u201d<\/em> od nowa. Dzi\u015b wiem dlaczego tak jest. Kiedy mi\u0142o\u015bci bli\u017aniego uczy\u0142a rodzina, wszystko gra\u0142o. A jak si\u0119 okazywa\u0142o, \u017ce tylko swojego bli\u017aniego kocha\u0107 nale\u017ca\u0142o &#8211; Pa\u0144stwo Polskie upada\u0142o.<\/p>\n\n\n\n<p>&nbsp; Ju\u017c si\u0119 wydawa\u0142o, \u017ce po wyborach 15 pa\u017adziernika 2023 roku wszystko b\u0119dzie gra\u0142o. Finanse si\u0119 ustabilizowa\u0142o, <\/p>\n\n\n\n<figure class=\"wp-block-image size-full\"><a href=\"http:\/\/radiomaria.com.pl\/wp-content\/uploads\/2025\/08\/01.08.Inflacja-spada.mp3\"><img loading=\"lazy\" decoding=\"async\" width=\"971\" height=\"529\" src=\"https:\/\/htb.com.pl\/wp-content\/uploads\/2025\/08\/InflacjaWmaly.png\" alt=\"\" class=\"wp-image-125319\" srcset=\"https:\/\/htb.com.pl\/wp-content\/uploads\/2025\/08\/InflacjaWmaly.png 971w, https:\/\/htb.com.pl\/wp-content\/uploads\/2025\/08\/InflacjaWmaly-300x163.png 300w, https:\/\/htb.com.pl\/wp-content\/uploads\/2025\/08\/InflacjaWmaly-768x418.png 768w, https:\/\/htb.com.pl\/wp-content\/uploads\/2025\/08\/InflacjaWmaly-600x327.png 600w\" sizes=\"auto, (max-width: 971px) 100vw, 971px\" \/><\/a><\/figure>\n\n\n\n<p>prawo i sprawiedliwo\u015b\u0107 znowu ma\u0142a liter\u0105 si\u0119 pisa\u0142o \u2013 i nagle trach! Nacjonalist\u0119 na prezydenta si\u0119 wybra\u0142o. Mnie i moj\u0105 \u017bon\u0119 Dorotk\u0119 to ju\u017c niewiele b\u0119dzie kosztowa\u0142o \u2013 zap\u0142ac\u0105 m\u0142odzi \u2013 i to nie ma\u0142o. Wiem, ile nas sp\u0142acanie d\u0142ug\u00f3w Gierka kosztowa\u0142o. Dzi\u015b d\u0142ugi s\u0105 niepor\u00f3wnywalnie wi\u0119ksze. A to, \u017ce pa\u0144stwo Polskie jeszcze nie zbankrutowa\u0142o to tylko dlatego, \u017ce do Unii Europejskiej wej\u015b\u0107 nam si\u0119 uda\u0142o.<\/p>\n\n\n\n<p>&nbsp; Ale jest nadzieja. Putinowi Ukrainy znacjonalizowa\u0107 si\u0119 nie uda\u0142o. Dop\u00f3ki Ukrai\u0144cy walcz\u0105 z Putinem na froncie &#8211; my nie musimy. <a href=\"http:\/\/radiomaria.com.pl\/wp-content\/uploads\/2025\/07\/28.07.-Ukraina-walczy.mp3\"><img loading=\"lazy\" decoding=\"async\" width=\"150\" height=\"106\" class=\"wp-image-125311\" style=\"width: 150px;\" src=\"https:\/\/htb.com.pl\/wp-content\/uploads\/2025\/08\/Ukraina-walczymaly.png\" alt=\"\" srcset=\"https:\/\/htb.com.pl\/wp-content\/uploads\/2025\/08\/Ukraina-walczymaly.png 706w, https:\/\/htb.com.pl\/wp-content\/uploads\/2025\/08\/Ukraina-walczymaly-300x212.png 300w, https:\/\/htb.com.pl\/wp-content\/uploads\/2025\/08\/Ukraina-walczymaly-600x425.png 600w\" sizes=\"auto, (max-width: 150px) 100vw, 150px\" \/> <\/a><a href=\"http:\/\/radiomaria.com.pl\/wp-content\/uploads\/2025\/07\/29.07.Zly-wzorzec.mp3\"><img loading=\"lazy\" decoding=\"async\" width=\"150\" height=\"76\" class=\"wp-image-125313\" style=\"width: 150px;\" src=\"https:\/\/htb.com.pl\/wp-content\/uploads\/2025\/08\/Dywersjamaly.png\" alt=\"\" srcset=\"https:\/\/htb.com.pl\/wp-content\/uploads\/2025\/08\/Dywersjamaly.png 988w, https:\/\/htb.com.pl\/wp-content\/uploads\/2025\/08\/Dywersjamaly-300x152.png 300w, https:\/\/htb.com.pl\/wp-content\/uploads\/2025\/08\/Dywersjamaly-768x389.png 768w, https:\/\/htb.com.pl\/wp-content\/uploads\/2025\/08\/Dywersjamaly-600x304.png 600w\" sizes=\"auto, (max-width: 150px) 100vw, 150px\" \/> <\/a><a href=\"http:\/\/radiomaria.com.pl\/wp-content\/uploads\/2025\/07\/30.07.Gra-uchozcami.mp3\"><img loading=\"lazy\" decoding=\"async\" width=\"150\" height=\"86\" class=\"wp-image-125315\" style=\"width: 150px;\" src=\"https:\/\/htb.com.pl\/wp-content\/uploads\/2025\/08\/Uchodzcymaly.png\" alt=\"\" srcset=\"https:\/\/htb.com.pl\/wp-content\/uploads\/2025\/08\/Uchodzcymaly.png 989w, https:\/\/htb.com.pl\/wp-content\/uploads\/2025\/08\/Uchodzcymaly-300x172.png 300w, https:\/\/htb.com.pl\/wp-content\/uploads\/2025\/08\/Uchodzcymaly-768x440.png 768w, https:\/\/htb.com.pl\/wp-content\/uploads\/2025\/08\/Uchodzcymaly-600x344.png 600w\" sizes=\"auto, (max-width: 150px) 100vw, 150px\" \/> <\/a>Mo\u017ce o tym przy stole, przed posi\u0142kiem pomy\u015blimy \u2013 tak si\u0119 pomodlimy i pok\u00f3j dla Polskiego Narodu ocalimy.<\/p>\n","protected":false},"excerpt":{"rendered":"<p>W 1985 roku dwaj m\u0142odzi Polacy, bracia Zieli\u0144scy, uciekli do Szwecji pod naczep\u0105&nbsp; tira. Mieli wtedy 15 i 13 lat. To wszystko dobrze si\u0119 sko\u0144czy\u0142o. Powsta\u0142 nawet film \u201e300 mil do nieba\u201d. To niebo dla tych ch\u0142opak\u00f3w, to by\u0142 wtedy kapitalizm. Jest taka scena w tym filmie, gdzie jeden z nich pyta szwedzkiego celnika, kt\u00f3ry [&hellip;]<\/p>\n","protected":false},"author":1,"featured_media":125310,"comment_status":"open","ping_status":"open","sticky":false,"template":"","format":"standard","meta":{"_jetpack_memberships_contains_paid_content":false,"footnotes":""},"categories":[4],"tags":[1028],"class_list":["post-125308","post","type-post","status-publish","format-standard","has-post-thumbnail","hentry","category-daty-i-fakty-blog","tag-czy-to-nacjonalizm"],"jetpack_sharing_enabled":true,"jetpack_featured_media_url":"https:\/\/htb.com.pl\/wp-content\/uploads\/2025\/08\/Rodzina.jpg","_links":{"self":[{"href":"https:\/\/htb.com.pl\/index.php?rest_route=\/wp\/v2\/posts\/125308","targetHints":{"allow":["GET"]}}],"collection":[{"href":"https:\/\/htb.com.pl\/index.php?rest_route=\/wp\/v2\/posts"}],"about":[{"href":"https:\/\/htb.com.pl\/index.php?rest_route=\/wp\/v2\/types\/post"}],"author":[{"embeddable":true,"href":"https:\/\/htb.com.pl\/index.php?rest_route=\/wp\/v2\/users\/1"}],"replies":[{"embeddable":true,"href":"https:\/\/htb.com.pl\/index.php?rest_route=%2Fwp%2Fv2%2Fcomments&post=125308"}],"version-history":[{"count":7,"href":"https:\/\/htb.com.pl\/index.php?rest_route=\/wp\/v2\/posts\/125308\/revisions"}],"predecessor-version":[{"id":125324,"href":"https:\/\/htb.com.pl\/index.php?rest_route=\/wp\/v2\/posts\/125308\/revisions\/125324"}],"wp:featuredmedia":[{"embeddable":true,"href":"https:\/\/htb.com.pl\/index.php?rest_route=\/wp\/v2\/media\/125310"}],"wp:attachment":[{"href":"https:\/\/htb.com.pl\/index.php?rest_route=%2Fwp%2Fv2%2Fmedia&parent=125308"}],"wp:term":[{"taxonomy":"category","embeddable":true,"href":"https:\/\/htb.com.pl\/index.php?rest_route=%2Fwp%2Fv2%2Fcategories&post=125308"},{"taxonomy":"post_tag","embeddable":true,"href":"https:\/\/htb.com.pl\/index.php?rest_route=%2Fwp%2Fv2%2Ftags&post=125308"}],"curies":[{"name":"wp","href":"https:\/\/api.w.org\/{rel}","templated":true}]}}