{"id":125651,"date":"2025-08-10T09:35:52","date_gmt":"2025-08-10T09:35:52","guid":{"rendered":"https:\/\/htb.com.pl\/?p=125651"},"modified":"2025-08-10T10:34:20","modified_gmt":"2025-08-10T10:34:20","slug":"tak-to-nacjonalizm","status":"publish","type":"post","link":"https:\/\/htb.com.pl\/?p=125651","title":{"rendered":"Tak \u2013 to nacjonalizm"},"content":{"rendered":"\n<p><\/p>\n\n\n\n<p><\/p>\n\n\n\n<figure class=\"wp-block-image size-thumbnail\"><a href=\"https:\/\/htb.com.pl\/wp-content\/uploads\/2025\/08\/Tak-\u2013-to-nacjonalizm.mp3\"><img loading=\"lazy\" decoding=\"async\" width=\"150\" height=\"150\" src=\"https:\/\/htb.com.pl\/wp-content\/uploads\/2018\/04\/posluchaj-150x150.jpg\" alt=\"\" class=\"wp-image-2020\" srcset=\"https:\/\/htb.com.pl\/wp-content\/uploads\/2018\/04\/posluchaj-150x150.jpg 150w, https:\/\/htb.com.pl\/wp-content\/uploads\/2018\/04\/posluchaj-300x300.jpg 300w, https:\/\/htb.com.pl\/wp-content\/uploads\/2018\/04\/posluchaj-100x100.jpg 100w\" sizes=\"auto, (max-width: 150px) 100vw, 150px\" \/><\/a><\/figure>\n\n\n\n<p>W poprzednim wpisie na moim blogu DATY I FAKTY pyta\u0142em, czy to, co si\u0119 sta\u0142o, \u017ce polskie spo\u0142ecze\u0144stwo Karola Nawrockiego na prezydenta wybra\u0142o \u2013 to nacjonalizm. <a href=\"http:\/\/radiomaria.com.pl\/wp-content\/uploads\/2025\/08\/07.07.-Zaprzysiezenie-Karola-Nawrockiego.mp3\"><img loading=\"lazy\" decoding=\"async\" width=\"150\" height=\"100\" class=\"wp-image-125657\" style=\"width: 150px;\" src=\"https:\/\/htb.com.pl\/wp-content\/uploads\/2025\/08\/Zaprzysiezenie-Karola-Nawrockiego.jpg\" alt=\"\" srcset=\"https:\/\/htb.com.pl\/wp-content\/uploads\/2025\/08\/Zaprzysiezenie-Karola-Nawrockiego.jpg 751w, https:\/\/htb.com.pl\/wp-content\/uploads\/2025\/08\/Zaprzysiezenie-Karola-Nawrockiego-300x200.jpg 300w, https:\/\/htb.com.pl\/wp-content\/uploads\/2025\/08\/Zaprzysiezenie-Karola-Nawrockiego-600x399.jpg 600w\" sizes=\"auto, (max-width: 150px) 100vw, 150px\" \/> <\/a>Min\u0105\u0142 tydzie\u0144 i sobie odpowiedzia\u0142em. Tak \u2013 to nacjonalizm. <a href=\"http:\/\/radiomaria.com.pl\/wp-content\/uploads\/2025\/08\/08.08.-Prasa-zagraniczna-i-wyborze-Nawroickiego.mp3\"><img loading=\"lazy\" decoding=\"async\" width=\"150\" height=\"84\" class=\"wp-image-125659\" style=\"width: 150px;\" src=\"https:\/\/htb.com.pl\/wp-content\/uploads\/2025\/08\/Prasa-rosyjskamaly.png\" alt=\"\" srcset=\"https:\/\/htb.com.pl\/wp-content\/uploads\/2025\/08\/Prasa-rosyjskamaly.png 960w, https:\/\/htb.com.pl\/wp-content\/uploads\/2025\/08\/Prasa-rosyjskamaly-300x169.png 300w, https:\/\/htb.com.pl\/wp-content\/uploads\/2025\/08\/Prasa-rosyjskamaly-768x432.png 768w, https:\/\/htb.com.pl\/wp-content\/uploads\/2025\/08\/Prasa-rosyjskamaly-600x338.png 600w\" sizes=\"auto, (max-width: 150px) 100vw, 150px\" \/><\/a><\/p>\n\n\n\n<p>\u00a0 Cieszy si\u0119 bia\u0142o, niebiesko, czerwona propaganda. <a href=\"http:\/\/radiomaria.com.pl\/wp-content\/uploads\/2025\/08\/10.08.Rocznice.mp3\"><img loading=\"lazy\" decoding=\"async\" width=\"150\" height=\"93\" class=\"wp-image-125661\" style=\"width: 150px;\" src=\"https:\/\/htb.com.pl\/wp-content\/uploads\/2025\/08\/Rocznica-Trump.png\" alt=\"\" srcset=\"https:\/\/htb.com.pl\/wp-content\/uploads\/2025\/08\/Rocznica-Trump.png 812w, https:\/\/htb.com.pl\/wp-content\/uploads\/2025\/08\/Rocznica-Trump-300x187.png 300w, https:\/\/htb.com.pl\/wp-content\/uploads\/2025\/08\/Rocznica-Trump-768x478.png 768w, https:\/\/htb.com.pl\/wp-content\/uploads\/2025\/08\/Rocznica-Trump-600x373.png 600w\" sizes=\"auto, (max-width: 150px) 100vw, 150px\" \/> <\/a>\u0179li politycy id\u0105 za ciosem. B\u0119d\u0105 pr\u00f3bowali tego, co w 1926 roku ludzie Pi\u0142sudskiego dokonali. Historycy Zamachem Majowym to nazwali, <a href=\"http:\/\/radiomaria.com.pl\/wp-content\/uploads\/2025\/08\/05.08-Nasz-zamach-majowy.mp3\"><img loading=\"lazy\" decoding=\"async\" width=\"150\" height=\"85\" class=\"wp-image-125653\" style=\"width: 150px;\" src=\"https:\/\/htb.com.pl\/wp-content\/uploads\/2025\/08\/Naszzamachmaly.png\" alt=\"\" srcset=\"https:\/\/htb.com.pl\/wp-content\/uploads\/2025\/08\/Naszzamachmaly.png 978w, https:\/\/htb.com.pl\/wp-content\/uploads\/2025\/08\/Naszzamachmaly-300x169.png 300w, https:\/\/htb.com.pl\/wp-content\/uploads\/2025\/08\/Naszzamachmaly-768x433.png 768w, https:\/\/htb.com.pl\/wp-content\/uploads\/2025\/08\/Naszzamachmaly-600x338.png 600w\" sizes=\"auto, (max-width: 150px) 100vw, 150px\" \/> <\/a>ale o tym, \u017ce wtedy w kierunku hitlerowskiego narodowego socjalizmu i w\u0142oskiego faszyzmu \u017ce\u015bmy zmierzali \u2013 nie dodawali. A tych, co przed tym ostrzegali i na demokracj\u0119 stawiali, \u017ali politycy w Berezie Kartuskiej zamykali albo w Procesie Brzeskim na wi\u0119zienie skazywali. Wincentego Witosa dopiero teraz \u017ce\u015bmy zrehabilitowali \u2013 cho\u0107 politycy oficjalnie tego nie podali. Takich \u017ce\u015bmy wybrali. <a href=\"http:\/\/radiomaria.com.pl\/wp-content\/uploads\/2025\/08\/06.08.Macierewicz-bez-immunitetu.mp3\"><img loading=\"lazy\" decoding=\"async\" width=\"150\" height=\"89\" class=\"wp-image-125655\" style=\"width: 150px;\" src=\"https:\/\/htb.com.pl\/wp-content\/uploads\/2025\/08\/Macierewiczmaly.png\" alt=\"\" srcset=\"https:\/\/htb.com.pl\/wp-content\/uploads\/2025\/08\/Macierewiczmaly.png 972w, https:\/\/htb.com.pl\/wp-content\/uploads\/2025\/08\/Macierewiczmaly-300x179.png 300w, https:\/\/htb.com.pl\/wp-content\/uploads\/2025\/08\/Macierewiczmaly-768x457.png 768w, https:\/\/htb.com.pl\/wp-content\/uploads\/2025\/08\/Macierewiczmaly-600x357.png 600w\" sizes=\"auto, (max-width: 150px) 100vw, 150px\" \/> <\/a>Oni dzi\u015b w wi\u0119kszo\u015bci J\u00f3zefowi Pi\u0142sudskiemu racj\u0119 przyznaj\u0105 i tak, jak wtedy sanacja, demokracj\u0119 i polityk\u0119 liberaln\u0105 zwalczaj\u0105.<\/p>\n\n\n\n<p>&nbsp; Na razie udaj\u0105, \u017ce Putina za sojusznika nie maj\u0105 \u2013 i Ukrainie pomagaj\u0105. Ukrai\u0144cy to nam pomagaj\u0105. Za po\u0142ow\u0119 wzrostu naszego PKB odpowiadaj\u0105.<\/p>\n\n\n\n<p>&nbsp; W 1918 roku niepodleg\u0142o\u015b\u0107 odzyskali\u015bmy dzi\u0119ki Paderewskiemu. Socjalista Pi\u0142sudski, Hitlera uwa\u017ca\u0142 za partnera, a nacjonalista Dmowski stawia\u0142 na Rosj\u0119. We wrze\u015bniu 1939 znowu trzeba by\u0142o stawia\u0107 na Paderewskiego.<\/p>\n\n\n\n<p>Dzi\u015b to wszystko wr\u00f3ci\u0142o!<\/p>\n\n\n\n<p>Dlaczego?!<\/p>\n","protected":false},"excerpt":{"rendered":"<p>W poprzednim wpisie na moim blogu DATY I FAKTY pyta\u0142em, czy to, co si\u0119 sta\u0142o, \u017ce polskie spo\u0142ecze\u0144stwo Karola Nawrockiego na prezydenta wybra\u0142o \u2013 to nacjonalizm. Min\u0105\u0142 tydzie\u0144 i sobie odpowiedzia\u0142em. Tak \u2013 to nacjonalizm. \u00a0 Cieszy si\u0119 bia\u0142o, niebiesko, czerwona propaganda. \u0179li politycy id\u0105 za ciosem. B\u0119d\u0105 pr\u00f3bowali tego, co w 1926 roku ludzie [&hellip;]<\/p>\n","protected":false},"author":1,"featured_media":125663,"comment_status":"open","ping_status":"open","sticky":false,"template":"","format":"standard","meta":{"_jetpack_memberships_contains_paid_content":false,"footnotes":""},"categories":[4],"tags":[1029],"class_list":["post-125651","post","type-post","status-publish","format-standard","has-post-thumbnail","hentry","category-daty-i-fakty-blog","tag-tak-to-nacjonalizm"],"jetpack_sharing_enabled":true,"jetpack_featured_media_url":"https:\/\/htb.com.pl\/wp-content\/uploads\/2025\/08\/Nacjonalizm.png","_links":{"self":[{"href":"https:\/\/htb.com.pl\/index.php?rest_route=\/wp\/v2\/posts\/125651","targetHints":{"allow":["GET"]}}],"collection":[{"href":"https:\/\/htb.com.pl\/index.php?rest_route=\/wp\/v2\/posts"}],"about":[{"href":"https:\/\/htb.com.pl\/index.php?rest_route=\/wp\/v2\/types\/post"}],"author":[{"embeddable":true,"href":"https:\/\/htb.com.pl\/index.php?rest_route=\/wp\/v2\/users\/1"}],"replies":[{"embeddable":true,"href":"https:\/\/htb.com.pl\/index.php?rest_route=%2Fwp%2Fv2%2Fcomments&post=125651"}],"version-history":[{"count":7,"href":"https:\/\/htb.com.pl\/index.php?rest_route=\/wp\/v2\/posts\/125651\/revisions"}],"predecessor-version":[{"id":125669,"href":"https:\/\/htb.com.pl\/index.php?rest_route=\/wp\/v2\/posts\/125651\/revisions\/125669"}],"wp:featuredmedia":[{"embeddable":true,"href":"https:\/\/htb.com.pl\/index.php?rest_route=\/wp\/v2\/media\/125663"}],"wp:attachment":[{"href":"https:\/\/htb.com.pl\/index.php?rest_route=%2Fwp%2Fv2%2Fmedia&parent=125651"}],"wp:term":[{"taxonomy":"category","embeddable":true,"href":"https:\/\/htb.com.pl\/index.php?rest_route=%2Fwp%2Fv2%2Fcategories&post=125651"},{"taxonomy":"post_tag","embeddable":true,"href":"https:\/\/htb.com.pl\/index.php?rest_route=%2Fwp%2Fv2%2Ftags&post=125651"}],"curies":[{"name":"wp","href":"https:\/\/api.w.org\/{rel}","templated":true}]}}