{"id":125864,"date":"2025-08-14T12:53:04","date_gmt":"2025-08-14T12:53:04","guid":{"rendered":"https:\/\/htb.com.pl\/?p=125864"},"modified":"2025-08-19T12:07:18","modified_gmt":"2025-08-19T12:07:18","slug":"urodziny-adama","status":"publish","type":"post","link":"https:\/\/htb.com.pl\/?p=125864","title":{"rendered":"Urodziny Adama"},"content":{"rendered":"\n<figure class=\"wp-block-image size-full\"><a href=\"https:\/\/www.facebook.com\/photo?fbid=1312214087581955&amp;set=pcb.1312214210915276\"><img loading=\"lazy\" decoding=\"async\" width=\"542\" height=\"655\" src=\"https:\/\/htb.com.pl\/wp-content\/uploads\/2025\/08\/Dzialka.jpg\" alt=\"\" class=\"wp-image-125863\" srcset=\"https:\/\/htb.com.pl\/wp-content\/uploads\/2025\/08\/Dzialka.jpg 542w, https:\/\/htb.com.pl\/wp-content\/uploads\/2025\/08\/Dzialka-248x300.jpg 248w\" sizes=\"auto, (max-width: 542px) 100vw, 542px\" \/><\/a><\/figure>\n\n\n\n<p>Wybieramy najpi\u0119kniejsz\u0105 dzia\u0142k\u0119 ROD w Mielcu. Rozmawiam o tym z Adamem na antenie Radia MARIA. G\u0142osowa\u0107 mo\u017cna do 18 bm.<\/p>\n\n\n\n<figure class=\"wp-block-audio\"><audio controls src=\"https:\/\/htb.com.pl\/wp-content\/uploads\/2025\/08\/14.08.Dla-Adama.mp3\"><\/audio><\/figure>\n\n\n\n<h2 class=\"wp-block-heading\">Dzia\u0142ka nr 1 zaj\u0119\u0142a 3 miejsce.<\/h2>\n","protected":false},"excerpt":{"rendered":"<p>Wybieramy najpi\u0119kniejsz\u0105 dzia\u0142k\u0119 ROD w Mielcu. Rozmawiam o tym z Adamem na antenie Radia MARIA. G\u0142osowa\u0107 mo\u017cna do 18 bm. Dzia\u0142ka nr 1 zaj\u0119\u0142a 3 miejsce.<\/p>\n","protected":false},"author":1,"featured_media":125866,"comment_status":"open","ping_status":"open","sticky":false,"template":"","format":"standard","meta":{"_jetpack_memberships_contains_paid_content":false,"footnotes":""},"categories":[19],"tags":[1030],"class_list":["post-125864","post","type-post","status-publish","format-standard","has-post-thumbnail","hentry","category-radio-maria","tag-urodziny-adama"],"jetpack_sharing_enabled":true,"jetpack_featured_media_url":"https:\/\/htb.com.pl\/wp-content\/uploads\/2025\/08\/Dzialka1.png","_links":{"self":[{"href":"https:\/\/htb.com.pl\/index.php?rest_route=\/wp\/v2\/posts\/125864","targetHints":{"allow":["GET"]}}],"collection":[{"href":"https:\/\/htb.com.pl\/index.php?rest_route=\/wp\/v2\/posts"}],"about":[{"href":"https:\/\/htb.com.pl\/index.php?rest_route=\/wp\/v2\/types\/post"}],"author":[{"embeddable":true,"href":"https:\/\/htb.com.pl\/index.php?rest_route=\/wp\/v2\/users\/1"}],"replies":[{"embeddable":true,"href":"https:\/\/htb.com.pl\/index.php?rest_route=%2Fwp%2Fv2%2Fcomments&post=125864"}],"version-history":[{"count":8,"href":"https:\/\/htb.com.pl\/index.php?rest_route=\/wp\/v2\/posts\/125864\/revisions"}],"predecessor-version":[{"id":126129,"href":"https:\/\/htb.com.pl\/index.php?rest_route=\/wp\/v2\/posts\/125864\/revisions\/126129"}],"wp:featuredmedia":[{"embeddable":true,"href":"https:\/\/htb.com.pl\/index.php?rest_route=\/wp\/v2\/media\/125866"}],"wp:attachment":[{"href":"https:\/\/htb.com.pl\/index.php?rest_route=%2Fwp%2Fv2%2Fmedia&parent=125864"}],"wp:term":[{"taxonomy":"category","embeddable":true,"href":"https:\/\/htb.com.pl\/index.php?rest_route=%2Fwp%2Fv2%2Fcategories&post=125864"},{"taxonomy":"post_tag","embeddable":true,"href":"https:\/\/htb.com.pl\/index.php?rest_route=%2Fwp%2Fv2%2Ftags&post=125864"}],"curies":[{"name":"wp","href":"https:\/\/api.w.org\/{rel}","templated":true}]}}