{"id":12665,"date":"2019-11-22T08:54:53","date_gmt":"2019-11-22T08:54:53","guid":{"rendered":"https:\/\/htb.com.pl\/?p=12665"},"modified":"2019-12-30T07:37:07","modified_gmt":"2019-12-30T07:37:07","slug":"czy-to-juz-koniec","status":"publish","type":"post","link":"https:\/\/htb.com.pl\/?p=12665","title":{"rendered":"Czy to ju\u017c koniec?"},"content":{"rendered":"\n<p><\/p>\n\n\n\n<figure class=\"wp-block-image\"><img loading=\"lazy\" decoding=\"async\" width=\"256\" height=\"192\" src=\"https:\/\/htb.com.pl\/wp-content\/uploads\/2018\/06\/technikum.jpg\" alt=\"\" class=\"wp-image-819\"\/><\/figure>\n\n\n\n<p>Takie pytanie mi si\u0119 nasuwa, jak patrz\u0119 na to co si\u0119 dzieje w Polsce. Przypomina mi to rok 1979, gdy ju\u017c by\u0142o wida\u0107, \u017ce d\u0142u\u017cej si\u0119 nie da ale propaganda Edwarda Gierka m\u00f3wi\u0142a, \u017ce jest super. Opisa\u0142em to w poprzednim wpisie<a href=\"https:\/\/htb.com.pl\/?p=12502\"> &#8220;Do\u017cynki Zamo\u015b\u0107 80&#8221;<\/a> ale nie mog\u0119 go udost\u0119pni\u0107, poniewa\u017c nie ma autoryzacji, gdy to nast\u0105pi zostanie udost\u0119pniony. Przypomn\u0119 kilka innych dat z historii Polski, gdzie dziewi\u0105tka by\u0142a na ko\u0144cu, teraz te\u017c tak jest. 28 czerwca 1919, czyli rok po odzyskaniu niepodleg\u0142o\u015bci obradowa\u0142 Sejm i ustalono, \u017ce b\u0119dzie w\u0142adz\u0105 najwy\u017csz\u0105 &#8211; rz\u0105d i naczelnik pa\u0144stwa maj\u0105 mu si\u0119 podporz\u0105dkowa\u0107. Niestety, tym naczelnikiem by\u0142 J\u00f3zef Pi\u0142sudski, taki dzisiejszy Jaros\u0142aw Kaczy\u0144ski. To doprowadzi\u0142o do kl\u0119ski wrze\u015bniowej w 1939 roku &#8211; znowu dziewi\u0105tka na ko\u0144cu. Rok 1979 opisa\u0142em i kolej na 1989. Rok wcze\u015bniej uwolniono gospodark\u0119, co proponowa\u0142a Marysia (wcze\u015bniejsze wpisy) ale nie wprowadzono VAT-u, jej sztandarowego projektu i zacz\u0119\u0142o i\u015b\u0107 w bardzo z\u0142\u0105 stron\u0119. Dopiero w 1993 roku, gdy VAT wprowadzono, z\u0142y trend si\u0119 odwr\u00f3ci\u0142. Dzi\u015b mamy 2019 rok, znowu dziewi\u0105tka na ko\u0144cu i jak sto lat temu wybrano Parlament, kt\u00f3ry jest w\u0142adz\u0105 ustawodawcz\u0105, decyduje co ma robi\u0107 rz\u0105d, czyli w\u0142adza wykonawcza. Jakby tego by\u0142o ma\u0142o, rz\u0105d jest kontrolowany przez w\u0142adz\u0119 s\u0105downicz\u0105. I znowu &#8220;naczelnik pa\u0144stwa&#8221;, teraz pan Jaros\u0142aw Kaczy\u0144ski nie che tego uzna\u0107. Obrazi\u0142 si\u0119 i za s\u0142aby wynik wyborczy swojego ugrupowania, postanowi\u0142 nas ukara\u0107. Do &#8220;Trybuna\u0142u Konstytucyjnego&#8221;, w cudzys\u0142owie, bo teraz to taki jego trybuna\u0142, kaza\u0142 desygnowa\u0107 pani\u0105 Krystyn\u0119 Paw\u0142owicz i pana Stanis\u0142awa Piotrowicza &#8211; skompromitowanych polityk\u00f3w. Ludzki pan &#8211; jego idol Pi\u0142sudski w podobnej sytuacji zamach majowy zrobi\u0142, (12 maja 1926 rok)<\/p>\n\n\n\n<p><\/p>\n\n\n\n<p>Nasza noblistka, Olga Tokarczuk <a href=\"https:\/\/htb.com.pl\/?product=ksiegi-jakubowe-dodruk\"><img loading=\"lazy\" decoding=\"async\" width=\"150\" height=\"221\" class=\"wp-image-12680\" style=\"width: 150px;\" src=\"https:\/\/htb.com.pl\/wp-content\/uploads\/2019\/11\/Ksi\u0119gi-Jakubowe.jpg\" alt=\"\"><\/a> zosta\u0142a zaproszona przez pani\u0105 marsza\u0142ek senior Senatu, Barbar\u0119 Borys Dami\u0119ck\u0105 na inauguracj\u0119 obrad Senatu 10-tej kadencji. Podobno si\u0119 zastanawia\u0142a czy przyj\u0105\u0107 zaproszenie  i wreszcie wys\u0142a\u0142a SMS-a, \u017ce nie ma czasu. To pokazuje czym jest dzi\u015b Polski Parlament dla elit. Je\u017celi niszczy si\u0119 elity, nie mo\u017cna oczekiwa\u0107, \u017ce b\u0119d\u0105 legitymizowa\u0107 takie dzia\u0142ania swoj\u0105 obecno\u015bci\u0105. Trzeba pokaza\u0107, \u017ce naprawd\u0119 s\u0142u\u017cy si\u0119 Polsce &#8211; dbanie o elity, o autorytety jest tu podstaw\u0105. <\/p>\n\n\n\n<p>Energetyka &#8211; mam wra\u017cenie, \u017ce rz\u0105dz\u0105cy woleliby tego tematu nie dotyka\u0107, bo to ogromny problem. Ale on nie zniknie, <a href=\"https:\/\/htb.com.pl\/?p=7487\">rozpierdzieli\u0142o si\u0119 energetyk\u0119 j\u0105drow\u0105<\/a>, to teraz trzeba cierpie\u0107. I wreszcie co\u015b z tym zrobi\u0107 &#8211;<strong> dla przysz\u0142ych pokole\u0144<\/strong>. Mam nadziej\u0119, \u017ce parlamentarzy\u015bci tak w\u0142a\u015bnie b\u0119d\u0105 widzieli swoj\u0105 prac\u0119 w tej nowej kadencji. Dzia\u0142ania, \u017ceby by\u0107 wybranym na kolejn\u0105 kadencj\u0119, to z\u0142o. Z\u0142o, z kt\u00f3rym walczy\u0142a Marysia.  Warto o niej poczyta\u0107. <\/p>\n\n\n\n<p>Pami\u0119tam jak w 1986 roku dyrektorzy kopal\u0144 wyzywali Marysi\u0119, gdy zaproponowa\u0142a, aby kopalnie  stworzy\u0142y specjalny fundusz, kt\u00f3ry pomo\u017ce w budowie elektrowni j\u0105drowej w \u017barnowcu. Plan by\u0142 prosty. Kopalnie wysy\u0142a\u0142y w\u0119giel do ZSRR i podobno dostawa\u0142y za to ruble ale nawet je\u017celi by\u0142a to prawda, to by\u0142y one nic nie warte. Marysia zaproponowa\u0142a, \u017ceby cz\u0119\u015b\u0107 w\u0119gla, by\u0142a wysy\u0142ana za robot\u0119. Ruscy mieliby ko\u0144czy\u0107 \u017barnowiec. Elektrowni\u0119 atomow\u0105, kt\u00f3ra kiedy\u015b pomo\u017ce ofiarom spalania w\u0119gla. My\u015bla\u0142a o ludziach, kt\u00f3rzy b\u0119d\u0105 z tego powodu chorowali. Dzi\u015b smog zabija ponad 40 tysi\u0119cy Polak\u00f3w rocznie, zak\u0142adam, \u017ce drugie tyle choruje &#8211; przyda\u0142by si\u0119 taki fundusz &#8211; a mo\u017ce by go tak utworzy\u0107? To tak pod rozwag\u0119 rz\u0105dz\u0105cym.<\/p>\n\n\n\n<p>Obchody rocznicy Odzyskanie Niepodleg\u0142o\u015bci by\u0142y dzie\u0144 przed inauguracj\u0105 Parlamentu i tu mi\u0142e zaskoczenie. Ju\u017c nie tylko J\u00f3zef Pi\u0142sudski i jego &#8220;Pierwsza Brygada&#8221; ale wymieniano pozosta\u0142ych tw\u00f3rc\u00f3w naszej niepodleg\u0142o\u015bci; Romana Dmowskiego, Ignacego Daszy\u0144skiego, Wojciecha Korfantego, Wincentego Witosa i tego, kt\u00f3ry jest mi najbli\u017cszy Ignacego Jana Paderewskiego. Pan prezydent wymieni\u0142 ich w odwrotnej kolejno\u015bci, Pi\u0142sudskiego na ko\u0144cu i to mnie bardzo cieszy. Ale tu te\u017c trzeba pokaza\u0107, \u017ce s\u0142u\u017cy si\u0119 Polsce, bo takie umizgi, to tylko \u015bciema przed wyborami prezydenckimi jest. Prezes PSL pan W\u0142adys\u0142aw Kosiniak-Kamysz, te\u017c chce by\u0107 prezydentem Polski. Razem z obecnym, ubiegaj\u0105cym si\u0119 o reelekcj\u0119 panem Andrzejem Dud\u0105 stali pod pomnikiem Wincentego Witosa. Tym na pacu Trzech Krzy\u017cy w Warszawie, tam gdzie my z Marysi\u0105 sk\u0142adali\u015bmy kwiaty &#8211; bez okazji,<a href=\"https:\/\/htb.com.pl\/?p=2099\"> w najwi\u0119ksze mrozy zimy stulecia 1987 roku.<\/a> Marysia bardzo ceni\u0142a Witosa za zjednoczenie Polak\u00f3w w obliczu nawa\u0142y bolszewickiej, za Cud nad Wis\u0142\u0105. Patrzy\u0142em na dw\u00f3ch m\u0142odych polityk\u00f3w, sk\u0142adaj\u0105cych pod pomnikiem kwiaty i wyobrazi\u0142em sobie Marysi\u0119. Co ona by zrobi\u0142a? Prezydenta niew\u0105tpliwie by uszanowa\u0142a ale ch\u0142opy mieliby problem. Pewnie ochrona da\u0142aby jej rad\u0119, dzi\u015b mia\u0142aby dobrze po sze\u015b\u0107dziesi\u0105tce ale \u017ali politycy mieliby si\u0119 kogo ba\u0107.<\/p>\n\n\n\n<p> Jak mo\u017cna by\u0107 takim hipokryt\u0105? Jak mo\u017cna dzieli\u0107 Polak\u00f3w i jednocze\u015bnie demonstrowa\u0107 swe przywi\u0105zanie do tego, kt\u00f3ry Polak\u00f3w \u0142\u0105czy\u0142. Kto\u015b mo\u017ce by\u0107 oburzony tym co tu napisa\u0142em. Nie b\u0119d\u0119 si\u0119 t\u0142umaczy\u0142 jak chodzi o prezydenta Andrzeja Dud\u0119 ale dlaczego podobnie postrzegam pana Kosiniak-Kamysza wyja\u015bni\u0119.  Na opozycj\u0119 w ostatnich wyborach zag\u0142osowa\u0142o ponad 10 mil Polak\u00f3w, na PiS, czyli Zjednoczon\u0105 prawice 2,4 mln mniej ale to PiS ma w Sejmie wi\u0119kszo\u015b\u0107, kluczem jest s\u0142owo <strong>zjednoczona.   <\/strong>Opozycja te\u017c mog\u0142a by\u0107 zjednoczona, gdyby nie PSL. Ludowcy wystraszyli si\u0119 hierarch\u00f3w ko\u015bcielnych, tych bzdur o LGBT i gender. Witos nikogo si\u0119 nie ba\u0142, wiedzia\u0142 co znaczy jedno\u015b\u0107 w obliczu zagro\u017cenia, dzi\u015b te\u017c jest takie zagro\u017cenie. Wprawdzie ludzie nie gin\u0105 na polu walki, jednak niesamowity ba\u0142agan w pa\u0144stwie sprawia, \u017ce Polska wymiera. Smog, tragedia w s\u0142u\u017cbie zdrowia, brak poszanowania dla Kodeksu Drogowego, lekcewa\u017cenie regulamin\u00f3w na k\u0105pieliskach i wszechobecny alkohol. Rocznie pijemy 11 litr\u00f3w czystego spirytusu na g\u0142ow\u0119 mieszka\u0144ca &#8211; tak jeszcze nie by\u0142o. Tak d\u0142ugo nie poci\u0105gniemy.<\/p>\n\n\n\n<p>Powsta\u0142 nowy rz\u0105d &#8211; zmiany s\u0105 niewielkie, nadal premierem b\u0119dzie pan Mateusz Morawiecki. Mnie rozbawi\u0142o nowe ministerstwo, kt\u00f3re b\u0119dzie rozdawa\u0107 stanowiska w sp\u00f3\u0142kach skarbu pa\u0144stwa. Pan Jaros\u0142aw Kaczy\u0144ski b\u0119dzie prowadzi\u0142 w\u0142asn\u0105 ekskluzywn\u0105 agencj\u0119 zatrudnienia. Roboczo nazwano to ministerstwem nadzoru w\u0142a\u015bcicielskiego, szefem zosta\u0142 Jacek Sasin. LOL.  <\/p>\n\n\n\n<figure><iframe loading=\"lazy\" width=\"600\" height=\"480\" src=\"https:\/\/www.youtube.com\/embed\/deuc5lKOCno\" allowfullscreen=\"\"><\/iframe><\/figure>\n\n\n\n<p>Ten m\u00f3j \u015bmiech jest jak ten w 1979 roku, gdy na moich dyskotekach w technikum \u017cartowa\u0142em, \u017ce nie b\u0119dzie do\u017cynek w Zamo\u015bciu, bo gospodarz nie b\u0119dzie mia\u0142 czasu przyjecha\u0107. \u017beby przenie\u015b\u0107 nas w lepszy \u015bwiat, puszcza\u0142em  Goombay dance band. Nawet dyrektorowi si\u0119 podoba\u0142o, zapyta\u0142 mnie, co jest \u015bmiesznego w tym co robi Gierek. Prowadzi Polsk\u0119 do katastrofy, odpowiedzia\u0142em i doda\u0142em ale trzeba si\u0119 \u015bmia\u0107 i pracowa\u0107, bo jak wr\u00f3ci Pani Maria wszystko naprawi. Nie wszystko naprawi\u0142a i ju\u017c nie wr\u00f3ci.<\/p>\n\n\n\n<p><\/p>\n","protected":false},"excerpt":{"rendered":"<p>Takie pytanie mi si\u0119 nasuwa, jak patrz\u0119 na to co si\u0119 dzieje w Polsce. Przypomina mi to rok 1979, gdy ju\u017c by\u0142o wida\u0107, \u017ce d\u0142u\u017cej si\u0119 nie da ale propaganda Edwarda Gierka m\u00f3wi\u0142a, \u017ce jest super. Opisa\u0142em to w poprzednim wpisie &#8220;Do\u017cynki Zamo\u015b\u0107 80&#8221; ale nie mog\u0119 go udost\u0119pni\u0107, poniewa\u017c nie ma autoryzacji, gdy to [&hellip;]<\/p>\n","protected":false},"author":1,"featured_media":819,"comment_status":"open","ping_status":"open","sticky":false,"template":"","format":"standard","meta":{"_jetpack_memberships_contains_paid_content":false,"footnotes":""},"categories":[4],"tags":[],"class_list":["post-12665","post","type-post","status-publish","format-standard","has-post-thumbnail","hentry","category-daty-i-fakty-blog"],"jetpack_sharing_enabled":true,"jetpack_featured_media_url":"https:\/\/htb.com.pl\/wp-content\/uploads\/2018\/06\/technikum.jpg","_links":{"self":[{"href":"https:\/\/htb.com.pl\/index.php?rest_route=\/wp\/v2\/posts\/12665","targetHints":{"allow":["GET"]}}],"collection":[{"href":"https:\/\/htb.com.pl\/index.php?rest_route=\/wp\/v2\/posts"}],"about":[{"href":"https:\/\/htb.com.pl\/index.php?rest_route=\/wp\/v2\/types\/post"}],"author":[{"embeddable":true,"href":"https:\/\/htb.com.pl\/index.php?rest_route=\/wp\/v2\/users\/1"}],"replies":[{"embeddable":true,"href":"https:\/\/htb.com.pl\/index.php?rest_route=%2Fwp%2Fv2%2Fcomments&post=12665"}],"version-history":[{"count":19,"href":"https:\/\/htb.com.pl\/index.php?rest_route=\/wp\/v2\/posts\/12665\/revisions"}],"predecessor-version":[{"id":15362,"href":"https:\/\/htb.com.pl\/index.php?rest_route=\/wp\/v2\/posts\/12665\/revisions\/15362"}],"wp:featuredmedia":[{"embeddable":true,"href":"https:\/\/htb.com.pl\/index.php?rest_route=\/wp\/v2\/media\/819"}],"wp:attachment":[{"href":"https:\/\/htb.com.pl\/index.php?rest_route=%2Fwp%2Fv2%2Fmedia&parent=12665"}],"wp:term":[{"taxonomy":"category","embeddable":true,"href":"https:\/\/htb.com.pl\/index.php?rest_route=%2Fwp%2Fv2%2Fcategories&post=12665"},{"taxonomy":"post_tag","embeddable":true,"href":"https:\/\/htb.com.pl\/index.php?rest_route=%2Fwp%2Fv2%2Ftags&post=12665"}],"curies":[{"name":"wp","href":"https:\/\/api.w.org\/{rel}","templated":true}]}}