{"id":1268,"date":"2018-08-14T07:21:19","date_gmt":"2018-08-14T07:21:19","guid":{"rendered":"https:\/\/htb.com.pl\/?p=1268"},"modified":"2025-09-21T04:08:30","modified_gmt":"2025-09-21T04:08:30","slug":"fatalny-wrzesien-1987","status":"publish","type":"post","link":"https:\/\/htb.com.pl\/?p=1268","title":{"rendered":"Fatalny wrzesie\u0144 1987"},"content":{"rendered":"<p><img loading=\"lazy\" decoding=\"async\" class=\"alignnone size-full wp-image-1269\" src=\"https:\/\/htb.com.pl\/wp-content\/uploads\/2018\/08\/Chwa\u0142a-Saperom.jpg\" alt=\"\" width=\"240\" height=\"161\" \/><\/p>\n<p>Po ostatnim wpisie otrzyma\u0142em wiele zapyta\u0144 o hauptsturmfuhrera SS Paula Fuchsa, o kt\u00f3rym jedynie wspomnia\u0142em. Obieca\u0142em, \u017ce kiedy\u015b o nim \u00a0napisz\u0119. To nieciekawa posta\u0107. Wspomnia\u0142em o nim w kontek\u015bcie sk\u0142adania kwiat\u00f3w przez premiera Mateusza Morawieckiego na grobie \u017co\u0142nierzy Brygady \u015awi\u0119tokrzyskiej w okolicach Monachium. Wymieniony esesman podpisa\u0142 z Brygad\u0105 \u015awi\u0119tokrzysk\u0105 porozumienie. To nie jest co\u015b, o czy warto pisa\u0107. Opisz\u0119 co\u015b, co moim zdaniem jest ciekawsze i raczej tego si\u0119 nie \u201ewygugla\u201d.<\/p>\n<p>Pocz\u0105tek wrze\u015bnia 1987 roku to dla mnie bardzo z\u0142y czas. Moja dziewczyna Majka le\u017ca\u0142a w szpitalu i by\u0142a bardzo chora, leczenie spowodowa\u0142o, \u017ce zacz\u0119\u0142a traci\u0107 w\u0142osy. <a href=\"https:\/\/htb.com.pl\/?p=1152\">Nosi\u0142a t\u0105 swoj\u0105 chustk\u0119, w kt\u00f3rej chcia\u0142a stan\u0105\u0107 ze mn\u0105 przed Papie\u017cem Janem Paw\u0142em II w Tarnowie 9 czerwca 1987 roku<\/a>. Do spotkania przez jej chorob\u0119 nie dosz\u0142o.<\/p>\n<p>Cieszy\u0142em si\u0119, \u017ce Marysia pracuje pomimo choroby. Ci\u0105gle pisa\u0142a co\u015b na maszynie, m\u00f3wi\u0142a, \u017ce to \u015bci\u0105gi dla ministr\u00f3w premiera Messnera. W sali sta\u0142a \u00a0te\u017c\u00a0 ma\u0142a deska kre\u015blarska, to by\u0142a pojedyncza sala. Mia\u0142o to pewne zalety, mog\u0142em j\u0105 delikatnie przytuli\u0107 i tak trwa\u0107 godzinami. Dla kilku takich chwil potrafi\u0142em pojecha\u0107 do Warszawy ponad 200 kilometr\u00f3w autobusem, nawet w ci\u0105gu tygodnia. Najfajniejsze by\u0142y niedziele. Zwykle pracowa\u0142em na drugich zmianach, ca\u0142\u0105 niedziel\u0119 mog\u0142em by\u0107 z Majk\u0105. Kiedy\u015b w\u0142a\u015bnie w niedziel\u0119, us\u0142yszeli\u015bmy na korytarzu szpitala k\u0142\u00f3tni\u0119. Starsza pani wyzywa\u0142a personel twierdz\u0105c, \u017ce jej \u2013 \u017co\u0142nierzowi Powstania Warszawskiego nale\u017cy si\u0119 miejsce w tym szpitalu. M\u0142ody lekarz przeprasza\u0142, \u017ce nie ma miejsc, a jest bardzo wielu pacjent\u00f3w, kt\u00f3rzy oczekuj\u0105 na wolne \u0142\u00f3\u017cko. Popatrzy\u0142em na Majk\u0119 \u2013 id\u017a Jasiu powiedzia\u0142a. Wyszed\u0142em i powiedzia\u0142em lekarzowi, \u017ce maszyn\u0119 i desk\u0119 kre\u015blarsk\u0105 wystawi\u0119 na korytarz do wn\u0119ki, \u0142\u00f3\u017cko przytargam\u00a0 z piwnicy. Lekarz si\u0119 zgodzi\u0142. Tylko ruszaj si\u0119&#8221; pacanie&#8221; powiedzia\u0142a starsza pani. Us\u0142ysza\u0142em \u015bmiech Marysi, ja si\u0119 nie \u015bmia\u0142em, ale \u0142\u00f3\u017cko za\u0142atwi\u0142em. Pani\u0105 przyj\u0119li i po\u0142o\u017cyli z Majk\u0105. Teraz nie bardzo mog\u0142em przytuli\u0107 Marysi\u0119, ale mo\u017ce\u00a0 starsza pani pomo\u017ce jej, jak mnie nie b\u0119dzie. Ju\u017c po chwili moje nadzieje prys\u0142y. Pani powiedzia\u0142a, \u017ce w\u0142a\u015bnie we wrze\u015bniu 44 lata temu walczy\u0142a w Powstaniu Warszawskim. Gdy zobaczy\u0142a papiery nad kt\u00f3rymi Marysia pracowa\u0142a zorientowa\u0142a si\u0119, \u017ce pracuje dla rz\u0105du. Nazwa\u0142a Marysi\u0119 zdrajczyni\u0105 i oznajmi\u0142a, \u017ce w czasie powstania to ona by ogoli\u0142a jej w\u0142osy. Majka wsta\u0142a, podesz\u0142a do pani, popatrzy\u0142a w jej oczy tymi swoimi m\u0105drymi oczami, kt\u00f3re teraz sta\u0142y si\u0119 straszne, zerwa\u0142a z g\u0142owy \u00a0chustk\u0119, og\u00f3l! \u2013 powiedzia\u0142a. Gdy pani zobaczy\u0142a prawie \u0142ys\u0105 g\u0142ow\u0119 Marysi &#8211; zblad\u0142a. Teraz lekarz\u00a0 by\u0142 jej naprawd\u0119 potrzebny. Chcia\u0142a si\u0119 wypisa\u0107 na w\u0142asn\u0105 pro\u015bb\u0119, ale by\u0142a tak blada, \u017ce zdecydowano pozostawi\u0107 j\u0105 na obserwacj\u0119. Majka by\u0142a w\u015bciek\u0142a. Wtedy zrozumia\u0142em, \u017ce lepiej mie\u0107 j\u0105 po swojej stronie. Majka nawet chora jako wr\u00f3g, to koniec. \u00a0Wzi\u0119\u0142a kalendarz \u201eEwa\u201d, taki ma\u0142y kieszonkowy. By\u0142a tam tabela &#8211; &#8220;Organizacje spo\u0142eczno-polityczne w latach&#8221;. Jasiu, wiesz, kt\u00f3rym organizacjom przybywa cz\u0142onk\u00f3w? Pyta\u0142a mnie, ale m\u00f3wi\u0142a do pani. W\u0119dkarze i ZBOWiD. Podesz\u0142a do karty pani, kt\u00f3ra wisia\u0142a na jej \u0142\u00f3\u017cku. By\u0142a tam data urodzenia. Wynika\u0142o z niej, \u017ce pani w chwili wybuchu powstania nie mia\u0142a nawet 10-ciu lat.<\/p>\n<p><img loading=\"lazy\" decoding=\"async\" class=\"size-full wp-image-1270 alignleft\" src=\"https:\/\/htb.com.pl\/wp-content\/uploads\/2018\/08\/Tablica.jpg\" alt=\"\" width=\"250\" height=\"149\" \/>Opowiem wam o Powstaniu Warszawskim. Zacz\u0119\u0142a m\u00f3wi\u0107 dr\u017c\u0105cym g\u0142osem Marysia. Opowiem nie jak Polka, nie zdrajczyni, opowiem, jako \u0141emk. My \u0141emkowie zawsze m\u00f3wimy prawd\u0119, nawet jak jest politycznie niepoprawna. Taka postawa zosta\u0142a zr\u00f3wnana z zagro\u017ceniami, jakie nios\u0142a dzia\u0142alno\u015b\u0107 band UPA. Dlatego Gom\u00f3\u0142ka rozpieprzy\u0142 nas po ca\u0142ej Polsce w czasie akcji Wis\u0142a, w latach 1947-1950.<\/p>\n<p>W nocy z 15 na 16 wrze\u015bnia 1944 roku\u00a0 genera\u0142 Berling z 3 Dywizj\u0105 1 Armii Wojska Polskiego uderzy\u0142\u00a0 na lewobrze\u017cn\u0105, powsta\u0144cz\u0105 cz\u0119\u015b\u0107 Warszawy, walki trwa\u0142y do 22-go wrze\u015bnia. \u00a0Straci\u0142 ponad 2000\u00a0 ludzi. M\u00f3wicie, \u017ce Berling \u017ale dowodzi\u0142, \u017ce to byli niedo\u015bwiadczeni \u017co\u0142nierze, \u017ce uderzenie by\u0142o nieprzygotowane,\u00a0 \u017ce Ruscy nie pomogli. Ja, jak ju\u017c m\u00f3wi\u0142am, jestem pochodzenia \u0141emkowskiego, mam w rodzinie wielu, kt\u00f3rzy s\u0105 Rosjanami. Gdy wybuch\u0142o powstanie w Warszawie, m\u00f3j wujek Rosjanin zosta\u0142 zrzucony ze spadochronem jako dywersant na Kielecczy\u017anie. Mieli zabezpiecza\u0107 szturm Berlinga. Tylko likwidacja niemieckich gniazd karabin\u00f3w maszynowych i snajper\u00f3w, mog\u0142a taki szturm umo\u017cliwi\u0107. Berling nie m\u00f3g\u0142 liczy\u0107 na powsta\u0144c\u00f3w. 8 wrze\u015bnia 1944 roku oddzia\u0142 mojego wujka (Rosjanie) pod dow\u00f3dztwem Iwana Iwanowicza Karawlijewa zosta\u0142 zaatakowany przez Brygad\u0119 \u015awi\u0119tokrzysk\u0105 w okolicach miejscowo\u015bci Rz\u0119bice, na Kielecczy\u017anie, przez AK \u2013 owc\u00f3w. Dow\u00f3dca wyszed\u0142 \u00a0z 40- stoma \u017co\u0142nierzami, 67-dmiu, w tym m\u00f3j wujek wpad\u0142o w r\u0119ce AK \u2013 owc\u00f3w. Komandos nie idzie do niewoli &#8211; zgin\u0119li wszyscy. Polacy chcieli kilku przekaza\u0107 Niemcom, ale przyp\u0142acili to trzema zabitymi. Rosjanie b\u0119d\u0105c zwi\u0105zani, bez broni, potrafili zaatakowa\u0107. Karawljlew to by\u0142 do\u015bwiadczony dow\u00f3dca, nie m\u00f3g\u0142 jednak poj\u0105\u0107, jak Polacy, kt\u00f3rym oni szli z pomoc\u0105 mogli ich zaatakowa\u0107, a potem wymordowa\u0107 bezbronnych je\u0144c\u00f3w. \u00a0Jest co\u015b takiego jak honor. \u00a0Wyobra\u017acie sobie, \u017ce m\u00f3j wujek i jego koledzy, chocia\u017c Ruskie, wiedzieli co to honor. Zameldowali, \u017ce nie mog\u0105 wykona\u0107 zadania, \u017ce trzeba poczeka\u0107 z uderzeniem, wys\u0142a\u0107 posi\u0142ki, bo zosta\u0142o ich zbyt ma\u0142o i s\u0105 zdekonspirowani. To by\u0142a elitarna grupa bojowa. Utrata zdolno\u015bci bojowej przez tak\u0105 grup\u0119 to ogromna strata dla ka\u017cdej armii. Ich nie mo\u017cna zast\u0105pi\u0107 inn\u0105 grup\u0105, bo takiej nie ma.\u00a0 Wiem to &#8211; bo wujek przed \u015bmierci\u0105 napisa\u0142 do cioci, swojej \u017cony list z frontu. Cieszy\u0142 si\u0119, \u017ce zostanie przerzucony do Polski z Ba\u0142kan\u00f3w, gdzie ruszy\u0142a ofensywa, gdy Niemcy wi\u0119kszo\u015b\u0107 swoich si\u0142 przerzucili na \u015brodkow\u0105 Wis\u0142\u0119, w rejon Warszawy.\u00a0 \u017beby uderzy\u0107 na doborowe oddzia\u0142y Hermana Geringa, trzeba by\u0142o podci\u0105gn\u0105\u0107 si\u0142y, zaopatrzenie. Dlatego tu, pod Warszaw\u0105 ofensywa ruszy\u0142a ponad trzy miesi\u0105ce po upadku powstania. Dzia\u0142ania grupy bojowej\u00a0 mojego wujka, to by\u0142a dora\u017ana akcja, wymuszona tragedi\u0105 w powsta\u0144czej Warszawie. Ci ludzie przybyli wam na ratunek, a wy\u015bcie ich wymordowali. Dlatego nie by\u0142o komu na powsta\u0144czym brzegu Wis\u0142y przej\u0105\u0107 zrzut\u00f3w broni, wyr\u017cn\u0105\u0107 niemieckich snajper\u00f3w, czy rozpieprzy\u0107 gniazda ckm. Berling to wiedzia\u0142, ale nie m\u00f3g\u0142 czeka\u0107 a\u017c Niemcy wymorduj\u0105 wszystkich Powsta\u0144c\u00f3w. Pos\u0142a\u0142 swych ludzi na pewn\u0105 \u015bmier\u0107.<\/p>\n<p>Marysia podesz\u0142a do pani, popatrzy\u0142a jej w oczy i pyta. Ty nale\u017ca\u0142a\u015b do AK? Nie \u2013 odpowiedzia\u0142a pani, \u00a0by\u0142a przera\u017cona. To dobrze \u2013 zapami\u0119taj, \u017ce nie nale\u017ca\u0142a\u015b. Zapami\u0119tasz?! Tak. No &#8211; jeste\u015b ju\u017c zdrowa, \u015bpij spokojnie, rano ci\u0119 wypisz\u0105. Jasiu, jak \u017co\u0142nierz m\u00f3wi tak? Tak jest! O \u2013 a po co \u017co\u0142nierz w szafce ma drzwiczki? \u017beby by\u0142y otwarte! No &#8211; ty by\u0142e\u015b w wojsku. Tylko czemu w mojej szafce drzwiczki s\u0105 zamkni\u0119te? Salowa zamkn\u0119\u0142a, powiedzia\u0142em, ju\u017c bez wojskowej semantyki. Otw\u00f3rz Jasiu. W szafce by\u0142o mn\u00f3stwo konserw. Gdy pani powstaniec to zobaczy\u0142a, nie mog\u0142a ukry\u0107 swojego zachwytu. Wtedy \u017cywno\u015b\u0107 by\u0142a na kartki. Majka zwr\u00f3ci\u0142a si\u0119 do niej, ale teraz z szacunkiem, tak normalnie. Prosz\u0119 sobie bra\u0107 ile pani chce, jest pani moim go\u015bciem.<\/p>\n<p>Ja by\u0142em pod wra\u017ceniem opowie\u015bci Marysi. Zapyta\u0142em co sta\u0142o si\u0119 z tymi komandosami co prze\u017cyli. Majka nie wiedzia\u0142a. Powiedzia\u0142a, \u017ce gdy w 1984 roku zmar\u0142a na Ukrainie jej Ciocia, by\u0142a na pogrzebie. Tam spotka\u0142a jednego z \u017co\u0142nierzy Jwana Iwanowicza Karwalijewa. Ten powiedzia\u0142 jej, \u017ce ich dow\u00f3dca zgin\u0105\u0142 w locie w kosmos, jeszcze przed Gagarinem (12 kwietnia 1961). Potem Ruscy wykonuj\u0105c kolejn\u0105 pr\u00f3b\u0119, do rakiety wsadzali manekina. Nazywali go Iwan Iwanowicz. On szuka\u0142 \u015bmierci, m\u00f3wi\u0142 ten weteran, cz\u00f3\u0142 si\u0119 winny, \u017ce w Warszawie zgin\u0119\u0142o tylu ludzi. On cz\u00f3\u0142 si\u0119 winny&#8230; Zawsze we wrze\u015bniu, gdy o Powstaniu Warszawskim m\u00f3wi si\u0119 du\u017co, przypomina mi si\u0119 ta opowie\u015b\u0107 Majki.<\/p>\n<p>Gdy przyjecha\u0142em do Marysi tydzie\u0144 p\u00f3\u017aniej, maszyna do pisania i deska kre\u015blarska sta\u0142y na swoich miejscach, w sali Majki. Salowa mnie zaatakowa\u0142a. Tylko ja mog\u0119 tu co\u015b zmienia\u0107, zrozumiano! Tak jest! Ty Jasiu wiesz,\u00a0 \u017ce ta baba co j\u0105 tu wpu\u015bcili\u015bcie zabra\u0142a wszystkie konserwy. Ten co po papiery przychodzi musia\u0142 donosi\u0107. Z g\u0142odu by\u015bmy pozdychali. Salowa obj\u0119\u0142a mnie i cichutko ze \u0142zami w oczach wyszepta\u0142a. Marysia nie ma ju\u017c w\u0142os\u00f3w. E \u2013 to m\u00f3j ch\u0142op, na korytarzu pojawi\u0142a si\u0119 u\u015bmiechni\u0119ta Majka. Nasze przywitanie zacz\u0119\u0142o wzbudza\u0107 zainteresowanie, salowa musia\u0142a interweniowa\u0107. Co si\u0119 gapisz, krzycza\u0142a na jakiego\u015b lekarza. Wejd\u017acie do sali, ja tu usi\u0105d\u0119 i \u00a0b\u0119d\u0119 pilnowa\u0107, \u017ceby nikt nie wlaz\u0142.<\/p>\n<p>Gdy ju\u017c zako\u0144czyli\u015bmy przywitanie Majka by\u0142a zm\u0119czona. Poprawi\u0142em \u0142\u00f3\u017cko i da\u0142em jej ogromny pi\u0119ciolitrowy s\u0142\u00f3j jag\u00f3d. To moja Babcia poda\u0142a dla Ciebie, masz zje\u015b\u0107. Jagody by\u0142y z cukrem, zrobi\u0142 si\u0119 sok. Majka zauwa\u017cy\u0142a, \u017ce to nie s\u0105 takie ma\u0142e czarne jagody, s\u0105 wi\u0119ksze. To \u201ew\u0142ochynie\u201d, powiedzia\u0142em \u2013 tak si\u0119 je u mnie nazywa. Rosn\u0105 dziko w lesie na takich metrowych krzewach. Mama z Babci\u0105 nazbiera\u0142y dla Ciebie. Na\u0142o\u017cy\u0142em tych jag\u00f3d do kubka i poda\u0142em Majce. Bardzo jej smakowa\u0142y. Wesz\u0142a salowa, parskn\u0119\u0142a \u015bmiechem jak zobaczy\u0142a upierdzielon\u0105 buzi\u0119 Majki jagodami.\u00a0 Moje ty s\u0142oneczko, promieniejesz. Fajna ta twoja Chmura, jak si\u0119 pojawi, ty promieniejesz. Przylaz\u0142 lekarz, taki co zabroni\u0142 Majce je\u015b\u0107 marynowane g\u0105ski, takie grzybki, co moja Mama dla niej kiedy\u015b poda\u0142a. Przyszed\u0142\u00a0 zapyta\u0107, czy przypadkiem nie przywioz\u0142em marynowanych grzybk\u00f3w. A co, tamte co zabra\u0142e\u015b sko\u0144czy\u0142y si\u0119, zapyta\u0142a salowa. Lekarz tylko spu\u015bci\u0142 g\u0142ow\u0105. Nie \u017cryjcie tyle jak chlacie. Masz konserw\u0119, jedna musi wam dzi\u015b wystarczy\u0107. Majka da\u0142a lekarzowi \u0142y\u017ceczk\u0119 jag\u00f3d. Ten posmakowa\u0142 i m\u00f3wi, to dobre, to jedz Majka. Porwa\u0142 jeszcze z otwartej szafki drug\u0105 konserw\u0119 i m\u00f3wi, do jutra. A ty te\u017c ich zostaw, z\u0142apa\u0142 salow\u0105 i wyprowadzi\u0142 z sali. Salowa nie protestowa\u0142a, zapyta\u0142a tylko czy maj\u0105 wino.<\/p>\n<p>Zostali\u015bmy sami.<\/p>\n<p>Opowiedzia\u0142em Babci o Twoim wujku, co go Akowcy zabili. <a href=\"https:\/\/htb.com.pl\/?p=169\">Babcia powiedzia\u0142a, \u017ce w szturmie Berlinga zagin\u0105\u0142 bez wie\u015bci \u00a0brat jej zakatowanego na Majdanku w 1942 roku m\u0119\u017ca, mojego dziadka<\/a>. By\u0142 kawalerem, mia\u0142 jej pom\u00f3c, jak wojna si\u0119 sko\u0144czy. By\u0142 dobrym cz\u0142owiekiem, jak Bronek (m\u00f3j dziadek), teraz obu nie ma, a ja nawet nie mam gdzie znicza zapali\u0107. Babcia to m\u00f3wi\u0142a,\u00a0 p\u0142acz\u0105c jak dziecko. \u00a0P\u0142acz przynosi ulg\u0119, ale nie za\u0142atwia sprawy. Trzeba Jasiu o tych sprawach m\u00f3wi\u0107, \u017ceby kto\u015b kiedy\u015b znowu nie musia\u0142 p\u0142aka\u0107.<\/p>\n<p>Pod koniec wrze\u015bnia Majka op\u0119dzlowa\u0142a jagody i wypi\u0142a sok, jej wyniki poprawi\u0142y si\u0119 na tyle, \u017ce otrzyma\u0142a przepustk\u0119 ze szpitala. <img loading=\"lazy\" decoding=\"async\" class=\"size-full wp-image-1271 alignleft\" src=\"https:\/\/htb.com.pl\/wp-content\/uploads\/2018\/08\/P\u0142yta-Desantu.jpg\" alt=\"\" width=\"240\" height=\"156\" \/>Pojechali\u015bmy pod pomnik Chwa\u0142a Saperom, tam zapalili\u015bmy dwa znicze. Postawili\u015bmy je na p\u0142ycie upami\u0119tniaj\u0105cej desant \u017co\u0142nierzy 3 Dywizji 1 Armii Wojska Polskiego. Desant, o kt\u00f3rym dzi\u015b nikt nie chce pami\u0119ta\u0107. Jest te\u017c co\u015b o czym ja chcia\u0142bym zapomnie\u0107. Podczas tej przepustki Majka zrobi\u0142a co\u015b bardzo z\u0142ego &#8211; kiedy\u015b o tym spr\u00f3buj\u0119 napisa\u0107<\/p>\n<p>W roku 2005 z \u017bon\u0105 Dorotk\u0105 i Synem Konradem, wtedy ju\u017c nastolatkiem, pojechali\u015bmy do Warszawy &#8211; do nowo otwartego Muzeum Powstania Warszawskiego (otwarcie 31 lipiec 2004 rok). Po drodze rozmawiali\u015bmy z \u017bon\u0105 o powstaniu. W naszych czasach, \u017ceby zda\u0107 matur\u0119, o Powstaniu Warszawskim trzeba by\u0142o du\u017co wiedzie\u0107. Na bank na polskim by\u0142 temat zwi\u0105zany z martyrologi\u0105 Narodu Polskiego w czasie II wojny \u015bwiatowej. Sama lektura \u201eKolumbowie Rocznik 20\u201d Romana Bratnego, to by\u0142o ma\u0142o. Cieszy\u0142em si\u0119, \u017ce Syn zachowa\u0142 powag\u0119, gdy na tablicy WARSZAWA od strony Janek, zobaczyli\u015bmy napis \u201eKACZY GR\u00d3D\u201d.\u00a0 Wtedy Prezydentem Warszawy by\u0142 \u015bwi\u0119tej pami\u0119ci Lech Kaczy\u0144ski. Zwolennik budowy Muzeum Powstania Warszawskiego. W Warszawie by\u0142 smr\u00f3d i br\u00f3d. Ale samo muzeum zrobi\u0142o na nas ogromne wra\u017cenie. Multimedia, samolot Liberator, zrekonstruowane kana\u0142y, kt\u00f3rymi przechodzili Powsta\u0144cy. Mia\u0142em nadziej\u0119, \u017ce to wybije ludziom z g\u0142\u00f3w \u201dromantyzm\u201d. \u017begnaj\u0105c nas m\u0142ody ch\u0142opak, wolontariusz\u00a0 powiedzia\u0142, \u017ce Ruscy nie pomogli, dlatego powstanie upad\u0142o. \u00a0Zapyta\u0142em, czy wie ilu \u017co\u0142nierzy Berlinga zgin\u0119\u0142o podczas przeprawy przez Wis\u0142\u0119 na pomoc Powsta\u0144com. Nie wiedzia\u0142. Powiedzia\u0142em, \u017ce trzy razy tyle co pod Monte Casino. To te\u017c nic ch\u0142opakowi nie m\u00f3wi\u0142o. Powiedzia\u0142 tylko, \u017ce to byli niedo\u015bwiadczeni \u017co\u0142nierze, dlatego zgin\u0119li. Syn zapyta\u0142, czy ci m\u0142odzi ch\u0142opcy i dziewczyny, czasem dzieci, kt\u00f3rych zdj\u0119cia widzia\u0142 w muzeum, \u00a0byli bardziej do\u015bwiadczeni od \u017co\u0142nierzy Berlinga? Ch\u0142opak nic nie odpowiedzia\u0142.<\/p>\n<p>Pomy\u015bla\u0142em wtedy, \u017ce temu te\u017c przyda\u0142aby si\u0119 terapia Marysi.<\/p>\n<p>Dzi\u015b w przededniu \u015awi\u0119ta Wojska Polskiego s\u0142ucham Ministra Obrony Narodowej Mariusza B\u0142aszczaka. M\u00f3wi, \u017ce to Wielkie \u015awi\u0119to Naszego Wojska. Wymieni\u0142 Rycerzy spod Grunwaldu, Husari\u0119 spod Wiednia, \u017bo\u0142nierzy Ksi\u0119stwa Warszawskiego, Armi\u0119 Krajow\u0105, \u017bo\u0142nierzy Wykl\u0119tych \u2013 nie wspomnia\u0142 o LWP.<\/p>\n<p>Uzupe\u0142ni\u0119 ten wpis jutro w godzinach wieczornych. Opisz\u0119 moje wra\u017cenia z obchod\u00f3w Dnia Wojska Polskiego. Ci\u0105gle mam nadziej\u0119, \u017ce kto\u015b wspomni Ko\u015bciuszkowc\u00f3w w takim dniu.<\/p>\n<p>15.08.2018. Obejrza\u0142em defilad\u0119 w Warszawie z okazji \u015awi\u0119ta Wojska Polskiego. Nic o Ludowym Wojsku Polskim nie by\u0142o,\u00a0 naprawd\u0119 mia\u0142em nadziej\u0119, \u017ce kto\u015b co\u015b wspomni. Mojej \u017bonie Dorotce najbardziej podoba\u0142a si\u0119 Husaria, dw\u00f3ch by\u0142o konno, a dw\u00f3ch maszerowa\u0142o pieszo. \u017bona powiedzia\u0142a, \u017ce wygl\u0105daj\u0105 super, bo im tak stoi. Widz\u0105c moj\u0105 smutn\u0105 min\u0119, przytuli\u0142a mnie i m\u00f3wi, pi\u00f3ropusz. To nie pi\u00f3ropusz, tylko skrzyd\u0142a, powiedzia\u0142em. No ale stoi-j\u0105. Ty, ale Husaria nie chodzi\u0142a piechot\u0105. Chodzi\u0142a &#8211; powiedzia\u0142em, cho\u0107by pod <a href=\"https:\/\/htb.com.pl\/?p=243\">Korsuniem i \u017b\u00f3\u0142tymi Wodami<\/a>. Gdzie szli? W jasyr.<\/p>\n<p>Prezydent Andrzej Duda powiedzia\u0142, \u017ce wojsku potrzebne s\u0105 pieni\u0105dze &#8211; niesamowite.\u00a0 Minister Obrony Narodowej Mariusz B\u0142aszczak pochwali\u0142 si\u0119, \u017ce armia jaki ca\u0142y rz\u0105d PiS-u wzoruje si\u0119 na Sanacji, J\u00f3zefie Pi\u0142sudskim. Mam nadziej\u0119, \u017ce ju\u017c nied\u0142ugo, bo to w 1939 roku doprowadzi\u0142o do kl\u0119ski. Szkoda, \u017ce nie by\u0142o o Ko\u015bciuszkowcach, dzi\u0119ki kt\u00f3rym dzi\u015b m\u00f3wimy \u017co\u0142nierz, a nie so\u0142dat. Jeszcze do Pana ministra B\u0142aszczaka, sodomita po rosyjsku to \u0441\u043e\u0434\u043e\u043c\u0438\u0442. My\u015bl\u0119, \u017ce gdyby nie Ko\u015bciuszkowcy, nie mia\u0142by pan okazji do palni\u0119cia takiej g\u0142upoty. Putin nie pozwoli\u0142by u siebie na telewizj\u0119 tak\u0105 jak &#8220;Trwam&#8221;, a te g\u0142upoty us\u0142ysza\u0142 pan tam.<\/p>\n","protected":false},"excerpt":{"rendered":"<p>Po ostatnim wpisie otrzyma\u0142em wiele zapyta\u0144 o hauptsturmfuhrera SS Paula Fuchsa, o kt\u00f3rym jedynie wspomnia\u0142em. Obieca\u0142em, \u017ce kiedy\u015b o nim \u00a0napisz\u0119. To nieciekawa posta\u0107. Wspomnia\u0142em o nim w kontek\u015bcie sk\u0142adania kwiat\u00f3w przez premiera Mateusza Morawieckiego na grobie \u017co\u0142nierzy Brygady \u015awi\u0119tokrzyskiej w okolicach Monachium. Wymieniony esesman podpisa\u0142 z Brygad\u0105 \u015awi\u0119tokrzysk\u0105 porozumienie. To nie jest co\u015b, o [&hellip;]<\/p>\n","protected":false},"author":1,"featured_media":1269,"comment_status":"open","ping_status":"open","sticky":false,"template":"","format":"standard","meta":{"_jetpack_memberships_contains_paid_content":false,"footnotes":""},"categories":[4],"tags":[199,197,198],"class_list":["post-1268","post","type-post","status-publish","format-standard","has-post-thumbnail","hentry","category-daty-i-fakty-blog","tag-3-dywizja-1-armii-wojska-polskiego","tag-polityczna-poprawnosc","tag-powstanie-warszawskie"],"jetpack_sharing_enabled":true,"jetpack_featured_media_url":"https:\/\/htb.com.pl\/wp-content\/uploads\/2018\/08\/Chwa\u0142a-Saperom.jpg","_links":{"self":[{"href":"https:\/\/htb.com.pl\/index.php?rest_route=\/wp\/v2\/posts\/1268","targetHints":{"allow":["GET"]}}],"collection":[{"href":"https:\/\/htb.com.pl\/index.php?rest_route=\/wp\/v2\/posts"}],"about":[{"href":"https:\/\/htb.com.pl\/index.php?rest_route=\/wp\/v2\/types\/post"}],"author":[{"embeddable":true,"href":"https:\/\/htb.com.pl\/index.php?rest_route=\/wp\/v2\/users\/1"}],"replies":[{"embeddable":true,"href":"https:\/\/htb.com.pl\/index.php?rest_route=%2Fwp%2Fv2%2Fcomments&post=1268"}],"version-history":[{"count":41,"href":"https:\/\/htb.com.pl\/index.php?rest_route=\/wp\/v2\/posts\/1268\/revisions"}],"predecessor-version":[{"id":108150,"href":"https:\/\/htb.com.pl\/index.php?rest_route=\/wp\/v2\/posts\/1268\/revisions\/108150"}],"wp:featuredmedia":[{"embeddable":true,"href":"https:\/\/htb.com.pl\/index.php?rest_route=\/wp\/v2\/media\/1269"}],"wp:attachment":[{"href":"https:\/\/htb.com.pl\/index.php?rest_route=%2Fwp%2Fv2%2Fmedia&parent=1268"}],"wp:term":[{"taxonomy":"category","embeddable":true,"href":"https:\/\/htb.com.pl\/index.php?rest_route=%2Fwp%2Fv2%2Fcategories&post=1268"},{"taxonomy":"post_tag","embeddable":true,"href":"https:\/\/htb.com.pl\/index.php?rest_route=%2Fwp%2Fv2%2Ftags&post=1268"}],"curies":[{"name":"wp","href":"https:\/\/api.w.org\/{rel}","templated":true}]}}