{"id":127022,"date":"2025-09-07T08:34:13","date_gmt":"2025-09-07T08:34:13","guid":{"rendered":"https:\/\/htb.com.pl\/?p=127022"},"modified":"2025-09-07T08:34:16","modified_gmt":"2025-09-07T08:34:16","slug":"tisze-jedziesz-dalsze-budiesz","status":"publish","type":"post","link":"https:\/\/htb.com.pl\/?p=127022","title":{"rendered":"Tisze jedziesz dalsze budiesz"},"content":{"rendered":"\n<p><\/p>\n\n\n\n<figure class=\"wp-block-image size-thumbnail\"><a href=\"https:\/\/htb.com.pl\/wp-content\/uploads\/2025\/09\/Tisze-jedziesz-dalsze-budiesz.mp3\"><img loading=\"lazy\" decoding=\"async\" width=\"150\" height=\"150\" src=\"https:\/\/htb.com.pl\/wp-content\/uploads\/2018\/04\/posluchaj-150x150.jpg\" alt=\"\" class=\"wp-image-2020\" srcset=\"https:\/\/htb.com.pl\/wp-content\/uploads\/2018\/04\/posluchaj-150x150.jpg 150w, https:\/\/htb.com.pl\/wp-content\/uploads\/2018\/04\/posluchaj-300x300.jpg 300w, https:\/\/htb.com.pl\/wp-content\/uploads\/2018\/04\/posluchaj-100x100.jpg 100w\" sizes=\"auto, (max-width: 150px) 100vw, 150px\" \/><\/a><\/figure>\n\n\n\n<p><\/p>\n\n\n\n<p>To stare rosyjskie przys\u0142owie zapisane w formie fonetycznej \u2013 po polsku brzmi: im ciszej jedziesz, tym dalej zajedziesz. <a href=\"http:\/\/radiomaria.com.pl\/wp-content\/uploads\/2025\/09\/06.09.-Dobro-i-zlo.mp3\"><img loading=\"lazy\" decoding=\"async\" width=\"150\" height=\"93\" class=\"wp-image-127039\" style=\"width: 150px;\" src=\"https:\/\/htb.com.pl\/wp-content\/uploads\/2025\/09\/Dobro-i-zlo.png\" alt=\"\" srcset=\"https:\/\/htb.com.pl\/wp-content\/uploads\/2025\/09\/Dobro-i-zlo.png 787w, https:\/\/htb.com.pl\/wp-content\/uploads\/2025\/09\/Dobro-i-zlo-300x187.png 300w, https:\/\/htb.com.pl\/wp-content\/uploads\/2025\/09\/Dobro-i-zlo-768x478.png 768w, https:\/\/htb.com.pl\/wp-content\/uploads\/2025\/09\/Dobro-i-zlo-600x374.png 600w\" sizes=\"auto, (max-width: 150px) 100vw, 150px\" \/><\/a><\/p>\n\n\n\n<p>&nbsp; Marysia (wcze\u015bniejsze wpisy) cz\u0119sto go u\u017cywa\u0142a, jak w 1987 roku do uczestnictwa w Radzie Konsultacyjnej przekonywa\u0142a.<\/p>\n\n\n\n<p>Ta rada pogodzi\u0107 nas wtedy mia\u0142a \u2013 ostatecznie Okr\u0105g\u0142ym Sto\u0142em si\u0119 zako\u0144czy\u0142a \u2013 ale Marysia tego nie do\u017cy\u0142a.<\/p>\n\n\n\n<p>&nbsp; &nbsp;Z postanowieniami Okr\u0105g\u0142ego Sto\u0142u raczej by si\u0119 zgodzi\u0142a, ale z Ustaw\u0105 Konstytucyjn\u0105 Jaruzelskiego z roku 1990, kt\u00f3ra spos\u00f3b wyboru g\u0142owy pa\u0144stwa z parlamentarnego na wybory powszechne zmieni\u0142a, na pewno by si\u0119 nie zgodzi\u0142a. Ona w wyborach powszechnych jedynie wyb\u00f3r so\u0142tysa dopuszcza\u0142a. To ona spowodowa\u0142a, \u017ce 12 stycznia 1987 roku Papie\u017c Jan Pawe\u0142 II przyj\u0105\u0142 w Watykanie genera\u0142a. To by\u0142a bardzo, ale to bardzo wa\u017cna wizyta \u2013 jednak nasza najnowsza historia nawet tego nie odnotowa\u0142a. To nic, wa\u017cne, \u017ce to co si\u0119 wtedy sta\u0142o \u2013 dzia\u0142a.<\/p>\n\n\n\n<p>&nbsp; &nbsp;Wcze\u015bniej Bia\u0142oru\u015b, teraz Mo\u0142dawia <a href=\"http:\/\/radiomaria.com.pl\/wp-content\/uploads\/2025\/08\/29.08.-Politycy.mp3\"><img loading=\"lazy\" decoding=\"async\" width=\"150\" height=\"101\" class=\"wp-image-127025\" style=\"width: 150px;\" src=\"https:\/\/htb.com.pl\/wp-content\/uploads\/2025\/09\/Politycymaly.png\" alt=\"\" srcset=\"https:\/\/htb.com.pl\/wp-content\/uploads\/2025\/09\/Politycymaly.png 967w, https:\/\/htb.com.pl\/wp-content\/uploads\/2025\/09\/Politycymaly-300x201.png 300w, https:\/\/htb.com.pl\/wp-content\/uploads\/2025\/09\/Politycymaly-768x515.png 768w, https:\/\/htb.com.pl\/wp-content\/uploads\/2025\/09\/Politycymaly-600x402.png 600w\" sizes=\"auto, (max-width: 150px) 100vw, 150px\" \/> <\/a>te\u017c by tak jak Polska chcia\u0142a. Bia\u0142oru\u015b nawet podobn\u0105 do naszej rad\u0119 powo\u0142a\u0142a. Tam nie konsultacyjna, ale koordynacyjna si\u0119 nazywa\u0142a. Marysia ciszej dzia\u0142a\u0142a, a na czele postawi\u0142a genera\u0142a. Jaruzelskiego do \u0141ukaszenki, dyktatora bia\u0142oruskiego Marysia te\u017c raczej by nie por\u00f3wna\u0142a \u2013 ale ona wiedzia\u0142a, \u017ce to zadzia\u0142a.<\/p>\n\n\n\n<p>&nbsp; Wyb\u00f3r Karola Nawrockiego na prezydenta pa\u0144stwa polskiego Marysia raczej by zaakceptowa\u0142a. Ukraina inaczej wybra\u0142a. Wybieraj\u0105c Za\u0142enskiego, a nie Poroszenk\u0119 cisz\u0119 z\u0142ama\u0142a. Polska w takiej sytuacji ju\u017c dawno by si\u0119 podda\u0142a. <\/p>\n\n\n\n<p>Nieprawda!?<\/p>\n\n\n\n<p>To dlaczego na swoich przedstawicieli polityk\u00f3w wzoruj\u0105cych si\u0119 na przedwojennej sanacji wybra\u0142a? <a href=\"http:\/\/radiomaria.com.pl\/wp-content\/uploads\/2025\/08\/30.08.Katastrofa-lotnicza-w-Radomiu1.mp3\"><img loading=\"lazy\" decoding=\"async\" width=\"150\" height=\"85\" class=\"wp-image-127027\" style=\"width: 150px;\" src=\"https:\/\/htb.com.pl\/wp-content\/uploads\/2025\/09\/Katastrofa-w-Radomiumaly.png\" alt=\"\" srcset=\"https:\/\/htb.com.pl\/wp-content\/uploads\/2025\/09\/Katastrofa-w-Radomiumaly.png 967w, https:\/\/htb.com.pl\/wp-content\/uploads\/2025\/09\/Katastrofa-w-Radomiumaly-300x169.png 300w, https:\/\/htb.com.pl\/wp-content\/uploads\/2025\/09\/Katastrofa-w-Radomiumaly-768x433.png 768w, https:\/\/htb.com.pl\/wp-content\/uploads\/2025\/09\/Katastrofa-w-Radomiumaly-600x338.png 600w\" sizes=\"auto, (max-width: 150px) 100vw, 150px\" \/><\/a><\/p>\n\n\n\n<p>We wrze\u015bniu 1939 roku sanacyjna \u201eelita\u201d poucieka\u0142a, a ukrai\u0144ska, gdy ich Rosja zaatakowa\u0142 wsp\u00f3lnie okopy kopa\u0142a \u2013 nawet jak si\u0119 wcze\u015bniej ze sob\u0105 nie zgadza\u0142a.<\/p>\n\n\n\n<p>&nbsp; Teraz Polska 20-st\u0105 gospodark\u0105 na \u015bwiecie si\u0119 sta\u0142a. <a href=\"http:\/\/radiomaria.com.pl\/wp-content\/uploads\/2025\/09\/02.09.Polska-20-gospodarkea-swiata.mp3\"><img loading=\"lazy\" decoding=\"async\" width=\"150\" height=\"96\" class=\"wp-image-127035\" style=\"width: 150px;\" src=\"https:\/\/htb.com.pl\/wp-content\/uploads\/2025\/09\/Polska-20maly.png\" alt=\"\" srcset=\"https:\/\/htb.com.pl\/wp-content\/uploads\/2025\/09\/Polska-20maly.png 962w, https:\/\/htb.com.pl\/wp-content\/uploads\/2025\/09\/Polska-20maly-300x192.png 300w, https:\/\/htb.com.pl\/wp-content\/uploads\/2025\/09\/Polska-20maly-768x491.png 768w, https:\/\/htb.com.pl\/wp-content\/uploads\/2025\/09\/Polska-20maly-600x384.png 600w\" sizes=\"auto, (max-width: 150px) 100vw, 150px\" \/> <\/a>To, \u017ce za spraw\u0105 koalicji 15 pa\u017adziernika jest ma\u0142o wa\u017cne. <a href=\"http:\/\/radiomaria.com.pl\/wp-content\/uploads\/2025\/09\/01.09.-Tusk-i-Ursula-von-der-Leyem.mp3\"><img loading=\"lazy\" decoding=\"async\" width=\"150\" height=\"73\" class=\"wp-image-127029\" style=\"width: 150px;\" src=\"https:\/\/htb.com.pl\/wp-content\/uploads\/2025\/09\/TuskGranicamaly.png\" alt=\"\" srcset=\"https:\/\/htb.com.pl\/wp-content\/uploads\/2025\/09\/TuskGranicamaly.png 974w, https:\/\/htb.com.pl\/wp-content\/uploads\/2025\/09\/TuskGranicamaly-300x145.png 300w, https:\/\/htb.com.pl\/wp-content\/uploads\/2025\/09\/TuskGranicamaly-768x371.png 768w, https:\/\/htb.com.pl\/wp-content\/uploads\/2025\/09\/TuskGranicamaly-600x290.png 600w\" sizes=\"auto, (max-width: 150px) 100vw, 150px\" \/> <\/a>Rz\u0105d Tuska mo\u017ce by\u0107 nazwany rz\u0105dem 13 grudnia, a to, \u017ce staniemy si\u0119 cz\u0142onkiem elitarnego klubu 20-stu najwi\u0119kszych gospodarek \u015bwiata, mo\u017ce by\u0107 przypisane Karolowi Nawrockiemu <a href=\"http:\/\/radiomaria.com.pl\/wp-content\/uploads\/2025\/09\/02.09.Reparacje.mp3\"><img loading=\"lazy\" decoding=\"async\" width=\"150\" height=\"85\" class=\"wp-image-127031\" style=\"width: 150px;\" src=\"https:\/\/htb.com.pl\/wp-content\/uploads\/2025\/09\/Reparacjemaly.png\" alt=\"\" srcset=\"https:\/\/htb.com.pl\/wp-content\/uploads\/2025\/09\/Reparacjemaly.png 982w, https:\/\/htb.com.pl\/wp-content\/uploads\/2025\/09\/Reparacjemaly-300x169.png 300w, https:\/\/htb.com.pl\/wp-content\/uploads\/2025\/09\/Reparacjemaly-768x433.png 768w, https:\/\/htb.com.pl\/wp-content\/uploads\/2025\/09\/Reparacjemaly-600x338.png 600w\" sizes=\"auto, (max-width: 150px) 100vw, 150px\" \/> <\/a><a href=\"http:\/\/radiomaria.com.pl\/wp-content\/uploads\/2025\/09\/04.09.Ciszej-jedziesz-dalej-zajedziesz.mp3\"><img loading=\"lazy\" decoding=\"async\" width=\"150\" height=\"99\" class=\"wp-image-127037\" style=\"width: 150px;\" src=\"https:\/\/htb.com.pl\/wp-content\/uploads\/2025\/09\/Spotkanie-w-Waszyngtonie.png\" alt=\"\" srcset=\"https:\/\/htb.com.pl\/wp-content\/uploads\/2025\/09\/Spotkanie-w-Waszyngtonie.png 984w, https:\/\/htb.com.pl\/wp-content\/uploads\/2025\/09\/Spotkanie-w-Waszyngtonie-300x197.png 300w, https:\/\/htb.com.pl\/wp-content\/uploads\/2025\/09\/Spotkanie-w-Waszyngtonie-768x505.png 768w, https:\/\/htb.com.pl\/wp-content\/uploads\/2025\/09\/Spotkanie-w-Waszyngtonie-600x395.png 600w\" sizes=\"auto, (max-width: 150px) 100vw, 150px\" \/> <\/a>\u2013 niewa\u017cne. Ja wiem, \u017ce wszystko to zawdzi\u0119czamy Papie\u017cowi Janowi Paw\u0142owi II i genera\u0142owi Wojciechowi Jaruzelskiemu. No i anio\u0142kowi mojemu.<\/p>\n","protected":false},"excerpt":{"rendered":"<p>To stare rosyjskie przys\u0142owie zapisane w formie fonetycznej \u2013 po polsku brzmi: im ciszej jedziesz, tym dalej zajedziesz. &nbsp; Marysia (wcze\u015bniejsze wpisy) cz\u0119sto go u\u017cywa\u0142a, jak w 1987 roku do uczestnictwa w Radzie Konsultacyjnej przekonywa\u0142a. Ta rada pogodzi\u0107 nas wtedy mia\u0142a \u2013 ostatecznie Okr\u0105g\u0142ym Sto\u0142em si\u0119 zako\u0144czy\u0142a \u2013 ale Marysia tego nie do\u017cy\u0142a. &nbsp; &nbsp;Z [&hellip;]<\/p>\n","protected":false},"author":1,"featured_media":127024,"comment_status":"open","ping_status":"open","sticky":false,"template":"","format":"standard","meta":{"_jetpack_memberships_contains_paid_content":false,"footnotes":""},"categories":[4],"tags":[1035],"class_list":["post-127022","post","type-post","status-publish","format-standard","has-post-thumbnail","hentry","category-daty-i-fakty-blog","tag-tisze-jedziesz-dalsze-budiesz"],"jetpack_sharing_enabled":true,"jetpack_featured_media_url":"https:\/\/htb.com.pl\/wp-content\/uploads\/2025\/09\/Ciszej.png","_links":{"self":[{"href":"https:\/\/htb.com.pl\/index.php?rest_route=\/wp\/v2\/posts\/127022","targetHints":{"allow":["GET"]}}],"collection":[{"href":"https:\/\/htb.com.pl\/index.php?rest_route=\/wp\/v2\/posts"}],"about":[{"href":"https:\/\/htb.com.pl\/index.php?rest_route=\/wp\/v2\/types\/post"}],"author":[{"embeddable":true,"href":"https:\/\/htb.com.pl\/index.php?rest_route=\/wp\/v2\/users\/1"}],"replies":[{"embeddable":true,"href":"https:\/\/htb.com.pl\/index.php?rest_route=%2Fwp%2Fv2%2Fcomments&post=127022"}],"version-history":[{"count":9,"href":"https:\/\/htb.com.pl\/index.php?rest_route=\/wp\/v2\/posts\/127022\/revisions"}],"predecessor-version":[{"id":127042,"href":"https:\/\/htb.com.pl\/index.php?rest_route=\/wp\/v2\/posts\/127022\/revisions\/127042"}],"wp:featuredmedia":[{"embeddable":true,"href":"https:\/\/htb.com.pl\/index.php?rest_route=\/wp\/v2\/media\/127024"}],"wp:attachment":[{"href":"https:\/\/htb.com.pl\/index.php?rest_route=%2Fwp%2Fv2%2Fmedia&parent=127022"}],"wp:term":[{"taxonomy":"category","embeddable":true,"href":"https:\/\/htb.com.pl\/index.php?rest_route=%2Fwp%2Fv2%2Fcategories&post=127022"},{"taxonomy":"post_tag","embeddable":true,"href":"https:\/\/htb.com.pl\/index.php?rest_route=%2Fwp%2Fv2%2Ftags&post=127022"}],"curies":[{"name":"wp","href":"https:\/\/api.w.org\/{rel}","templated":true}]}}