{"id":127397,"date":"2025-09-14T14:12:32","date_gmt":"2025-09-14T14:12:32","guid":{"rendered":"https:\/\/htb.com.pl\/?p=127397"},"modified":"2025-09-21T03:49:10","modified_gmt":"2025-09-21T03:49:10","slug":"szturm-berlinga","status":"publish","type":"post","link":"https:\/\/htb.com.pl\/?p=127397","title":{"rendered":"Szturm Berlinga"},"content":{"rendered":"\n<p><strong>W nocy z 15 na 16 wrze\u015bnia 1944 roku (jest 81 rocznica) genera\u0142 Berling z 3 Dywizj\u0105 1 Armii Wojska Polskiego uderzy\u0142 na lewobrze\u017cn\u0105, powsta\u0144cz\u0105 cz\u0119\u015b\u0107 Warszawy, walki trwa\u0142y do 22-go.<\/strong><\/p>\n\n\n\n<figure class=\"wp-block-image size-full\"><img loading=\"lazy\" decoding=\"async\" width=\"807\" height=\"412\" src=\"https:\/\/htb.com.pl\/wp-content\/uploads\/2021\/09\/Desant.png\" alt=\"\" class=\"wp-image-55558\" srcset=\"https:\/\/htb.com.pl\/wp-content\/uploads\/2021\/09\/Desant.png 807w, https:\/\/htb.com.pl\/wp-content\/uploads\/2021\/09\/Desant-300x153.png 300w, https:\/\/htb.com.pl\/wp-content\/uploads\/2021\/09\/Desant-768x392.png 768w, https:\/\/htb.com.pl\/wp-content\/uploads\/2021\/09\/Desant-600x306.png 600w\" sizes=\"auto, (max-width: 807px) 100vw, 807px\" \/><figcaption class=\"wp-element-caption\">Tak do szturmu ruszali  &#8211;  prawie wszyscy \u017cycie oddali.<\/figcaption><\/figure>\n\n\n\n<figure class=\"wp-block-image size-full\"><img loading=\"lazy\" decoding=\"async\" width=\"936\" height=\"620\" src=\"https:\/\/htb.com.pl\/wp-content\/uploads\/2025\/09\/Pomnik_Chwala_Saperom_maly.jpg\" alt=\"\" class=\"wp-image-127399\" srcset=\"https:\/\/htb.com.pl\/wp-content\/uploads\/2025\/09\/Pomnik_Chwala_Saperom_maly.jpg 936w, https:\/\/htb.com.pl\/wp-content\/uploads\/2025\/09\/Pomnik_Chwala_Saperom_maly-300x199.jpg 300w, https:\/\/htb.com.pl\/wp-content\/uploads\/2025\/09\/Pomnik_Chwala_Saperom_maly-768x509.jpg 768w, https:\/\/htb.com.pl\/wp-content\/uploads\/2025\/09\/Pomnik_Chwala_Saperom_maly-600x397.jpg 600w\" sizes=\"auto, (max-width: 936px) 100vw, 936px\" \/><figcaption class=\"wp-element-caption\">Tu ich nazwiska spisali &#8211; pami\u0119ta\u0107 obiecali.<\/figcaption><\/figure>\n\n\n\n<p>Jutro (15 wrze\u015bnia) moje Radio MARIA z Bazaru przy Hali Targowej w Mielcu, w audycji na \u017cywo wspomni szturm gen. Berlinga. W za\u0142o\u017ceniu jest te\u017c walka z dezinformacj\u0105.<\/p>\n\n\n\n<p>Nagramie<\/p>\n\n\n\n<figure class=\"wp-block-audio\"><audio controls src=\"https:\/\/htb.com.pl\/wp-content\/uploads\/2025\/09\/SzturmBer5linga.mp3\"><\/audio><\/figure>\n\n\n\n<p>Wykorzystano wpis <a href=\"https:\/\/htb.com.pl\/?p=1268\">Fatalny wrzesie\u0144 1987<\/a><\/p>\n","protected":false},"excerpt":{"rendered":"<p>W nocy z 15 na 16 wrze\u015bnia 1944 roku (jest 81 rocznica) genera\u0142 Berling z 3 Dywizj\u0105 1 Armii Wojska Polskiego uderzy\u0142 na lewobrze\u017cn\u0105, powsta\u0144cz\u0105 cz\u0119\u015b\u0107 Warszawy, walki trwa\u0142y do 22-go. Jutro (15 wrze\u015bnia) moje Radio MARIA z Bazaru przy Hali Targowej w Mielcu, w audycji na \u017cywo wspomni szturm gen. Berlinga. W za\u0142o\u017ceniu jest [&hellip;]<\/p>\n","protected":false},"author":1,"featured_media":55558,"comment_status":"open","ping_status":"open","sticky":false,"template":"","format":"standard","meta":{"_jetpack_memberships_contains_paid_content":false,"footnotes":""},"categories":[19],"tags":[1038],"class_list":["post-127397","post","type-post","status-publish","format-standard","has-post-thumbnail","hentry","category-radio-maria","tag-szturm-berlinga"],"jetpack_sharing_enabled":true,"jetpack_featured_media_url":"https:\/\/htb.com.pl\/wp-content\/uploads\/2021\/09\/Desant.png","_links":{"self":[{"href":"https:\/\/htb.com.pl\/index.php?rest_route=\/wp\/v2\/posts\/127397","targetHints":{"allow":["GET"]}}],"collection":[{"href":"https:\/\/htb.com.pl\/index.php?rest_route=\/wp\/v2\/posts"}],"about":[{"href":"https:\/\/htb.com.pl\/index.php?rest_route=\/wp\/v2\/types\/post"}],"author":[{"embeddable":true,"href":"https:\/\/htb.com.pl\/index.php?rest_route=\/wp\/v2\/users\/1"}],"replies":[{"embeddable":true,"href":"https:\/\/htb.com.pl\/index.php?rest_route=%2Fwp%2Fv2%2Fcomments&post=127397"}],"version-history":[{"count":6,"href":"https:\/\/htb.com.pl\/index.php?rest_route=\/wp\/v2\/posts\/127397\/revisions"}],"predecessor-version":[{"id":127724,"href":"https:\/\/htb.com.pl\/index.php?rest_route=\/wp\/v2\/posts\/127397\/revisions\/127724"}],"wp:featuredmedia":[{"embeddable":true,"href":"https:\/\/htb.com.pl\/index.php?rest_route=\/wp\/v2\/media\/55558"}],"wp:attachment":[{"href":"https:\/\/htb.com.pl\/index.php?rest_route=%2Fwp%2Fv2%2Fmedia&parent=127397"}],"wp:term":[{"taxonomy":"category","embeddable":true,"href":"https:\/\/htb.com.pl\/index.php?rest_route=%2Fwp%2Fv2%2Fcategories&post=127397"},{"taxonomy":"post_tag","embeddable":true,"href":"https:\/\/htb.com.pl\/index.php?rest_route=%2Fwp%2Fv2%2Ftags&post=127397"}],"curies":[{"name":"wp","href":"https:\/\/api.w.org\/{rel}","templated":true}]}}