{"id":128094,"date":"2025-09-28T12:42:02","date_gmt":"2025-09-28T12:42:02","guid":{"rendered":"https:\/\/htb.com.pl\/?p=128094"},"modified":"2025-09-28T13:09:30","modified_gmt":"2025-09-28T13:09:30","slug":"ludzie-nie-sa-zli-tylko-czynia-zle","status":"publish","type":"post","link":"https:\/\/htb.com.pl\/?p=128094","title":{"rendered":"Ludzie nie s\u0105 \u017ali tylko czyni\u0105 \u017ale"},"content":{"rendered":"\n<p><\/p>\n\n\n\n<p><\/p>\n\n\n\n<figure class=\"wp-block-image size-thumbnail\"><a href=\"https:\/\/htb.com.pl\/wp-content\/uploads\/2025\/09\/Ludzie-nie-sa-zli-tylko-czynia-zle.mp3\"><img loading=\"lazy\" decoding=\"async\" width=\"150\" height=\"150\" src=\"https:\/\/htb.com.pl\/wp-content\/uploads\/2018\/04\/posluchaj-150x150.jpg\" alt=\"\" class=\"wp-image-2020\" srcset=\"https:\/\/htb.com.pl\/wp-content\/uploads\/2018\/04\/posluchaj-150x150.jpg 150w, https:\/\/htb.com.pl\/wp-content\/uploads\/2018\/04\/posluchaj-300x300.jpg 300w, https:\/\/htb.com.pl\/wp-content\/uploads\/2018\/04\/posluchaj-100x100.jpg 100w\" sizes=\"auto, (max-width: 150px) 100vw, 150px\" \/><\/a><\/figure>\n\n\n\n<p>Tytu\u0142 to s\u0142owa bp Tadeusza Pieronka (1928 &#8211; 2013). To ta jego dewiza sprawi\u0142a, \u017ce hierarchia naszego ko\u015bcio\u0142a katolickiego go nie ceni\u0142a. I ani Jan Pawe\u0142 II, ani Benedykt XVI na kardyna\u0142a go nie nominowali i nie &nbsp;mianowali\u2026 To wynika z prawa kanonicznego ko\u015bcio\u0142a katolickiego.<\/p>\n\n\n\n<p>&nbsp;Je\u017celi chodzi o ustr\u00f3j Pa\u0144stwa Polskiego, to jest to co\u015b zupe\u0142nie innego. Moim zdaniem najwi\u0119ksz\u0105 r\u00f3\u017cnic\u0105 jest to, \u017ce jest niemo\u017cliwe, aby decyzje w czasie pokoju by\u0142y podejmowane jednoosobowo. Wprawdzie to prezydent np: ambasador\u00f3w mianuje, ale wcze\u015bniej jakie\u015b gremium takiego kandydata na ambasadora nominuje. I tego w\u0142a\u015bnie prezydent Karol Nawrocki nie pojmuje. On uwa\u017ca, \u017ce jest jak papie\u017c, kt\u00f3ry kardyna\u0142a zar\u00f3wno nominuje, jak i mianuje. <a href=\"http:\/\/radiomaria.com.pl\/wp-content\/uploads\/2025\/09\/22.09.Podpis-prezydenta.mp3\"><img loading=\"lazy\" decoding=\"async\" width=\"150\" height=\"99\" class=\"wp-image-128097\" style=\"width: 150px;\" src=\"https:\/\/htb.com.pl\/wp-content\/uploads\/2025\/09\/Podpis.png\" alt=\"\" srcset=\"https:\/\/htb.com.pl\/wp-content\/uploads\/2025\/09\/Podpis.png 761w, https:\/\/htb.com.pl\/wp-content\/uploads\/2025\/09\/Podpis-300x198.png 300w, https:\/\/htb.com.pl\/wp-content\/uploads\/2025\/09\/Podpis-600x395.png 600w\" sizes=\"auto, (max-width: 150px) 100vw, 150px\" \/><\/a> <a href=\"http:\/\/radiomaria.com.pl\/wp-content\/uploads\/2025\/09\/27.09.-Podpisy.mp3\"><img loading=\"lazy\" decoding=\"async\" width=\"150\" height=\"84\" class=\"wp-image-128107\" style=\"width: 150px;\" src=\"https:\/\/htb.com.pl\/wp-content\/uploads\/2025\/09\/Podpisalmaly.png\" alt=\"\" srcset=\"https:\/\/htb.com.pl\/wp-content\/uploads\/2025\/09\/Podpisalmaly.png 977w, https:\/\/htb.com.pl\/wp-content\/uploads\/2025\/09\/Podpisalmaly-300x169.png 300w, https:\/\/htb.com.pl\/wp-content\/uploads\/2025\/09\/Podpisalmaly-768x432.png 768w, https:\/\/htb.com.pl\/wp-content\/uploads\/2025\/09\/Podpisalmaly-600x338.png 600w\" sizes=\"auto, (max-width: 150px) 100vw, 150px\" \/><\/a><\/p>\n\n\n\n<p>&nbsp; To by by\u0142a dyktatura \u2013 jak w Rosji, czy od niedawna w Stanach Zjednoczonych. <a href=\"http:\/\/radiomaria.com.pl\/wp-content\/uploads\/2025\/09\/23.09.Trump-w-ONZ.mp3\"><img loading=\"lazy\" decoding=\"async\" width=\"150\" height=\"84\" class=\"wp-image-128099\" style=\"width: 150px;\" src=\"https:\/\/htb.com.pl\/wp-content\/uploads\/2025\/09\/TrumpwONZ.png\" alt=\"\" srcset=\"https:\/\/htb.com.pl\/wp-content\/uploads\/2025\/09\/TrumpwONZ.png 979w, https:\/\/htb.com.pl\/wp-content\/uploads\/2025\/09\/TrumpwONZ-300x169.png 300w, https:\/\/htb.com.pl\/wp-content\/uploads\/2025\/09\/TrumpwONZ-768x431.png 768w, https:\/\/htb.com.pl\/wp-content\/uploads\/2025\/09\/TrumpwONZ-600x337.png 600w\" sizes=\"auto, (max-width: 150px) 100vw, 150px\" \/> <\/a>Mamy tu w\u0142asne, z\u0142e do\u015bwiadczenia z dwudziestolecia mi\u0119dzywojennego i cho\u0107by dlatego powinni\u015bmy przestrzega\u0107 <strong>Konstytucji Pa\u0144stwa Polskiego<\/strong>. Bo ona jest wzorowana na tej z roku 1921, a nie tej z roku 1935 \u2013 kt\u00f3ra doprowadzi\u0142a do kl\u0119ski z wrze\u015bnia 1939.<\/p>\n\n\n\n<p>&nbsp; Mamy wielu bohater\u00f3w z tamtego okresu, ale dopiero Ignacy Jan Paderewski i gen. W\u0142adys\u0142aw Sikorski spowodowali, \u017ce ci bohaterowie po jednej stronie stali\u2026 <a href=\"http:\/\/radiomaria.com.pl\/wp-content\/uploads\/2025\/09\/24.09.NawrockiSikoraki.mp3\"><img loading=\"lazy\" decoding=\"async\" width=\"150\" height=\"84\" class=\"wp-image-128101\" style=\"width: 150px;\" src=\"https:\/\/htb.com.pl\/wp-content\/uploads\/2025\/09\/Razem.png\" alt=\"\" srcset=\"https:\/\/htb.com.pl\/wp-content\/uploads\/2025\/09\/Razem.png 632w, https:\/\/htb.com.pl\/wp-content\/uploads\/2025\/09\/Razem-300x169.png 300w, https:\/\/htb.com.pl\/wp-content\/uploads\/2025\/09\/Razem-600x337.png 600w\" sizes=\"auto, (max-width: 150px) 100vw, 150px\" \/> <\/a>Dop\u00f3ki ci, co inaczej uwa\u017cali, Sikorskiego w Gibraltarze nie zamordowali.<\/p>\n\n\n\n<p>My Polacy jeste\u015bmy indywidualistami <a href=\"http:\/\/radiomaria.com.pl\/wp-content\/uploads\/2025\/09\/25.09.Polacy-to-indywidualisci.mp3\"><img loading=\"lazy\" decoding=\"async\" width=\"150\" height=\"79\" class=\"wp-image-128103\" style=\"width: 150px;\" src=\"https:\/\/htb.com.pl\/wp-content\/uploads\/2025\/09\/Bargiel.png\" alt=\"\" srcset=\"https:\/\/htb.com.pl\/wp-content\/uploads\/2025\/09\/Bargiel.png 902w, https:\/\/htb.com.pl\/wp-content\/uploads\/2025\/09\/Bargiel-300x158.png 300w, https:\/\/htb.com.pl\/wp-content\/uploads\/2025\/09\/Bargiel-768x405.png 768w, https:\/\/htb.com.pl\/wp-content\/uploads\/2025\/09\/Bargiel-850x450.png 850w, https:\/\/htb.com.pl\/wp-content\/uploads\/2025\/09\/Bargiel-600x317.png 600w\" sizes=\"auto, (max-width: 150px) 100vw, 150px\" \/> <\/a>i albo t\u0119 nasz\u0105 cech\u0119 dobrze wykorzystamy, albo jak to ju\u017c nieraz bywa\u0142o \u2013 przegramy.<\/p>\n","protected":false},"excerpt":{"rendered":"<p>Tytu\u0142 to s\u0142owa bp Tadeusza Pieronka (1928 &#8211; 2013). To ta jego dewiza sprawi\u0142a, \u017ce hierarchia naszego ko\u015bcio\u0142a katolickiego go nie ceni\u0142a. I ani Jan Pawe\u0142 II, ani Benedykt XVI na kardyna\u0142a go nie nominowali i nie &nbsp;mianowali\u2026 To wynika z prawa kanonicznego ko\u015bcio\u0142a katolickiego. &nbsp;Je\u017celi chodzi o ustr\u00f3j Pa\u0144stwa Polskiego, to jest to co\u015b [&hellip;]<\/p>\n","protected":false},"author":1,"featured_media":128096,"comment_status":"open","ping_status":"open","sticky":false,"template":"","format":"standard","meta":{"_jetpack_memberships_contains_paid_content":false,"footnotes":""},"categories":[4],"tags":[1042],"class_list":["post-128094","post","type-post","status-publish","format-standard","has-post-thumbnail","hentry","category-daty-i-fakty-blog","tag-ludzie-nie-sa-zli-tylko-czynia-zle"],"jetpack_sharing_enabled":true,"jetpack_featured_media_url":"https:\/\/htb.com.pl\/wp-content\/uploads\/2025\/09\/Pieronek.png","_links":{"self":[{"href":"https:\/\/htb.com.pl\/index.php?rest_route=\/wp\/v2\/posts\/128094","targetHints":{"allow":["GET"]}}],"collection":[{"href":"https:\/\/htb.com.pl\/index.php?rest_route=\/wp\/v2\/posts"}],"about":[{"href":"https:\/\/htb.com.pl\/index.php?rest_route=\/wp\/v2\/types\/post"}],"author":[{"embeddable":true,"href":"https:\/\/htb.com.pl\/index.php?rest_route=\/wp\/v2\/users\/1"}],"replies":[{"embeddable":true,"href":"https:\/\/htb.com.pl\/index.php?rest_route=%2Fwp%2Fv2%2Fcomments&post=128094"}],"version-history":[{"count":7,"href":"https:\/\/htb.com.pl\/index.php?rest_route=\/wp\/v2\/posts\/128094\/revisions"}],"predecessor-version":[{"id":128113,"href":"https:\/\/htb.com.pl\/index.php?rest_route=\/wp\/v2\/posts\/128094\/revisions\/128113"}],"wp:featuredmedia":[{"embeddable":true,"href":"https:\/\/htb.com.pl\/index.php?rest_route=\/wp\/v2\/media\/128096"}],"wp:attachment":[{"href":"https:\/\/htb.com.pl\/index.php?rest_route=%2Fwp%2Fv2%2Fmedia&parent=128094"}],"wp:term":[{"taxonomy":"category","embeddable":true,"href":"https:\/\/htb.com.pl\/index.php?rest_route=%2Fwp%2Fv2%2Fcategories&post=128094"},{"taxonomy":"post_tag","embeddable":true,"href":"https:\/\/htb.com.pl\/index.php?rest_route=%2Fwp%2Fv2%2Ftags&post=128094"}],"curies":[{"name":"wp","href":"https:\/\/api.w.org\/{rel}","templated":true}]}}