{"id":128439,"date":"2025-10-05T11:02:17","date_gmt":"2025-10-05T11:02:17","guid":{"rendered":"https:\/\/htb.com.pl\/?p=128439"},"modified":"2025-10-05T12:08:31","modified_gmt":"2025-10-05T12:08:31","slug":"uderz-w-stol-a-nozyce-sie-odezwa","status":"publish","type":"post","link":"https:\/\/htb.com.pl\/?p=128439","title":{"rendered":"Uderz w st\u00f3\u0142, a no\u017cyce si\u0119 odezw\u0105"},"content":{"rendered":"\n<p><\/p>\n\n\n\n<p><\/p>\n\n\n\n<figure class=\"wp-block-image size-thumbnail\"><a href=\"https:\/\/htb.com.pl\/wp-content\/uploads\/2025\/10\/Uderz-w-stol-a-nozyce-sie-odezwa.mp3\"><img loading=\"lazy\" decoding=\"async\" width=\"150\" height=\"150\" src=\"https:\/\/htb.com.pl\/wp-content\/uploads\/2018\/04\/posluchaj-150x150.jpg\" alt=\"\" class=\"wp-image-2020\" srcset=\"https:\/\/htb.com.pl\/wp-content\/uploads\/2018\/04\/posluchaj-150x150.jpg 150w, https:\/\/htb.com.pl\/wp-content\/uploads\/2018\/04\/posluchaj-300x300.jpg 300w, https:\/\/htb.com.pl\/wp-content\/uploads\/2018\/04\/posluchaj-100x100.jpg 100w\" sizes=\"auto, (max-width: 150px) 100vw, 150px\" \/><\/a><\/figure>\n\n\n\n<p>Powiedzenie to zwi\u0105zane jest z krawiectwem. Krawiec, jak nie widzia\u0142 no\u017cyc, uderza\u0142 w st\u00f3\u0142 i ju\u017c wiedzia\u0142 gdzie le\u017c\u0105 no\u017cyce. Ale furor\u0119 zrobi\u0142o w walce dobra ze z\u0142em. Ludzie, kt\u00f3rzy dobrych udaj\u0105, zwykle jak te no\u017cyce si\u0119 odzywaj\u0105, gdy o ich z\u0142ych post\u0119pkach inni opowiadaj\u0105, czym do czynienia z\u0142a si\u0119 przyznaj\u0105. \u0179li politycy, kt\u00f3rzy nasz system s\u0105downictwa zdemolowali, tak w\u0142a\u015bnie na likwidacj\u0119 \u201e\u0179iobrolotka\u201d przez ministra sprawiedliwo\u015bci Waldemara \u017burka zareagowali. <\/p>\n\n\n\n<figure class=\"wp-block-image size-full\"><a href=\"http:\/\/radiomaria.com.pl\/wp-content\/uploads\/2025\/10\/05.10.Ziobrolotek.mp3\"><img loading=\"lazy\" decoding=\"async\" width=\"964\" height=\"544\" src=\"https:\/\/htb.com.pl\/wp-content\/uploads\/2025\/10\/Zureknaly.png\" alt=\"\" class=\"wp-image-128444\" srcset=\"https:\/\/htb.com.pl\/wp-content\/uploads\/2025\/10\/Zureknaly.png 964w, https:\/\/htb.com.pl\/wp-content\/uploads\/2025\/10\/Zureknaly-300x169.png 300w, https:\/\/htb.com.pl\/wp-content\/uploads\/2025\/10\/Zureknaly-768x433.png 768w, https:\/\/htb.com.pl\/wp-content\/uploads\/2025\/10\/Zureknaly-600x339.png 600w\" sizes=\"auto, (max-width: 964px) 100vw, 964px\" \/><\/a><figcaption class=\"wp-element-caption\">\u0179r\u00f3d\u0142o zdj\u0119\u0107: \u00a9 Licencjodawca | \ufffdukasz G\ufffdgulski<\/figcaption><\/figure>\n\n\n\n<p>&nbsp; Przywracanie praworz\u0105dno\u015bci to element obrony naszej wolno\u015bci i niepodleg\u0142o\u015bci. Rosjanie, <a href=\"http:\/\/radiomaria.com.pl\/wp-content\/uploads\/2025\/10\/01.10.Pucz-w-Rosji-1.mp3\"><img loading=\"lazy\" decoding=\"async\" width=\"150\" height=\"107\" class=\"wp-image-128440\" style=\"width: 150px;\" src=\"https:\/\/htb.com.pl\/wp-content\/uploads\/2025\/10\/Pucz.png\" alt=\"\" srcset=\"https:\/\/htb.com.pl\/wp-content\/uploads\/2025\/10\/Pucz.png 712w, https:\/\/htb.com.pl\/wp-content\/uploads\/2025\/10\/Pucz-300x214.png 300w, https:\/\/htb.com.pl\/wp-content\/uploads\/2025\/10\/Pucz-600x428.png 600w\" sizes=\"auto, (max-width: 150px) 100vw, 150px\" \/> <\/a>Amerykanie, <a href=\"http:\/\/radiomaria.com.pl\/wp-content\/uploads\/2025\/10\/03.10.Nie-pytaj.mp3\"><img loading=\"lazy\" decoding=\"async\" width=\"150\" height=\"80\" class=\"wp-image-128442\" style=\"width: 150px;\" src=\"https:\/\/htb.com.pl\/wp-content\/uploads\/2025\/10\/Nie-pytajmaly.png\" alt=\"\" srcset=\"https:\/\/htb.com.pl\/wp-content\/uploads\/2025\/10\/Nie-pytajmaly.png 979w, https:\/\/htb.com.pl\/wp-content\/uploads\/2025\/10\/Nie-pytajmaly-300x159.png 300w, https:\/\/htb.com.pl\/wp-content\/uploads\/2025\/10\/Nie-pytajmaly-768x408.png 768w, https:\/\/htb.com.pl\/wp-content\/uploads\/2025\/10\/Nie-pytajmaly-850x450.png 850w, https:\/\/htb.com.pl\/wp-content\/uploads\/2025\/10\/Nie-pytajmaly-600x319.png 600w\" sizes=\"auto, (max-width: 150px) 100vw, 150px\" \/> <\/a>Izraelczycy i Palesty\u0144czycy wniosk\u00f3w nie wyci\u0105gali, jak niekt\u00f3rzy z ich obywateli w st\u00f3\u0142 uderzali i ostrzegali, \u017ceby na z\u0142o nie g\u0142osowali\u2026 Zag\u0142osowali, z\u0142o wybrali i teraz b\u0119d\u0105 si\u0119 nawzajem mordowali.<\/p>\n\n\n\n<p>W Polsce wielokrotnie ten scenariusz \u017ce\u015bmy przerabiali \u2013 zdarza\u0142o si\u0119, \u017ce w\u0142a\u015bciwe wnioski \u017ce\u015bmy wyci\u0105gali. Ostatnio jednak coraz gorzej wybieramy. Z\u0142o, kt\u00f3re czyni\u0105 przyw\u00f3dcy wymienionych wy\u017cej pa\u0144stw &#8211; wybielamy.&nbsp; <strong>Z\u0142o jest z\u0142em! <\/strong>&nbsp;i albo tego ostrze\u017cenia pos\u0142uchamy, albo kolejny raz &#8211; przegramy.<\/p>\n","protected":false},"excerpt":{"rendered":"<p>Powiedzenie to zwi\u0105zane jest z krawiectwem. Krawiec, jak nie widzia\u0142 no\u017cyc, uderza\u0142 w st\u00f3\u0142 i ju\u017c wiedzia\u0142 gdzie le\u017c\u0105 no\u017cyce. Ale furor\u0119 zrobi\u0142o w walce dobra ze z\u0142em. Ludzie, kt\u00f3rzy dobrych udaj\u0105, zwykle jak te no\u017cyce si\u0119 odzywaj\u0105, gdy o ich z\u0142ych post\u0119pkach inni opowiadaj\u0105, czym do czynienia z\u0142a si\u0119 przyznaj\u0105. \u0179li politycy, kt\u00f3rzy nasz [&hellip;]<\/p>\n","protected":false},"author":1,"featured_media":128438,"comment_status":"open","ping_status":"open","sticky":false,"template":"","format":"standard","meta":{"_jetpack_memberships_contains_paid_content":false,"footnotes":""},"categories":[4],"tags":[1044,1043],"class_list":["post-128439","post","type-post","status-publish","format-standard","has-post-thumbnail","hentry","category-daty-i-fakty-blog","tag-a-nozyce-sie-odezwa","tag-uderz-w-stol"],"jetpack_sharing_enabled":true,"jetpack_featured_media_url":"https:\/\/htb.com.pl\/wp-content\/uploads\/2025\/10\/Uderz-w-stol.png","_links":{"self":[{"href":"https:\/\/htb.com.pl\/index.php?rest_route=\/wp\/v2\/posts\/128439","targetHints":{"allow":["GET"]}}],"collection":[{"href":"https:\/\/htb.com.pl\/index.php?rest_route=\/wp\/v2\/posts"}],"about":[{"href":"https:\/\/htb.com.pl\/index.php?rest_route=\/wp\/v2\/types\/post"}],"author":[{"embeddable":true,"href":"https:\/\/htb.com.pl\/index.php?rest_route=\/wp\/v2\/users\/1"}],"replies":[{"embeddable":true,"href":"https:\/\/htb.com.pl\/index.php?rest_route=%2Fwp%2Fv2%2Fcomments&post=128439"}],"version-history":[{"count":4,"href":"https:\/\/htb.com.pl\/index.php?rest_route=\/wp\/v2\/posts\/128439\/revisions"}],"predecessor-version":[{"id":128450,"href":"https:\/\/htb.com.pl\/index.php?rest_route=\/wp\/v2\/posts\/128439\/revisions\/128450"}],"wp:featuredmedia":[{"embeddable":true,"href":"https:\/\/htb.com.pl\/index.php?rest_route=\/wp\/v2\/media\/128438"}],"wp:attachment":[{"href":"https:\/\/htb.com.pl\/index.php?rest_route=%2Fwp%2Fv2%2Fmedia&parent=128439"}],"wp:term":[{"taxonomy":"category","embeddable":true,"href":"https:\/\/htb.com.pl\/index.php?rest_route=%2Fwp%2Fv2%2Fcategories&post=128439"},{"taxonomy":"post_tag","embeddable":true,"href":"https:\/\/htb.com.pl\/index.php?rest_route=%2Fwp%2Fv2%2Ftags&post=128439"}],"curies":[{"name":"wp","href":"https:\/\/api.w.org\/{rel}","templated":true}]}}