{"id":128771,"date":"2025-10-12T12:11:14","date_gmt":"2025-10-12T12:11:14","guid":{"rendered":"https:\/\/htb.com.pl\/?p=128771"},"modified":"2025-10-12T12:12:35","modified_gmt":"2025-10-12T12:12:35","slug":"nie-bac-tuska","status":"publish","type":"post","link":"https:\/\/htb.com.pl\/?p=128771","title":{"rendered":"Nie ba\u0107 Tuska"},"content":{"rendered":"\n<p><\/p>\n\n\n\n<p><\/p>\n\n\n\n<figure class=\"wp-block-image size-thumbnail\"><a href=\"https:\/\/htb.com.pl\/wp-content\/uploads\/2025\/10\/Nie-bac-Tuska.mp3\"><img loading=\"lazy\" decoding=\"async\" width=\"150\" height=\"150\" src=\"https:\/\/htb.com.pl\/wp-content\/uploads\/2018\/04\/posluchaj-150x150.jpg\" alt=\"\" class=\"wp-image-2020\" srcset=\"https:\/\/htb.com.pl\/wp-content\/uploads\/2018\/04\/posluchaj-150x150.jpg 150w, https:\/\/htb.com.pl\/wp-content\/uploads\/2018\/04\/posluchaj-300x300.jpg 300w, https:\/\/htb.com.pl\/wp-content\/uploads\/2018\/04\/posluchaj-100x100.jpg 100w\" sizes=\"auto, (max-width: 150px) 100vw, 150px\" \/><\/a><\/figure>\n\n\n\n<p>Takie has\u0142o PiS-owcy wymy\u015blili i w Warszawie na Placu Zamkowym podczas manifestacji przeciwko nielegalnej migracji, w kibolskiej narracji go u\u017cyli. I cho\u0107 fajnie brzmia\u0142o, to z faktami si\u0119 nie zgadza\u0142o. <a href=\"http:\/\/radiomaria.com.pl\/wp-content\/uploads\/2025\/10\/11.10.Pakt-migracyjny-nie-dla-Polski.mp3\"><img loading=\"lazy\" decoding=\"async\" width=\"150\" height=\"78\" class=\"wp-image-128785\" style=\"width: 150px;\" src=\"https:\/\/htb.com.pl\/wp-content\/uploads\/2025\/10\/DemonstracjaMmaly.png\" alt=\"\" srcset=\"https:\/\/htb.com.pl\/wp-content\/uploads\/2025\/10\/DemonstracjaMmaly.png 985w, https:\/\/htb.com.pl\/wp-content\/uploads\/2025\/10\/DemonstracjaMmaly-300x155.png 300w, https:\/\/htb.com.pl\/wp-content\/uploads\/2025\/10\/DemonstracjaMmaly-768x398.png 768w, https:\/\/htb.com.pl\/wp-content\/uploads\/2025\/10\/DemonstracjaMmaly-850x450.png 850w, https:\/\/htb.com.pl\/wp-content\/uploads\/2025\/10\/DemonstracjaMmaly-600x311.png 600w\" sizes=\"auto, (max-width: 150px) 100vw, 150px\" \/> <\/a>Wcze\u015bniej Radio RMF poda\u0142o, \u017ce w Polsce unijne rozporz\u0105dzenia w sprawie relokacji migrant\u00f3w nie b\u0119dzie obowi\u0105zywa\u0142o.<\/p>\n\n\n\n<p>Jeszcze wcze\u015bniej pa\u0144stwo Putina Angel\u0119 Merkel zaatakowa\u0142o, <a href=\"http:\/\/radiomaria.com.pl\/wp-content\/uploads\/2025\/10\/07.10.Krytyka-Merkel.mp3\"><img loading=\"lazy\" decoding=\"async\" width=\"150\" height=\"90\" class=\"wp-image-128779\" style=\"width: 150px;\" src=\"https:\/\/htb.com.pl\/wp-content\/uploads\/2025\/10\/Krytyka-Merkelmaly.png\" alt=\"\" srcset=\"https:\/\/htb.com.pl\/wp-content\/uploads\/2025\/10\/Krytyka-Merkelmaly.png 999w, https:\/\/htb.com.pl\/wp-content\/uploads\/2025\/10\/Krytyka-Merkelmaly-300x179.png 300w, https:\/\/htb.com.pl\/wp-content\/uploads\/2025\/10\/Krytyka-Merkelmaly-768x459.png 768w, https:\/\/htb.com.pl\/wp-content\/uploads\/2025\/10\/Krytyka-Merkelmaly-600x359.png 600w\" sizes=\"auto, (max-width: 150px) 100vw, 150px\" \/> <\/a>tam poprzez sw\u0105 propagand\u0119&nbsp; poda\u0142o, \u017ce Pani Kanclerz powiedzia\u0142a, i\u017c gdyby nie Polska, to UE z Putinem by si\u0119 dogada\u0142a. Obni\u017ck\u0119 st\u00f3p procentowych o 25 punkt\u00f3w bazowych i post\u0119p w uregulowaniu problem\u00f3w s\u0105dowych &#8211;&nbsp; kremlowska propaganda przemilcza\u0142a. <a href=\"http:\/\/radiomaria.com.pl\/wp-content\/uploads\/2025\/10\/10.10.Wymiar-sprawiedliwosci.mp3\"><img loading=\"lazy\" decoding=\"async\" width=\"150\" height=\"84\" class=\"wp-image-128783\" style=\"width: 150px;\" src=\"https:\/\/htb.com.pl\/wp-content\/uploads\/2025\/10\/Wymiarmaly.png\" alt=\"\" srcset=\"https:\/\/htb.com.pl\/wp-content\/uploads\/2025\/10\/Wymiarmaly.png 959w, https:\/\/htb.com.pl\/wp-content\/uploads\/2025\/10\/Wymiarmaly-300x169.png 300w, https:\/\/htb.com.pl\/wp-content\/uploads\/2025\/10\/Wymiarmaly-768x432.png 768w, https:\/\/htb.com.pl\/wp-content\/uploads\/2025\/10\/Wymiarmaly-600x338.png 600w\" sizes=\"auto, (max-width: 150px) 100vw, 150px\" \/><\/a><\/p>\n\n\n\n<p>Odnosz\u0119 wra\u017cenie, \u017ce inwazja raszyst\u00f3w si\u0119 za\u0142ama\u0142a.<\/p>\n\n\n\n<p>Go\u0142ym okiem wida\u0107, \u017ce g\u0142upoty jakie w Polsce opowiadaj\u0105 z faktami si\u0119 nie zgadzaj\u0105. U siebie za\u015b problemy na stacjach paliwowych maj\u0105. Na nie sw\u00f3j Krym paliwa praktycznie nie dostarczaj\u0105.<\/p>\n\n\n\n<p>&nbsp; Propaganda Putina niewiele kosztuje, a w Polsce to nawet sama si\u0119 finansuje. I albo co\u015b z tym zrobimy, albo zielone ludziki, a nie styropianowe drony na naszych polach zobaczymy.<\/p>\n\n\n\n<p>&nbsp; I co wtedy zrobimy?<\/p>\n\n\n\n<p>Uciekniemy?<\/p>\n\n\n\n<p>Tak we wrze\u015bniu 1939 roku zrobili ci, co pod koniec lat 80-tych, jako Solidarno\u015b\u0107 wr\u00f3cili. Jak uciekali Sanacja (uzdrowienie) si\u0119 nazywali &#8211; dzi\u015b Prawo i Sprawiedliwo\u015b\u0107. Gdy parz\u0119 jakie sprytne has\u0142o na demonstracj\u0119 w Warszawie wykombinowali, wiem, \u017ce nad kolejn\u0105 nazw\u0105 dla swojego ruchu nie b\u0119d\u0105 d\u0142ugo si\u0119 zastanawiali. Radio Maria proponuje, aby teraz po prosu zdrajcami si\u0119 nazywali. Mo\u017ce by\u0107 bowiem tak, \u017ce nasi nast\u0119pcy historii nie b\u0119d\u0105 zak\u0142amywali.<\/p>\n\n\n\n<p><\/p>\n","protected":false},"excerpt":{"rendered":"<p>Takie has\u0142o PiS-owcy wymy\u015blili i w Warszawie na Placu Zamkowym podczas manifestacji przeciwko nielegalnej migracji, w kibolskiej narracji go u\u017cyli. I cho\u0107 fajnie brzmia\u0142o, to z faktami si\u0119 nie zgadza\u0142o. Wcze\u015bniej Radio RMF poda\u0142o, \u017ce w Polsce unijne rozporz\u0105dzenia w sprawie relokacji migrant\u00f3w nie b\u0119dzie obowi\u0105zywa\u0142o. Jeszcze wcze\u015bniej pa\u0144stwo Putina Angel\u0119 Merkel zaatakowa\u0142o, tam poprzez [&hellip;]<\/p>\n","protected":false},"author":1,"featured_media":128777,"comment_status":"open","ping_status":"open","sticky":false,"template":"","format":"standard","meta":{"_jetpack_memberships_contains_paid_content":false,"footnotes":""},"categories":[4],"tags":[],"class_list":["post-128771","post","type-post","status-publish","format-standard","has-post-thumbnail","hentry","category-daty-i-fakty-blog"],"jetpack_sharing_enabled":true,"jetpack_featured_media_url":"https:\/\/htb.com.pl\/wp-content\/uploads\/2025\/10\/Propagandamaly.png","_links":{"self":[{"href":"https:\/\/htb.com.pl\/index.php?rest_route=\/wp\/v2\/posts\/128771","targetHints":{"allow":["GET"]}}],"collection":[{"href":"https:\/\/htb.com.pl\/index.php?rest_route=\/wp\/v2\/posts"}],"about":[{"href":"https:\/\/htb.com.pl\/index.php?rest_route=\/wp\/v2\/types\/post"}],"author":[{"embeddable":true,"href":"https:\/\/htb.com.pl\/index.php?rest_route=\/wp\/v2\/users\/1"}],"replies":[{"embeddable":true,"href":"https:\/\/htb.com.pl\/index.php?rest_route=%2Fwp%2Fv2%2Fcomments&post=128771"}],"version-history":[{"count":12,"href":"https:\/\/htb.com.pl\/index.php?rest_route=\/wp\/v2\/posts\/128771\/revisions"}],"predecessor-version":[{"id":128790,"href":"https:\/\/htb.com.pl\/index.php?rest_route=\/wp\/v2\/posts\/128771\/revisions\/128790"}],"wp:featuredmedia":[{"embeddable":true,"href":"https:\/\/htb.com.pl\/index.php?rest_route=\/wp\/v2\/media\/128777"}],"wp:attachment":[{"href":"https:\/\/htb.com.pl\/index.php?rest_route=%2Fwp%2Fv2%2Fmedia&parent=128771"}],"wp:term":[{"taxonomy":"category","embeddable":true,"href":"https:\/\/htb.com.pl\/index.php?rest_route=%2Fwp%2Fv2%2Fcategories&post=128771"},{"taxonomy":"post_tag","embeddable":true,"href":"https:\/\/htb.com.pl\/index.php?rest_route=%2Fwp%2Fv2%2Ftags&post=128771"}],"curies":[{"name":"wp","href":"https:\/\/api.w.org\/{rel}","templated":true}]}}