{"id":130506,"date":"2025-11-16T13:04:43","date_gmt":"2025-11-16T13:04:43","guid":{"rendered":"https:\/\/htb.com.pl\/?p=130506"},"modified":"2025-11-16T13:35:53","modified_gmt":"2025-11-16T13:35:53","slug":"klatwa-pilsudskiego","status":"publish","type":"post","link":"https:\/\/htb.com.pl\/?p=130506","title":{"rendered":"Kl\u0105twa Pi\u0142sudskiego"},"content":{"rendered":"\n<p><\/p>\n\n\n\n<p><\/p>\n\n\n\n<figure class=\"wp-block-image size-thumbnail\"><a href=\"https:\/\/htb.com.pl\/wp-content\/uploads\/2025\/11\/Klatwa-Pilsudskiego.mp3\"><img loading=\"lazy\" decoding=\"async\" width=\"150\" height=\"150\" src=\"https:\/\/htb.com.pl\/wp-content\/uploads\/2018\/04\/posluchaj-150x150.jpg\" alt=\"\" class=\"wp-image-2020\" srcset=\"https:\/\/htb.com.pl\/wp-content\/uploads\/2018\/04\/posluchaj-150x150.jpg 150w, https:\/\/htb.com.pl\/wp-content\/uploads\/2018\/04\/posluchaj-300x300.jpg 300w, https:\/\/htb.com.pl\/wp-content\/uploads\/2018\/04\/posluchaj-100x100.jpg 100w\" sizes=\"auto, (max-width: 150px) 100vw, 150px\" \/><\/a><\/figure>\n\n\n\n<p>\u015awi\u0119towanie Niepodleg\u0142o\u015bci Pa\u0144stwa Polskiego, to nadal peany na cze\u015b\u0107 J\u00f3zefa Pi\u0142sudskiego. Pie\u015b\u0144 \u201eMy pierwsza brygada\u201d nadal jest nieod\u0142\u0105cznym elementem naszego \u015bwi\u0119towania. <a href=\"http:\/\/radiomaria.com.pl\/wp-content\/uploads\/2025\/11\/Burkiewicz1.mp3\"><img loading=\"lazy\" decoding=\"async\" width=\"150\" height=\"113\" class=\"wp-image-130508\" style=\"width: 150px;\" src=\"https:\/\/htb.com.pl\/wp-content\/uploads\/2025\/11\/Burkiewicz-768x577-1.jpg\" alt=\"\" srcset=\"https:\/\/htb.com.pl\/wp-content\/uploads\/2025\/11\/Burkiewicz-768x577-1.jpg 768w, https:\/\/htb.com.pl\/wp-content\/uploads\/2025\/11\/Burkiewicz-768x577-1-300x225.jpg 300w, https:\/\/htb.com.pl\/wp-content\/uploads\/2025\/11\/Burkiewicz-768x577-1-600x451.jpg 600w\" sizes=\"auto, (max-width: 150px) 100vw, 150px\" \/> <\/a><a href=\"http:\/\/radiomaria.com.pl\/wp-content\/uploads\/2025\/11\/11.11.Klatwa.mp3\"><img loading=\"lazy\" decoding=\"async\" width=\"150\" height=\"189\" class=\"wp-image-130510\" style=\"width: 150px;\" src=\"https:\/\/htb.com.pl\/wp-content\/uploads\/2025\/11\/Orzel-768x969-1.jpg\" alt=\"\" srcset=\"https:\/\/htb.com.pl\/wp-content\/uploads\/2025\/11\/Orzel-768x969-1.jpg 768w, https:\/\/htb.com.pl\/wp-content\/uploads\/2025\/11\/Orzel-768x969-1-238x300.jpg 238w, https:\/\/htb.com.pl\/wp-content\/uploads\/2025\/11\/Orzel-768x969-1-600x757.jpg 600w\" sizes=\"auto, (max-width: 150px) 100vw, 150px\" \/> <\/a>\u015apiewali j\u0105 Legioni\u015bci dowodzeni przez Pi\u0142sudskiego, ale Legiony to nie jego dzia\u0142o \u2013 a tak si\u0119 przyj\u0119\u0142o. Kult jednostki stworzony wok\u00f3\u0142 tego cz\u0142owieka doprowadzi\u0142 do kl\u0119ski wrze\u015bniowej \u2013 i albo to zmienimy, albo jako \u201eRespublika Polsza\u201d sko\u0144czymy.&nbsp;<\/p>\n\n\n\n<p>&nbsp; Gdyby Ko\u015bciuszkowcy pod Lenino (12-13 pa\u017adziernika 1943 r.) Niemcom si\u0119 poddali \u2013 cyrylic\u0105 by\u015bmy pisali. Potem kraj wyzwalali i a\u017c do Berlina Niemc\u00f3w pognali. Do roku 1980 Polacy o tym pami\u0119tali, ale gdy ci, co tego dokonali poumierali \u2013 ci, co wtedy pouciekali bohaterami si\u0119 stali. Swego Pi\u0142sudskiego \u201eodkopali\u201d, nasz\u0105 histori\u0119 ponownie zak\u0142amali, a&nbsp; tych, co si\u0119 nie zgadzali \u201eu\u015bwiadamiali\u201d, ale teraz propagandy ruskiej zamiast Berezy Kartuskiej u\u017cywali.<\/p>\n\n\n\n<p>&nbsp;&nbsp; Maria Zacharowa, rzeczniczka Kremla przekazy dnia dla Polski podawa\u0142a, niebiesko-bia\u0142o-czerwona propaganda po polsku to og\u0142asza\u0142a i Polska na prezydenta Karola Nawrockiego \u2013 nacjonalist\u0119 wybra\u0142a. <a href=\"http:\/\/radiomaria.com.pl\/wp-content\/uploads\/2025\/11\/12.Czy-mamy-prezydenta.mp3\"><img loading=\"lazy\" decoding=\"async\" width=\"150\" height=\"91\" class=\"wp-image-130512\" style=\"width: 150px;\" src=\"https:\/\/htb.com.pl\/wp-content\/uploads\/2025\/11\/Prezydentamaly-1.png\" alt=\"\" srcset=\"https:\/\/htb.com.pl\/wp-content\/uploads\/2025\/11\/Prezydentamaly-1.png 976w, https:\/\/htb.com.pl\/wp-content\/uploads\/2025\/11\/Prezydentamaly-1-300x182.png 300w, https:\/\/htb.com.pl\/wp-content\/uploads\/2025\/11\/Prezydentamaly-1-768x466.png 768w, https:\/\/htb.com.pl\/wp-content\/uploads\/2025\/11\/Prezydentamaly-1-600x364.png 600w\" sizes=\"auto, (max-width: 150px) 100vw, 150px\" \/><\/a><\/p>\n\n\n\n<p>&nbsp; Mam z\u0142\u0105 informacj\u0119 dla Kremla. Ani Ukraina, ani Polska jeszcze si\u0119 wam nie podda\u0142a. Ukraina ci\u0105gle walczy a Polska swoje miejsce w Unii Europejskiej 15 pa\u017adziernika 2023 roku ponownie w demokratycznych wyborach przypiecz\u0119towa\u0142a. <a href=\"http:\/\/radiomaria.com.pl\/wp-content\/uploads\/2025\/11\/15.11.Miedz_.mp3\"><img loading=\"lazy\" decoding=\"async\" width=\"150\" height=\"66\" class=\"wp-image-130514\" style=\"width: 150px;\" src=\"https:\/\/htb.com.pl\/wp-content\/uploads\/2025\/11\/Miedzmaly.png\" alt=\"\" srcset=\"https:\/\/htb.com.pl\/wp-content\/uploads\/2025\/11\/Miedzmaly.png 972w, https:\/\/htb.com.pl\/wp-content\/uploads\/2025\/11\/Miedzmaly-300x131.png 300w, https:\/\/htb.com.pl\/wp-content\/uploads\/2025\/11\/Miedzmaly-768x336.png 768w, https:\/\/htb.com.pl\/wp-content\/uploads\/2025\/11\/Miedzmaly-600x262.png 600w\" sizes=\"auto, (max-width: 150px) 100vw, 150px\" \/><\/a><\/p>\n\n\n\n<p>&nbsp; Mam nadziej\u0119, \u017ce do\u017cyj\u0119 czasu, kiedy Ukraina jako kraj w Unii Europejskiej sw\u0105 \u201eCzerwona Kalin\u0119\u201d \u2013 pie\u015b\u0144 Strzelc\u00f3w Siczowych b\u0119dzie \u015bpiewa\u0142a, Polska Armia \u201eSzar\u0105 Piechot\u0119\u201d, pie\u015b\u0144 Legionow\u0105, a Rosja \u201ePo\u017cegnanie S\u0142owianki\u201d \u2013 jako&nbsp; sw\u00f3j Hymn w dniu 18 listopada b\u0119dzie \u015bpiewa\u0142a. A ca\u0142a Unia Europejska w rytm tych pie\u015bni b\u0119dzie maszerowa\u0142a.<\/p>\n\n\n\n<p>&nbsp; Marysia, (wcze\u015bniejsze wpisy) co Radio MARIA wymy\u015bli\u0142a w 1987 roku do tego d\u0105\u017cy\u0142a. Wiem, \u017ce tak b\u0119dzie, Ona si\u0119 nie myli\u0142a.<\/p>\n","protected":false},"excerpt":{"rendered":"<p>\u015awi\u0119towanie Niepodleg\u0142o\u015bci Pa\u0144stwa Polskiego, to nadal peany na cze\u015b\u0107 J\u00f3zefa Pi\u0142sudskiego. Pie\u015b\u0144 \u201eMy pierwsza brygada\u201d nadal jest nieod\u0142\u0105cznym elementem naszego \u015bwi\u0119towania. \u015apiewali j\u0105 Legioni\u015bci dowodzeni przez Pi\u0142sudskiego, ale Legiony to nie jego dzia\u0142o \u2013 a tak si\u0119 przyj\u0119\u0142o. Kult jednostki stworzony wok\u00f3\u0142 tego cz\u0142owieka doprowadzi\u0142 do kl\u0119ski wrze\u015bniowej \u2013 i albo to zmienimy, albo jako [&hellip;]<\/p>\n","protected":false},"author":1,"featured_media":233,"comment_status":"open","ping_status":"open","sticky":false,"template":"","format":"standard","meta":{"_jetpack_memberships_contains_paid_content":false,"footnotes":""},"categories":[4],"tags":[],"class_list":["post-130506","post","type-post","status-publish","format-standard","has-post-thumbnail","hentry","category-daty-i-fakty-blog"],"jetpack_sharing_enabled":true,"jetpack_featured_media_url":"https:\/\/htb.com.pl\/wp-content\/uploads\/2018\/04\/Pi\u0142sudski.jpg","_links":{"self":[{"href":"https:\/\/htb.com.pl\/index.php?rest_route=\/wp\/v2\/posts\/130506","targetHints":{"allow":["GET"]}}],"collection":[{"href":"https:\/\/htb.com.pl\/index.php?rest_route=\/wp\/v2\/posts"}],"about":[{"href":"https:\/\/htb.com.pl\/index.php?rest_route=\/wp\/v2\/types\/post"}],"author":[{"embeddable":true,"href":"https:\/\/htb.com.pl\/index.php?rest_route=\/wp\/v2\/users\/1"}],"replies":[{"embeddable":true,"href":"https:\/\/htb.com.pl\/index.php?rest_route=%2Fwp%2Fv2%2Fcomments&post=130506"}],"version-history":[{"count":6,"href":"https:\/\/htb.com.pl\/index.php?rest_route=\/wp\/v2\/posts\/130506\/revisions"}],"predecessor-version":[{"id":130518,"href":"https:\/\/htb.com.pl\/index.php?rest_route=\/wp\/v2\/posts\/130506\/revisions\/130518"}],"wp:featuredmedia":[{"embeddable":true,"href":"https:\/\/htb.com.pl\/index.php?rest_route=\/wp\/v2\/media\/233"}],"wp:attachment":[{"href":"https:\/\/htb.com.pl\/index.php?rest_route=%2Fwp%2Fv2%2Fmedia&parent=130506"}],"wp:term":[{"taxonomy":"category","embeddable":true,"href":"https:\/\/htb.com.pl\/index.php?rest_route=%2Fwp%2Fv2%2Fcategories&post=130506"},{"taxonomy":"post_tag","embeddable":true,"href":"https:\/\/htb.com.pl\/index.php?rest_route=%2Fwp%2Fv2%2Ftags&post=130506"}],"curies":[{"name":"wp","href":"https:\/\/api.w.org\/{rel}","templated":true}]}}