{"id":13160,"date":"2019-11-23T09:14:34","date_gmt":"2019-11-23T09:14:34","guid":{"rendered":"https:\/\/htb.com.pl\/?p=13160"},"modified":"2019-11-26T08:48:43","modified_gmt":"2019-11-26T08:48:43","slug":"normalnosc","status":"publish","type":"post","link":"https:\/\/htb.com.pl\/?p=13160","title":{"rendered":"Normalno\u015b\u0107"},"content":{"rendered":"\n<p><\/p>\n\n\n\n<figure class=\"wp-block-image\"><img loading=\"lazy\" decoding=\"async\" width=\"705\" height=\"498\" src=\"https:\/\/htb.com.pl\/wp-content\/uploads\/2019\/01\/Wie\u017cowce-srebrna.jpg\" alt=\"\" class=\"wp-image-3023\" srcset=\"https:\/\/htb.com.pl\/wp-content\/uploads\/2019\/01\/Wie\u017cowce-srebrna.jpg 705w, https:\/\/htb.com.pl\/wp-content\/uploads\/2019\/01\/Wie\u017cowce-srebrna-300x212.jpg 300w, https:\/\/htb.com.pl\/wp-content\/uploads\/2019\/01\/Wie\u017cowce-srebrna-600x424.jpg 600w\" sizes=\"auto, (max-width: 705px) 100vw, 705px\" \/><\/figure>\n\n\n\n<p>Sko\u0144czy\u0142o si\u0119 \u015bwi\u0119towanie rocznicy odzyskania niepodleg\u0142o\u015bci i trzeba by\u0142o wr\u00f3ci\u0107 do normalno\u015bci. Premier Mateusz Morawiecki m\u00f3wi\u0142 o tym w swoim expose.  W jego przem\u00f3wieniu s\u0142owo normalno\u015b\u0107, by\u0142o odmieniane przez wszystkie przypadki, Mnie przypomina\u0142o jedno z przem\u00f3wie\u0144 Zbigniewa Messnera &#8211; premiera PRL z 1986 roku. S\u0142ucha\u0142em go wtedy z Marysi\u0105 (wcze\u015bniejsze wpisy) i moimi Rodzicami w Zaklikowie. Tekst Mesnnera by\u0142 du\u017co lepszy od tego co mia\u0142 napisane Morawiecki. Dzi\u015b wiem, \u017ce tamto Marysia pisa\u0142a. Messner m\u00f3wi\u0142, \u017ce trzeba zwi\u0119kszy\u0107 wydajno\u015b\u0107 pracy, zlikwidowa\u0107 przerosty zatrudnienia. Mia\u0142 podobne problemy jak dzi\u015b premier Morawiecki ale Messner o nich m\u00f3wi\u0142, nie unika\u0142 ich, jemu jeszcze si\u0119 chcia\u0142o, on jeszcze wierzy\u0142. Mama by\u0142a kierownikiem hali przetarcia w tartaku &#8211; przem\u00f3wienie premiera Messnera podsumowa\u0142a tak. Dobrze m\u00f3wisz, r\u00f3b jak m\u00f3wisz. Tata by\u0142 kierownikiem w zak\u0142adzie drzewnym Rejon Las &#8211; skomentowa\u0142 tak. Zwi\u0119kszy\u0107 wydajno\u015b\u0107, jak? Tu o biurokracj\u0119 chodzi Anto\u015b, powiedzia\u0142a Marysia i doda\u0142a. Twoi cha\u0142upnicy nie maj\u0105 biur, tylko pomieszczenia, gdzie robi\u0105 robot\u0119. Tak trzeba robi\u0107, \u017ceby by\u0142o jak m\u00f3wi Messner. Wypili\u015bmy za to, aby tak by\u0142o ale nie by\u0142o. I ci\u0105gle nie jest. Wedy podobno wolno\u015bci nie by\u0142o &#8211; mo\u017cliwe. Teraz ta wolno\u015b\u0107 normalno\u015bci\u0105 jest nazywana, bo wstyd m\u00f3wi\u0107, \u017ce to co jest to wolno\u015b\u0107. Z definicji wolno\u015bci Marysi,  tylko granic\u0119 s\u0105 otwarte. Pa\u0144stwo przejmuje banki, firmy, nazywaj\u0105c to repolonizacj\u0105 albo reprywatyzacj\u0105. Teraz pan Morawiecki wymy\u015bli\u0142, \u017ce to polonizacja jest. a o tym, <strong>\u017ceby w mediach publicznych nie m\u00f3wi\u0142o si\u0119 \u017ale o nieobecnych<\/strong>, to nawet szkoda m\u00f3wi\u0107, bo nie ma medi\u00f3w publicznych. Normalno\u015b\u0107?<\/p>\n\n\n\n<p>Ta normalno\u015b\u0107 to ci\u0105g\u0142y wzrost liczby upadaj\u0105cych firm. Przyczyn\u0105 s\u0105 zatory p\u0142atnicze. Bez ogromnego kapita\u0142u obrotowego, nie da si\u0119 w Polsce funkcjonowa\u0107. Taki kapita\u0142 maj\u0105 gangsterzy, skumali si\u0119 z nimi dawni SB-ecy, dokoptowali sobie polityk\u00f3w i dawaj biznesy robi\u0107. To jest bardzo niebezpieczna gra, panowie politycy. Popatrzcie co by si\u0119 sta\u0142o z panem Jaros\u0142awem Kaczy\u0144skim i jego wie\u017cami, gdyby by\u0142o normalnie.<\/p>\n\n\n\n<p>\u017beby wyja\u015bni\u0107 to co napisa\u0142em, musz\u0119 powr\u00f3ci\u0107 do W\u0142adzia, o kt\u00f3rym ju\u017c wspomina\u0142em. <a href=\"https:\/\/htb.com.pl\/?p=4739\">W\u0142adzio mia\u0142 rozkaz aresztowa\u0107 Majk\u0119 i jej ludzi, a w razie ucieczki zastrzeli\u0107, czyli mia\u0142 j\u0105 zastrzeli\u0107. <\/a>Sko\u0144czy\u0142o si\u0119 kr\u0119ceniem wora jego dow\u00f3dcy i wsp\u00f3lnym ogniskiem z kie\u0142baskami. Tam Majka pokaza\u0142a W\u0142adziowi w\u0142a\u015bciw\u0105 drog\u0119 i kroczy\u0142 ni\u0105 do teraz. Zb\u0142\u0105dzi\u0142, gdy zmniejszono mu emerytur\u0119, wymy\u015bli\u0142, \u017ce jak b\u0119dzie znowu robi\u0142 \u017ale, to mu przywr\u00f3c\u0105 star\u0105, wi\u0119ksz\u0105. Ale dzi\u015b W\u0142adzio wie, \u017ce nie wolno nigdy robi\u0107 \u017ale. Nagle zrozumia\u0142, \u017ce jest ma\u0142olat. W sensie tym, \u017ce mu ma\u0142o lat zosta\u0142o. Teraz jest inny \u015bwiat, wtedy te\u017c by\u0142 s\u0142aby premier, Messner ale by\u0142 genera\u0142 Wojciech Jaruzelski i Papie\u017c Jan Pawe\u0142 II. Ich s\u0142owo du\u017co znaczy\u0142o, a tam gdzie nie dociera\u0142o, dociera\u0142a Majka ze swoimi lud\u017ami i organoleptycznie przekazywa\u0142a czym jest dobro, a czym jest z\u0142o. I to dzia\u0142a\u0142o. Dzi\u015b w\u0142a\u015bnie tego brakuje. Prezydent Andrzej Duda, genera\u0142owi Jaruzelskiemu do pi\u0119t nie dorasta ale jedno trzeba mu przyzna\u0107. Potrafi robi\u0107 kampani\u0119 wyborcz\u0105. Niczym Napoleon Bonaparte o swoich kl\u0119skach m\u00f3wi tak, jakby to by\u0142y  sukcesy. Beznadziejni dziennikarze umo\u017cliwiaj\u0105 to. Ja wam kochani tylko chc\u0119 przypomnie\u0107, \u017ce Napoleon \u017ale sko\u0144czy\u0142. I cho\u0107 \u015bpiewamy w naszym Hymnie \u017ce pokaza\u0142 jak zwyci\u0119\u017ca\u0107 mamy, to nie pokaza\u0142, tylko gada\u0142 jak zwyci\u0119\u017ca. To jest r\u00f3\u017cnica. <\/p>\n\n\n\n<p>W\u0142adzio ma ju\u017c swoje lata i jak twierdzi, tylko olej z CBD go przy \u017cyciu trzyma <a href=\"https:\/\/htb.com.pl\/?product=olej-konopny-cbd\"><img loading=\"lazy\" decoding=\"async\" width=\"150\" height=\"150\" class=\"wp-image-4125\" style=\"width: 150px;\" src=\"https:\/\/htb.com.pl\/wp-content\/uploads\/2019\/06\/cbd.png\" alt=\"\" srcset=\"https:\/\/htb.com.pl\/wp-content\/uploads\/2019\/06\/cbd.png 800w, https:\/\/htb.com.pl\/wp-content\/uploads\/2019\/06\/cbd-150x150.png 150w, https:\/\/htb.com.pl\/wp-content\/uploads\/2019\/06\/cbd-300x300.png 300w, https:\/\/htb.com.pl\/wp-content\/uploads\/2019\/06\/cbd-768x768.png 768w, https:\/\/htb.com.pl\/wp-content\/uploads\/2019\/06\/cbd-600x600.png 600w, https:\/\/htb.com.pl\/wp-content\/uploads\/2019\/06\/cbd-100x100.png 100w\" sizes=\"auto, (max-width: 150px) 100vw, 150px\" \/><\/a> ale ma nadziej\u0119, \u017ce doczeka prezydenta, kt\u00f3ry da rad\u0119. Prezydent jego ukochanego Poznania Jacek Ja\u015bkowiak zg\u0142osi\u0142 si\u0119 do prawybor\u00f3w w Platformie Obywatelskiej. Te prawybory, maj\u0105 wy\u0142oni\u0107 kandydata, kt\u00f3rego partia  wystawi w majowych wyborach prezydenckich. B\u0119dzie walczy\u0142 z pani\u0105 wicemarsza\u0142ek Sejmu Ma\u0142gorzat\u0105 Kidawa-B\u0142o\u0144sk\u0105. Wojownik i negocjatorka &#8211; m\u00f3wi W\u0142adzio, razem to prawie jak major Mari panie Jasiu. Prawie robi tu r\u00f3\u017cnic\u0119, W\u0142adziu ale jak si\u0119 nia ma co si\u0119 lubi, to si\u0119 lubi co si\u0119 ma. Pani wicemarsza\u0142ek z Sanacj\u0105 mi si\u0119 kojarzy, no ale pan Ja\u015bkowiak z Paderewskim, bo Pozna\u0144, miasto kt\u00f3rego jest prezydentem 27 grudnia 1918 roku wita\u0142o powracaj\u0105cego do Polski Ignacego Jana Paderewskiego. To wtedy wybuch\u0142o Powstanie Wielkopolskie, o kt\u00f3rym nawet Marysia dobrze m\u00f3wi\u0142a, chocia\u017c powsta\u0144 nie lubi\u0142a. Twierdzi\u0142a, \u017ce by\u0142a to jedyna udana insurekcja w naszej historii. Stara\u0142a si\u0119 jednak, \u017ceby Polacy wi\u0119cej tego nie pr\u00f3bowali. Jedn\u0105 z form tych stara\u0144 by\u0142a walka wr\u0119cz z tymi, co chcieli popr\u00f3bowa\u0107 &#8211; ulubiona dyscyplina prezydenta Ja\u015bkowiaka. On preferuje boks, Majka mia\u0142a czarny pas w karate Shotokan, wiec g\u0142upio by w sparingu wygl\u0105dali ale by\u0142o co\u015b, co teraz opisz\u0119.  Ludzie Majki Sambo preferowali i to zwykle trenowali. <\/p>\n\n\n\n<figure><iframe loading=\"lazy\" width=\"545\" height=\"409\" src=\"https:\/\/www.youtube.com\/embed\/73G4B2NpkTU\" allowfullscreen=\"\"><\/iframe><\/figure>\n\n\n\n<p> Majce si\u0119 to spodoba\u0142o i zacz\u0119\u0142a do\u0142\u0105cza\u0107 do ich trening\u00f3w. Sambo Rosjanie wymy\u015blili dla potrzeb swojej armii. To po\u0142\u0105czenie boksu, zapas\u00f3w i wschodnich sztuk walki. Majka uwa\u017ca\u0142a, \u017ce styl ten jest piekielnie skuteczny. Kiedy\u015b um\u00f3wi\u0142a si\u0119 ze mn\u0105 w szkole podstawowe. Mia\u0142a tam trenowa\u0107 ze swoimi lud\u017ami w sali gimnastycznej. Gdy podszed\u0142em pod drzwi, us\u0142ysza\u0142em d\u017awi\u0119k, jakby szybowiec akrobacje wykonywa\u0142. Taki \u015bwist skrzyd\u0142a, kt\u00f3re przecina powietrze. Wszed\u0142em i zobaczy\u0142em padni\u0119tych ludzi Majki, siedz\u0105cych pod drabinkami i j\u0105 walcz\u0105c\u0105 z cieniem. To jej pi\u0119\u015bci tak \u015bwista\u0142y. Ch\u0142opaki jak mnie zobaczyli, a\u017c do g\u00f3ry podskoczyli. Mari natrysk? Natrysk &#8211; powiedzia\u0142a do nich Majka, gdy mnie zobaczy\u0142a. Gdzie idziecie zapyta\u0142 mnie jeden. Na dansing. B\u0119dziesz z ni\u0105 ta\u0144czy\u0142? Tak. Niech ci\u0119 B\u00f3g ma w swojej opiece. Ale to nie B\u00f3g, tylko Marysia mia\u0142a mnie wtedy w opiece. Bardzo mi by\u0142o z tym dobrze. Prezydent Polski ma by\u0107 kim\u015b w\u0142asnie takim &#8211; ma si\u0119 nami opiekowa\u0107. Gdy patrz\u0119 na Pana Jacka Ja\u015bkowiaka &#8211; wiem, \u017ce on to potrafi.<\/p>\n\n\n\n<p>21.11.2019 rok &#8211; Sejm i sejmowa normalno\u015b\u0107. W tej kadencji, podobnie jak w poprzedniej obraduje si\u0119 nocami, to ma dwa plusy. Wstyd mniejszy i pan Jaros\u0142aw Kaczy\u0144ski zd\u0105\u017ca. By\u0142o dobrze po p\u00f3\u0142nocy, glosowano nad wyborem S\u0119dzi\u00f3w S\u0105du Najwy\u017cszego. Trzeba by\u0142o wybra\u0107 czterech ale zrobi\u0142 si\u0119 problem, bo   opr\u00f3cz czterech z PiS, co maj\u0105 by\u0107 wybrani, by\u0142o jeszcze dwie pos\u0142anki. Kamila Gasiuk-Pichowicz i Joanna Synyszyn, kt\u00f3re nale\u017ca\u0142o odrzuci\u0107. G\u0142osowano blokowo i wielu pos\u0142om, w tym &#8220;Naczelnikowi Pa\u0144stwa&#8221; si\u0119 poki\u0107ka\u0142o. Poki\u0107ka\u0142o si\u0119 te\u017c pani Witek, marsza\u0142ek Sejmu, zamiast zrobi\u0107 reasumpcj\u0119, czyli powt\u00f3rzy\u0107 g\u0142osowanie, anulowa\u0142a wyniki na polecenie pani Joanny Borowiak. pos\u0142anki PiS-u. <strong>&#8220;Trzeba anulowa\u0107, bo my przegramy&#8221;<\/strong>, brzmia\u0142o polecenie. Ja tu widz\u0119 pewn\u0105 szans\u0119. Pani pose\u0142 Ma\u0142gorzata Goli\u0144ska te\u017c jest pos\u0142ank\u0105 PiS, a wi\u0119c ma uprawnienia, aby wydawa\u0107 polecenia marsza\u0142kowi Sejmu. W g\u0142osowaniu nad Stanis\u0142awem Piotrowiczem do &#8220;Trybuna\u0142u Konstytucyjnego&#8221;, jako jedyna ze swego ugrupowania by\u0142a przeciw. Chyl\u0119 czo\u0142a Pani Pose\u0142 &#8211; dzi\u0119ki takim jak Pani nie przegramy &#8211; chocia\u017c teraz przegrywamy, <strong>My Nar\u00f3d<\/strong> przegrywamy.<\/p>\n","protected":false},"excerpt":{"rendered":"<p>Sko\u0144czy\u0142o si\u0119 \u015bwi\u0119towanie rocznicy odzyskania niepodleg\u0142o\u015bci i trzeba by\u0142o wr\u00f3ci\u0107 do normalno\u015bci. Premier Mateusz Morawiecki m\u00f3wi\u0142 o tym w swoim expose. W jego przem\u00f3wieniu s\u0142owo normalno\u015b\u0107, by\u0142o odmieniane przez wszystkie przypadki, Mnie przypomina\u0142o jedno z przem\u00f3wie\u0144 Zbigniewa Messnera &#8211; premiera PRL z 1986 roku. S\u0142ucha\u0142em go wtedy z Marysi\u0105 (wcze\u015bniejsze wpisy) i moimi Rodzicami w [&hellip;]<\/p>\n","protected":false},"author":1,"featured_media":3023,"comment_status":"open","ping_status":"open","sticky":false,"template":"","format":"standard","meta":{"_jetpack_memberships_contains_paid_content":false,"footnotes":""},"categories":[4],"tags":[],"class_list":["post-13160","post","type-post","status-publish","format-standard","has-post-thumbnail","hentry","category-daty-i-fakty-blog"],"jetpack_sharing_enabled":true,"jetpack_featured_media_url":"https:\/\/htb.com.pl\/wp-content\/uploads\/2019\/01\/Wie\u017cowce-srebrna.jpg","_links":{"self":[{"href":"https:\/\/htb.com.pl\/index.php?rest_route=\/wp\/v2\/posts\/13160","targetHints":{"allow":["GET"]}}],"collection":[{"href":"https:\/\/htb.com.pl\/index.php?rest_route=\/wp\/v2\/posts"}],"about":[{"href":"https:\/\/htb.com.pl\/index.php?rest_route=\/wp\/v2\/types\/post"}],"author":[{"embeddable":true,"href":"https:\/\/htb.com.pl\/index.php?rest_route=\/wp\/v2\/users\/1"}],"replies":[{"embeddable":true,"href":"https:\/\/htb.com.pl\/index.php?rest_route=%2Fwp%2Fv2%2Fcomments&post=13160"}],"version-history":[{"count":19,"href":"https:\/\/htb.com.pl\/index.php?rest_route=\/wp\/v2\/posts\/13160\/revisions"}],"predecessor-version":[{"id":13422,"href":"https:\/\/htb.com.pl\/index.php?rest_route=\/wp\/v2\/posts\/13160\/revisions\/13422"}],"wp:featuredmedia":[{"embeddable":true,"href":"https:\/\/htb.com.pl\/index.php?rest_route=\/wp\/v2\/media\/3023"}],"wp:attachment":[{"href":"https:\/\/htb.com.pl\/index.php?rest_route=%2Fwp%2Fv2%2Fmedia&parent=13160"}],"wp:term":[{"taxonomy":"category","embeddable":true,"href":"https:\/\/htb.com.pl\/index.php?rest_route=%2Fwp%2Fv2%2Fcategories&post=13160"},{"taxonomy":"post_tag","embeddable":true,"href":"https:\/\/htb.com.pl\/index.php?rest_route=%2Fwp%2Fv2%2Ftags&post=13160"}],"curies":[{"name":"wp","href":"https:\/\/api.w.org\/{rel}","templated":true}]}}