{"id":131706,"date":"2025-12-10T20:32:02","date_gmt":"2025-12-10T20:32:02","guid":{"rendered":"https:\/\/htb.com.pl\/?p=131706"},"modified":"2025-12-11T06:56:00","modified_gmt":"2025-12-11T06:56:00","slug":"walczyc-mozna-wszedzie","status":"publish","type":"post","link":"https:\/\/htb.com.pl\/?p=131706","title":{"rendered":"Walczy\u0107 mo\u017cna wsz\u0119dzie"},"content":{"rendered":"\n<p><\/p>\n\n\n\n<p><\/p>\n\n\n\n<figure class=\"wp-block-image size-thumbnail\"><a href=\"https:\/\/htb.com.pl\/wp-content\/uploads\/2025\/12\/Walczyc-mozna-wszedzie.mp3\"><img loading=\"lazy\" decoding=\"async\" width=\"150\" height=\"150\" src=\"https:\/\/htb.com.pl\/wp-content\/uploads\/2018\/04\/posluchaj-150x150.jpg\" alt=\"\" class=\"wp-image-2020\" srcset=\"https:\/\/htb.com.pl\/wp-content\/uploads\/2018\/04\/posluchaj-150x150.jpg 150w, https:\/\/htb.com.pl\/wp-content\/uploads\/2018\/04\/posluchaj-300x300.jpg 300w, https:\/\/htb.com.pl\/wp-content\/uploads\/2018\/04\/posluchaj-100x100.jpg 100w\" sizes=\"auto, (max-width: 150px) 100vw, 150px\" \/><\/a><\/figure>\n\n\n\n<p>Gdy w 1986 roku odwiedzi\u0142a mnie Marysia (pisze o niej na blogu DATY I FAKTY) chcia\u0142a zobaczy\u0107 Mielec. Ja mieszka\u0142em wtedy w Chorzelowie, to obok Mielca. Mia\u0142a bardzo konkretne \u017cyczenie. Jasiu, gdzie jest most na Wis\u0142oce? To musi by\u0107 od strony zachodniej , to stamt\u0105d do Mielca weszli Niemcy, zaj\u0119li to ju\u017c wtedy przemys\u0142owe miasto bez walki. Tu by\u0142 produkowany samolot \u0141o\u015b. P\u00f3\u017aniejszy genera\u0142 Stanis\u0142aw Maczek, wtedy pu\u0142kownik, kt\u00f3ry mia\u0142 broni\u0107 miasta zwia\u0142. Wymy\u015bli\u0142, \u017ce stworzy lini\u0119 obrony na Sanie. Tylko nie m\u00f3g\u0142 tego Sanu znale\u017a\u0107. By\u0142a taka susza, \u017ce pomyli\u0142 rzek\u0119 z rowem melioracyjnym.<\/p>\n\n\n\n<p>Zaparkowali\u015bmy bia\u0142ego &#8220;<em>Poldka<\/em>&#8221; (Poloneza) Marysi przy Pa\u0142acyku Oborskich i poszli\u015bmy drog\u0105 na Tarn\u00f3w w kierunku mostu na Wis\u0142oce. We wrze\u015bniu 1939 roku ten most by\u0142\u00a0 zniszczony. Niemcy go zbombardowali w pierwszych dniach wojny, powiedzia\u0142a Marysia. Ale tu si\u0119 mo\u017cna broni\u0107! Wsz\u0119dzie mo\u017cna si\u0119 broni\u0107 \u2013 tylko trzeba mie\u0107 wodza naczelnego! Policzki Marysi zacz\u0119\u0142y drga\u0107. Przytuli\u0142em j\u0105, troch\u0119 si\u0119 uspokoi\u0142a. To tu Jasiu stracili\u015bmy nasze kresy. Gdyby Ko\u015bciuszkowcy pod Lenino si\u0119 poddali Respublika Polsza by\u015bmy si\u0119 nazywali.<\/p>\n\n\n\n<p>Wielokrotnie opisywa\u0142em t\u0105 sytuacj\u0119, ale dopiero dzi\u015b zrozumia\u0142em, dlaczego Majka by\u0142a tak w\u015bciek\u0142a. Nie my\u015bla\u0142em wtedy, \u017ce mo\u017cna by\u0142o broni\u0107 miasta, uzna\u0142em, \u017ce skoro Maczek, p\u00f3\u017aniejszy bohater \u00a0walk w Normandii tak zdecydowa\u0142, to mia\u0142 racj\u0119. Teraz obserwuj\u0119, jak Ukrai\u0144cy broni\u0105 Pokrowska. I co z tego, \u017ce Ruscy s\u0105 wsz\u0119dzie? Ukrai\u0144cy wiedz\u0105, \u017ce albo ich tam nie b\u0119dzie, albo Ukrainy w UE nie b\u0119dzie. Dla nas Polak\u00f3w b\u0119dzie to oznacza\u0142o, \u017ce to, co si\u0119 we wrze\u015bniu 1939 roku sta\u0142o&#8230; \u00a0Rosji \u2013 no wtedy radzieckiej kawa\u0142 Polski si\u0119 odda\u0142o. Teraz to definitywnie do Rosji Putina b\u0119dzie nale\u017ca\u0142o.<\/p>\n\n\n\n<p><\/p>\n","protected":false},"excerpt":{"rendered":"<p>Gdy w 1986 roku odwiedzi\u0142a mnie Marysia (pisze o niej na blogu DATY I FAKTY) chcia\u0142a zobaczy\u0107 Mielec. Ja mieszka\u0142em wtedy w Chorzelowie, to obok Mielca. Mia\u0142a bardzo konkretne \u017cyczenie. Jasiu, gdzie jest most na Wis\u0142oce? To musi by\u0107 od strony zachodniej , to stamt\u0105d do Mielca weszli Niemcy, zaj\u0119li to ju\u017c wtedy przemys\u0142owe miasto [&hellip;]<\/p>\n","protected":false},"author":1,"featured_media":131708,"comment_status":"open","ping_status":"open","sticky":false,"template":"","format":"standard","meta":{"_jetpack_memberships_contains_paid_content":false,"footnotes":""},"categories":[528],"tags":[1051],"class_list":["post-131706","post","type-post","status-publish","format-standard","has-post-thumbnail","hentry","category-rower","tag-walczyc-mozna-wszedzie"],"jetpack_sharing_enabled":true,"jetpack_featured_media_url":"https:\/\/htb.com.pl\/wp-content\/uploads\/2025\/12\/Pokrowsk.png","_links":{"self":[{"href":"https:\/\/htb.com.pl\/index.php?rest_route=\/wp\/v2\/posts\/131706","targetHints":{"allow":["GET"]}}],"collection":[{"href":"https:\/\/htb.com.pl\/index.php?rest_route=\/wp\/v2\/posts"}],"about":[{"href":"https:\/\/htb.com.pl\/index.php?rest_route=\/wp\/v2\/types\/post"}],"author":[{"embeddable":true,"href":"https:\/\/htb.com.pl\/index.php?rest_route=\/wp\/v2\/users\/1"}],"replies":[{"embeddable":true,"href":"https:\/\/htb.com.pl\/index.php?rest_route=%2Fwp%2Fv2%2Fcomments&post=131706"}],"version-history":[{"count":4,"href":"https:\/\/htb.com.pl\/index.php?rest_route=\/wp\/v2\/posts\/131706\/revisions"}],"predecessor-version":[{"id":131735,"href":"https:\/\/htb.com.pl\/index.php?rest_route=\/wp\/v2\/posts\/131706\/revisions\/131735"}],"wp:featuredmedia":[{"embeddable":true,"href":"https:\/\/htb.com.pl\/index.php?rest_route=\/wp\/v2\/media\/131708"}],"wp:attachment":[{"href":"https:\/\/htb.com.pl\/index.php?rest_route=%2Fwp%2Fv2%2Fmedia&parent=131706"}],"wp:term":[{"taxonomy":"category","embeddable":true,"href":"https:\/\/htb.com.pl\/index.php?rest_route=%2Fwp%2Fv2%2Fcategories&post=131706"},{"taxonomy":"post_tag","embeddable":true,"href":"https:\/\/htb.com.pl\/index.php?rest_route=%2Fwp%2Fv2%2Ftags&post=131706"}],"curies":[{"name":"wp","href":"https:\/\/api.w.org\/{rel}","templated":true}]}}