{"id":131884,"date":"2025-12-14T13:40:35","date_gmt":"2025-12-14T13:40:35","guid":{"rendered":"https:\/\/htb.com.pl\/?p=131884"},"modified":"2025-12-14T14:23:41","modified_gmt":"2025-12-14T14:23:41","slug":"port-polska","status":"publish","type":"post","link":"https:\/\/htb.com.pl\/?p=131884","title":{"rendered":"Port Polska"},"content":{"rendered":"\n<figure class=\"wp-block-image size-thumbnail\"><a href=\"https:\/\/htb.com.pl\/wp-content\/uploads\/2025\/12\/Port-Polska.mp3\"><img loading=\"lazy\" decoding=\"async\" width=\"150\" height=\"150\" src=\"https:\/\/htb.com.pl\/wp-content\/uploads\/2018\/04\/posluchaj-150x150.jpg\" alt=\"\" class=\"wp-image-2020\" srcset=\"https:\/\/htb.com.pl\/wp-content\/uploads\/2018\/04\/posluchaj-150x150.jpg 150w, https:\/\/htb.com.pl\/wp-content\/uploads\/2018\/04\/posluchaj-300x300.jpg 300w, https:\/\/htb.com.pl\/wp-content\/uploads\/2018\/04\/posluchaj-100x100.jpg 100w\" sizes=\"auto, (max-width: 150px) 100vw, 150px\" \/><\/a><\/figure>\n\n\n\n<p>Tytu\u0142 mojego nowego wpisu, kt\u00f3ry pokazuje wydarzenia z ostatniego tygodnia widziane z perspektywy Marysi (wcze\u015bniejsze wpisy) to nowa nazwa Centralnego Portu Komunikacyjnego, o kt\u00f3rym politycy PiS gadali, ale go nie budowali. <a href=\"http:\/\/radiomaria.com.pl\/wp-content\/uploads\/2025\/12\/12.12.Port-Polska.mp3\"><img loading=\"lazy\" decoding=\"async\" width=\"150\" height=\"81\" class=\"wp-image-131894\" style=\"width: 150px;\" src=\"https:\/\/htb.com.pl\/wp-content\/uploads\/2025\/12\/Port-Polskamaly.png\" alt=\"\" srcset=\"https:\/\/htb.com.pl\/wp-content\/uploads\/2025\/12\/Port-Polskamaly.png 966w, https:\/\/htb.com.pl\/wp-content\/uploads\/2025\/12\/Port-Polskamaly-300x161.png 300w, https:\/\/htb.com.pl\/wp-content\/uploads\/2025\/12\/Port-Polskamaly-768x413.png 768w, https:\/\/htb.com.pl\/wp-content\/uploads\/2025\/12\/Port-Polskamaly-600x322.png 600w\" sizes=\"auto, (max-width: 150px) 100vw, 150px\" \/><\/a><\/p>\n\n\n\n<p>&nbsp; Jak 15 pa\u017adziernika 2023 roku ludzie Donalda Tuska w\u0142adz\u0119 od nas dostali \u201eRobimy nie gadamy\u201d sw\u00f3j program zatytu\u0142owali. W\u0142a\u015bnie min\u0119\u0142o dwa lata ich rz\u0105d\u00f3w \u2013 p\u00f3\u0142metek.<\/p>\n\n\n\n<p>&nbsp; Musz\u0119 przyzna\u0107 \u2013 nie pierwszy raz, \u017ce mnie zaskoczyli. Do tej pory Donald Tusk i Jaros\u0142aw Kaczy\u0144ski wg Marysi praktycznie si\u0119 nie r\u00f3\u017cnili. Obydwaj J\u00f3zefa Pi\u0142sudskiego i jego Sanacj\u0119 za sw\u00f3j wz\u00f3r obrali. I dzi\u0119ki temu na swoich przedstawicieli&nbsp; \u017ce\u015bmy ich wybierali. To, \u017ce raz jedni, a raz drudzy wygrywali by\u0142o spowodowane tym, \u017ce czasem populizm, a czasem realizm \u017ce\u015bmy popierali. Populi\u015bci z PiS narracji Kremla si\u0119 trzymali i &nbsp;nasz sentyment do PRL-u wykorzystywali, politycy Platformy &nbsp;Obywatelskiej na Uni\u0119 Europejsk\u0105 stawiali.<\/p>\n\n\n\n<p>&nbsp; Ludzie Kremla zauwa\u017cyli, \u017ce ci, co za PRL-em t\u0119sknili &#8211; si\u0119 sko\u0144czyli. Uni\u0119 Europejsk\u0105 nam obrzydzili i Polacy im uwierzyli. Karola Nawrockiego \u2013 nacjonalist\u0119 na prezydenta \u017ce\u015bmy wybrali. Tym parti\u0119 Jaros\u0142awa Kaczy\u0144skiego os\u0142abili, a zwolennik\u00f3w&nbsp; Polexitu wzmocnili. Na Kremlu <em>Sowietskoje Igristoje<\/em> (rosyjski szampan) otworzyli, ale go nie dopili.<\/p>\n\n\n\n<p>&nbsp; Ludzie Tuska manipulacje Putina \u2013 i Trumpa wykryli. <a href=\"http:\/\/radiomaria.com.pl\/wp-content\/uploads\/2025\/12\/08.12.Wpis-Tuska.mp3\"><img loading=\"lazy\" decoding=\"async\" width=\"150\" height=\"96\" class=\"wp-image-131888\" style=\"width: 150px;\" src=\"https:\/\/htb.com.pl\/wp-content\/uploads\/2025\/12\/Wanka.png\" alt=\"\" srcset=\"https:\/\/htb.com.pl\/wp-content\/uploads\/2025\/12\/Wanka.png 557w, https:\/\/htb.com.pl\/wp-content\/uploads\/2025\/12\/Wanka-300x192.png 300w\" sizes=\"auto, (max-width: 150px) 100vw, 150px\" \/> <\/a>Relacje rz\u0105du z prezydentem os\u0142abili, a Ukrain\u0119 starymi migami wzmocnili. <a href=\"http:\/\/radiomaria.com.pl\/wp-content\/uploads\/2025\/12\/11.12.Sa-granice.mp3\"><img loading=\"lazy\" decoding=\"async\" width=\"150\" height=\"82\" class=\"wp-image-131892\" style=\"width: 150px;\" src=\"https:\/\/htb.com.pl\/wp-content\/uploads\/2025\/12\/Sa-granicemaly.png\" alt=\"\" srcset=\"https:\/\/htb.com.pl\/wp-content\/uploads\/2025\/12\/Sa-granicemaly.png 989w, https:\/\/htb.com.pl\/wp-content\/uploads\/2025\/12\/Sa-granicemaly-300x164.png 300w, https:\/\/htb.com.pl\/wp-content\/uploads\/2025\/12\/Sa-granicemaly-768x419.png 768w, https:\/\/htb.com.pl\/wp-content\/uploads\/2025\/12\/Sa-granicemaly-600x328.png 600w\" sizes=\"auto, (max-width: 150px) 100vw, 150px\" \/><\/a><\/p>\n\n\n\n<p>&nbsp; Ruscy si\u0119 wkurzyli. Dosz\u0142o nawet do tego, \u017ce cz\u0119\u015bciowo swoje standardy do naszego parlamentu przerzucili. Dziennikarka Krystyna Dobrosz- Oracz i Senator PiS Wojciech Skurkiewicz podczas wywiadu si\u0119 pok\u0142\u00f3cili. <a href=\"http:\/\/radiomaria.com.pl\/wp-content\/uploads\/2025\/12\/11.12.Incydent.mp3\"><img loading=\"lazy\" decoding=\"async\" width=\"150\" height=\"85\" class=\"wp-image-131890\" style=\"width: 150px;\" src=\"https:\/\/htb.com.pl\/wp-content\/uploads\/2025\/12\/IncydentMaly.png\" alt=\"\" srcset=\"https:\/\/htb.com.pl\/wp-content\/uploads\/2025\/12\/IncydentMaly.png 977w, https:\/\/htb.com.pl\/wp-content\/uploads\/2025\/12\/IncydentMaly-300x169.png 300w, https:\/\/htb.com.pl\/wp-content\/uploads\/2025\/12\/IncydentMaly-768x433.png 768w, https:\/\/htb.com.pl\/wp-content\/uploads\/2025\/12\/IncydentMaly-600x338.png 600w\" sizes=\"auto, (max-width: 150px) 100vw, 150px\" \/> <\/a>To nic takiego \u2013 nas ju\u017c dawno sk\u0142\u00f3cili.<\/p>\n\n\n\n<p>&nbsp; Kochani \u2013 a mo\u017ce by\u015bmy t\u0105 putinowsk\u0105 narracj\u0119 odrzucili!?<\/p>\n\n\n\n<p><\/p>\n","protected":false},"excerpt":{"rendered":"<p>Tytu\u0142 mojego nowego wpisu, kt\u00f3ry pokazuje wydarzenia z ostatniego tygodnia widziane z perspektywy Marysi (wcze\u015bniejsze wpisy) to nowa nazwa Centralnego Portu Komunikacyjnego, o kt\u00f3rym politycy PiS gadali, ale go nie budowali. &nbsp; Jak 15 pa\u017adziernika 2023 roku ludzie Donalda Tuska w\u0142adz\u0119 od nas dostali \u201eRobimy nie gadamy\u201d sw\u00f3j program zatytu\u0142owali. W\u0142a\u015bnie min\u0119\u0142o dwa lata ich [&hellip;]<\/p>\n","protected":false},"author":1,"featured_media":131896,"comment_status":"open","ping_status":"open","sticky":false,"template":"","format":"standard","meta":{"_jetpack_memberships_contains_paid_content":false,"footnotes":""},"categories":[4],"tags":[1052],"class_list":["post-131884","post","type-post","status-publish","format-standard","has-post-thumbnail","hentry","category-daty-i-fakty-blog","tag-port-polska"],"jetpack_sharing_enabled":true,"jetpack_featured_media_url":"https:\/\/htb.com.pl\/wp-content\/uploads\/2025\/12\/TuskPPmaly.png","_links":{"self":[{"href":"https:\/\/htb.com.pl\/index.php?rest_route=\/wp\/v2\/posts\/131884","targetHints":{"allow":["GET"]}}],"collection":[{"href":"https:\/\/htb.com.pl\/index.php?rest_route=\/wp\/v2\/posts"}],"about":[{"href":"https:\/\/htb.com.pl\/index.php?rest_route=\/wp\/v2\/types\/post"}],"author":[{"embeddable":true,"href":"https:\/\/htb.com.pl\/index.php?rest_route=\/wp\/v2\/users\/1"}],"replies":[{"embeddable":true,"href":"https:\/\/htb.com.pl\/index.php?rest_route=%2Fwp%2Fv2%2Fcomments&post=131884"}],"version-history":[{"count":8,"href":"https:\/\/htb.com.pl\/index.php?rest_route=\/wp\/v2\/posts\/131884\/revisions"}],"predecessor-version":[{"id":131902,"href":"https:\/\/htb.com.pl\/index.php?rest_route=\/wp\/v2\/posts\/131884\/revisions\/131902"}],"wp:featuredmedia":[{"embeddable":true,"href":"https:\/\/htb.com.pl\/index.php?rest_route=\/wp\/v2\/media\/131896"}],"wp:attachment":[{"href":"https:\/\/htb.com.pl\/index.php?rest_route=%2Fwp%2Fv2%2Fmedia&parent=131884"}],"wp:term":[{"taxonomy":"category","embeddable":true,"href":"https:\/\/htb.com.pl\/index.php?rest_route=%2Fwp%2Fv2%2Fcategories&post=131884"},{"taxonomy":"post_tag","embeddable":true,"href":"https:\/\/htb.com.pl\/index.php?rest_route=%2Fwp%2Fv2%2Ftags&post=131884"}],"curies":[{"name":"wp","href":"https:\/\/api.w.org\/{rel}","templated":true}]}}