{"id":132224,"date":"2025-12-21T13:34:59","date_gmt":"2025-12-21T13:34:59","guid":{"rendered":"https:\/\/htb.com.pl\/?p=132224"},"modified":"2025-12-21T13:53:02","modified_gmt":"2025-12-21T13:53:02","slug":"wolodymyr-zalenski-w-polsce","status":"publish","type":"post","link":"https:\/\/htb.com.pl\/?p=132224","title":{"rendered":"Wo\u0142odymyr Za\u0142enski w Polsce"},"content":{"rendered":"\n<p><\/p>\n\n\n\n<p><\/p>\n\n\n\n<figure class=\"wp-block-image size-thumbnail\"><a href=\"https:\/\/htb.com.pl\/wp-content\/uploads\/2025\/12\/Wolodymyr-Zalenski-w-Polsce.mp3\"><img loading=\"lazy\" decoding=\"async\" width=\"150\" height=\"150\" src=\"https:\/\/htb.com.pl\/wp-content\/uploads\/2018\/04\/posluchaj-150x150.jpg\" alt=\"\" class=\"wp-image-2020\" srcset=\"https:\/\/htb.com.pl\/wp-content\/uploads\/2018\/04\/posluchaj-150x150.jpg 150w, https:\/\/htb.com.pl\/wp-content\/uploads\/2018\/04\/posluchaj-300x300.jpg 300w, https:\/\/htb.com.pl\/wp-content\/uploads\/2018\/04\/posluchaj-100x100.jpg 100w\" sizes=\"auto, (max-width: 150px) 100vw, 150px\" \/><\/a><\/figure>\n\n\n\n<p><\/p>\n\n\n\n<p>Zanim Wo\u0142odymyr Za\u0142enski u\u015bcisn\u0105\u0142 d\u0142o\u0144 prezydenta Karola Nawrockiego, du\u017co si\u0119 wydarzy\u0142o. Nasz prezydent realizuje to czego Trump (i Putin) od niego oczekuje. Zak\u0142adam, \u017ce sam niczego tu nie pojmuje. Bo tak si\u0119 zachowuje. To, \u017ce dzia\u0142ania rz\u0105du Donalda Tuska wetami torpeduje, jak na razie poparcia mu nie ujmuje. Najgorsze jednak jest to, \u017ce premiera z polityki zagranicznej poprzez ludzi Trumpa eliminuje. <a href=\"http:\/\/radiomaria.com.pl\/wp-content\/uploads\/2025\/12\/14.12.Pajlac-prezydencki.mp3\"><img loading=\"lazy\" decoding=\"async\" width=\"150\" height=\"86\" class=\"wp-image-132226\" style=\"width: 150px;\" src=\"https:\/\/htb.com.pl\/wp-content\/uploads\/2025\/12\/Pajlac-maly.png\" alt=\"\" srcset=\"https:\/\/htb.com.pl\/wp-content\/uploads\/2025\/12\/Pajlac-maly.png 974w, https:\/\/htb.com.pl\/wp-content\/uploads\/2025\/12\/Pajlac-maly-300x172.png 300w, https:\/\/htb.com.pl\/wp-content\/uploads\/2025\/12\/Pajlac-maly-768x440.png 768w, https:\/\/htb.com.pl\/wp-content\/uploads\/2025\/12\/Pajlac-maly-600x344.png 600w\" sizes=\"auto, (max-width: 150px) 100vw, 150px\" \/> <\/a>A to nas kosztuje.<\/p>\n\n\n\n<p>&nbsp; Ostatnio jednak co\u015b si\u0119 tu posypa\u0142o, bo dzia\u0142anie Tuska w sprawie po\u017cyczki dla Ukrainy prawie si\u0119 uda\u0142o. <a href=\"http:\/\/radiomaria.com.pl\/wp-content\/uploads\/2025\/12\/16.12.-Jaka-to-racja-kompromitacja.mp3\"><img loading=\"lazy\" decoding=\"async\" width=\"150\" height=\"82\" class=\"wp-image-132230\" style=\"width: 150px;\" src=\"https:\/\/htb.com.pl\/wp-content\/uploads\/2025\/12\/Berlin-szczytmaly.png\" alt=\"\" srcset=\"https:\/\/htb.com.pl\/wp-content\/uploads\/2025\/12\/Berlin-szczytmaly.png 976w, https:\/\/htb.com.pl\/wp-content\/uploads\/2025\/12\/Berlin-szczytmaly-300x164.png 300w, https:\/\/htb.com.pl\/wp-content\/uploads\/2025\/12\/Berlin-szczytmaly-768x419.png 768w, https:\/\/htb.com.pl\/wp-content\/uploads\/2025\/12\/Berlin-szczytmaly-600x327.png 600w\" sizes=\"auto, (max-width: 150px) 100vw, 150px\" \/> <\/a>W ka\u017cdym razie Trumpowi i Putinowi si\u0119 nie spodoba\u0142o. Cho\u0107 rosyjskich rezerw w unijnych bankach jako gwarancji unijnego kredytu dla Ukrainy nie b\u0119dzie si\u0119 tak wprost traktowa\u0142o.&nbsp; Kredyt dla Ukrainy bud\u017cetem unijnym b\u0119dzie si\u0119 gwarantowa\u0142o, a kiedy\u015b, jak pa\u0144stwo rosyjskie reparacje Ukrainie b\u0119dzie wyp\u0142aca\u0142o, pa\u0144stwo ukrai\u0144skie ten kredyt b\u0119dzie sp\u0142aca\u0142o. <a href=\"http:\/\/radiomaria.com.pl\/wp-content\/uploads\/2025\/12\/19.12.Pomod-dla-ukrainy-dwie-wersje.mp3\"><img loading=\"lazy\" decoding=\"async\" width=\"150\" height=\"85\" class=\"wp-image-132232\" style=\"width: 150px;\" src=\"https:\/\/htb.com.pl\/wp-content\/uploads\/2025\/12\/Pomoc-dla-Ukrainymaly.png\" alt=\"\" srcset=\"https:\/\/htb.com.pl\/wp-content\/uploads\/2025\/12\/Pomoc-dla-Ukrainymaly.png 974w, https:\/\/htb.com.pl\/wp-content\/uploads\/2025\/12\/Pomoc-dla-Ukrainymaly-300x169.png 300w, https:\/\/htb.com.pl\/wp-content\/uploads\/2025\/12\/Pomoc-dla-Ukrainymaly-768x433.png 768w, https:\/\/htb.com.pl\/wp-content\/uploads\/2025\/12\/Pomoc-dla-Ukrainymaly-600x338.png 600w\" sizes=\"auto, (max-width: 150px) 100vw, 150px\" \/><\/a><\/p>\n\n\n\n<p>&nbsp; Samo spotkanie Za\u0142enskiego z Nawrockim mi si\u0119 nie podoba\u0142o. <a href=\"http:\/\/radiomaria.com.pl\/wp-content\/uploads\/2025\/12\/21.12.Zalenski-w-Polsce.mp3\"><img loading=\"lazy\" decoding=\"async\" width=\"150\" height=\"74\" class=\"wp-image-132234\" style=\"width: 150px;\" src=\"https:\/\/htb.com.pl\/wp-content\/uploads\/2025\/12\/Zalenski-Nawrockimaly.png\" alt=\"\" srcset=\"https:\/\/htb.com.pl\/wp-content\/uploads\/2025\/12\/Zalenski-Nawrockimaly.png 976w, https:\/\/htb.com.pl\/wp-content\/uploads\/2025\/12\/Zalenski-Nawrockimaly-300x148.png 300w, https:\/\/htb.com.pl\/wp-content\/uploads\/2025\/12\/Zalenski-Nawrockimaly-768x380.png 768w, https:\/\/htb.com.pl\/wp-content\/uploads\/2025\/12\/Zalenski-Nawrockimaly-600x297.png 600w\" sizes=\"auto, (max-width: 150px) 100vw, 150px\" \/> <\/a>Wygl\u0105da\u0142o, jakby pa\u0144stwo polskie pretensje do Ukrainy mia\u0142o, \u017ce podzi\u0119kowa\u0144 za nasz\u0105 pomoc by\u0142o za ma\u0142o.<\/p>\n\n\n\n<p>Mam nadziej\u0119, \u017ce to tylko mnie si\u0119 tak wydawa\u0142o.<\/p>\n","protected":false},"excerpt":{"rendered":"<p>Zanim Wo\u0142odymyr Za\u0142enski u\u015bcisn\u0105\u0142 d\u0142o\u0144 prezydenta Karola Nawrockiego, du\u017co si\u0119 wydarzy\u0142o. Nasz prezydent realizuje to czego Trump (i Putin) od niego oczekuje. Zak\u0142adam, \u017ce sam niczego tu nie pojmuje. Bo tak si\u0119 zachowuje. To, \u017ce dzia\u0142ania rz\u0105du Donalda Tuska wetami torpeduje, jak na razie poparcia mu nie ujmuje. Najgorsze jednak jest to, \u017ce premiera z [&hellip;]<\/p>\n","protected":false},"author":1,"featured_media":132236,"comment_status":"open","ping_status":"open","sticky":false,"template":"","format":"standard","meta":{"_jetpack_memberships_contains_paid_content":false,"footnotes":""},"categories":[4],"tags":[1053],"class_list":["post-132224","post","type-post","status-publish","format-standard","has-post-thumbnail","hentry","category-daty-i-fakty-blog","tag-wolodymyr-zalenski-w-polsce"],"jetpack_sharing_enabled":true,"jetpack_featured_media_url":"https:\/\/htb.com.pl\/wp-content\/uploads\/2025\/12\/Zalenski-w-Polscemaly.png","_links":{"self":[{"href":"https:\/\/htb.com.pl\/index.php?rest_route=\/wp\/v2\/posts\/132224","targetHints":{"allow":["GET"]}}],"collection":[{"href":"https:\/\/htb.com.pl\/index.php?rest_route=\/wp\/v2\/posts"}],"about":[{"href":"https:\/\/htb.com.pl\/index.php?rest_route=\/wp\/v2\/types\/post"}],"author":[{"embeddable":true,"href":"https:\/\/htb.com.pl\/index.php?rest_route=\/wp\/v2\/users\/1"}],"replies":[{"embeddable":true,"href":"https:\/\/htb.com.pl\/index.php?rest_route=%2Fwp%2Fv2%2Fcomments&post=132224"}],"version-history":[{"count":6,"href":"https:\/\/htb.com.pl\/index.php?rest_route=\/wp\/v2\/posts\/132224\/revisions"}],"predecessor-version":[{"id":132239,"href":"https:\/\/htb.com.pl\/index.php?rest_route=\/wp\/v2\/posts\/132224\/revisions\/132239"}],"wp:featuredmedia":[{"embeddable":true,"href":"https:\/\/htb.com.pl\/index.php?rest_route=\/wp\/v2\/media\/132236"}],"wp:attachment":[{"href":"https:\/\/htb.com.pl\/index.php?rest_route=%2Fwp%2Fv2%2Fmedia&parent=132224"}],"wp:term":[{"taxonomy":"category","embeddable":true,"href":"https:\/\/htb.com.pl\/index.php?rest_route=%2Fwp%2Fv2%2Fcategories&post=132224"},{"taxonomy":"post_tag","embeddable":true,"href":"https:\/\/htb.com.pl\/index.php?rest_route=%2Fwp%2Fv2%2Ftags&post=132224"}],"curies":[{"name":"wp","href":"https:\/\/api.w.org\/{rel}","templated":true}]}}