{"id":132567,"date":"2025-12-28T15:13:55","date_gmt":"2025-12-28T15:13:55","guid":{"rendered":"https:\/\/htb.com.pl\/?p=132567"},"modified":"2026-01-02T15:41:19","modified_gmt":"2026-01-02T15:41:19","slug":"kolektywizm-czy-dyktatura","status":"publish","type":"post","link":"https:\/\/htb.com.pl\/?p=132567","title":{"rendered":"Kolektywizm czy dyktatura"},"content":{"rendered":"\n<p><\/p>\n\n\n\n<figure class=\"wp-block-image size-thumbnail\"><a href=\"https:\/\/htb.com.pl\/wp-content\/uploads\/2025\/12\/Kolektywizm-czy-dyktatura.mp3\"><img loading=\"lazy\" decoding=\"async\" width=\"150\" height=\"150\" src=\"https:\/\/htb.com.pl\/wp-content\/uploads\/2018\/04\/posluchaj-150x150.jpg\" alt=\"\" class=\"wp-image-2020\" srcset=\"https:\/\/htb.com.pl\/wp-content\/uploads\/2018\/04\/posluchaj-150x150.jpg 150w, https:\/\/htb.com.pl\/wp-content\/uploads\/2018\/04\/posluchaj-300x300.jpg 300w, https:\/\/htb.com.pl\/wp-content\/uploads\/2018\/04\/posluchaj-100x100.jpg 100w\" sizes=\"auto, (max-width: 150px) 100vw, 150px\" \/><\/a><\/figure>\n\n\n\n<p>Opisuj\u0105c wydarzenia z ostatniego tygodnia na moim blogu DATY I FAKTY, staram si\u0119, aby by\u0142o to pokazane z perspektywy Marysi (wcze\u015bniejsze wpisy). Zna\u0142em j\u0105 w czasach \u201epierestrojki\u201d. Pami\u0119tam jak m\u00f3wi\u0142a: \u201dGorbaczow s\u0142ucha doradc\u00f3w \u2013 nawet tych, z kt\u00f3rymi nie wypada mu si\u0119 zgadza\u0107 \u2013 taka powinna by\u0107 polityka. By\u0142oby \u017ale, jakby na Kremlu zasiad\u0142 dyktator. Teraz mamy wojn\u0119 w Czeczeni, trzeba zrobi\u0107 wszystko, aby to z\u0142o si\u0119 nie rozla\u0142o na inne kraje\u201d. &nbsp;<\/p>\n\n\n\n<figure class=\"wp-block-image size-full\"><a href=\"http:\/\/radiomaria.com.pl\/wp-content\/uploads\/2025\/12\/25.12.Straszenia.mp3\"><img loading=\"lazy\" decoding=\"async\" width=\"985\" height=\"540\" src=\"https:\/\/htb.com.pl\/wp-content\/uploads\/2025\/12\/InozjemcewMaly.png\" alt=\"\" class=\"wp-image-132571\" srcset=\"https:\/\/htb.com.pl\/wp-content\/uploads\/2025\/12\/InozjemcewMaly.png 985w, https:\/\/htb.com.pl\/wp-content\/uploads\/2025\/12\/InozjemcewMaly-300x164.png 300w, https:\/\/htb.com.pl\/wp-content\/uploads\/2025\/12\/InozjemcewMaly-768x421.png 768w, https:\/\/htb.com.pl\/wp-content\/uploads\/2025\/12\/InozjemcewMaly-600x329.png 600w\" sizes=\"auto, (max-width: 985px) 100vw, 985px\" \/><\/a><figcaption class=\"wp-element-caption\">W ramce rosyjski ekonomista W\u0142adys\u0142aw Inoziemcew. W tle flagi Ukrainy i Unii Europejskiej (zdj. ilustracyjne)<\/figcaption><\/figure>\n\n\n\n<p>&nbsp;Pami\u0119tam, jak zaanga\u017cowa\u0142a si\u0119 w spraw\u0119 spotkania Gorbaczowa z Reaganem w Reykjaviku (11-12 pa\u017adziernika 1986 r.) Opisa\u0142em zaanga\u017cowanie Marysi w za\u0142agodzenie konfliktu ZSSR i USA po katastrofie radzieckiego okr\u0119tu podwodnego K 219 u wybrze\u017cy Stan\u00f3w Zjednoczonych (6 pa\u017adziernika 1986 r.) Wpis &nbsp;\u201e<a href=\"https:\/\/htb.com.pl\/?p=258\">A mo\u017ce by tak TK (teraz kobiety)<\/a>\u201d <\/p>\n\n\n\n<p>&nbsp; Konflikt zbrojny nigdy niczego nie rozwi\u0105\u017ce, m\u00f3wi\u0142a Marysia, a jedynie pog\u0142\u0119bi podzia\u0142y i zginie mn\u00f3stwo ludzi. Przez to, \u017ce popr\u00f3bowali\u015bmy dyktatury (przedwojenna sanacja) stracili\u015bmy nasze kresy. Trzeba je odzyska\u0107 \u2013 ale bez walki na froncie. Jak?- zapyta\u0142em. Zobaczysz, odpowiedzia\u0142a.<\/p>\n\n\n\n<p>&nbsp; &nbsp;Marysia odesz\u0142a, nie \u017cyje. Dzi\u015b gdyby \u017cy\u0142a Denisa Kapustina, Rosjanina walcz\u0105cego po stronie Ukrainy &#8211; dow\u00f3dc\u0119 Rosyjskiego Korpusu Ochotniczego, kt\u00f3ry poleg\u0142 w Ukrainie, jako swego bohatera by \u017cegna\u0142a. Cho\u0107 zapewne z jego pogl\u0105dami by si\u0119 nie zgadza\u0142a. Ale to, \u017ce walczy\u0142, aby Ukraina do Unii Europejskiej nale\u017ca\u0142a, z ca\u0142\u0105 moc\u0105 by akceptowa\u0142a.<\/p>\n\n\n\n<figure class=\"wp-block-image size-full\"><a href=\"http:\/\/radiomaria.com.pl\/wp-content\/uploads\/2025\/12\/27.12.Kapustin-nie-zyje.mp3\"><img loading=\"lazy\" decoding=\"async\" width=\"964\" height=\"539\" src=\"https:\/\/htb.com.pl\/wp-content\/uploads\/2025\/12\/Kapustinmaly.png\" alt=\"\" class=\"wp-image-132573\" srcset=\"https:\/\/htb.com.pl\/wp-content\/uploads\/2025\/12\/Kapustinmaly.png 964w, https:\/\/htb.com.pl\/wp-content\/uploads\/2025\/12\/Kapustinmaly-300x168.png 300w, https:\/\/htb.com.pl\/wp-content\/uploads\/2025\/12\/Kapustinmaly-768x429.png 768w, https:\/\/htb.com.pl\/wp-content\/uploads\/2025\/12\/Kapustinmaly-600x335.png 600w\" sizes=\"auto, (max-width: 964px) 100vw, 964px\" \/><\/a><figcaption class=\"wp-element-caption\">Denis Kapustin, dow\u00f3dca Rosyjskiego Korpusu Ochotniczego zgin\u0105\u0142 na froncie<\/figcaption><\/figure>\n\n\n\n<p>&nbsp; Po wybuchu elektrowni J\u0105drowej w Czarnobylu proponowa\u0142a, aby Europejska Wsp\u00f3lnota Gospodarcza, dzisiejsza UE walk\u0119 ze skutkami tej katastrofy sfinansowa\u0142a i na Polesiu jak dzia\u0142a, pokaza\u0142a. To si\u0119 tylko w po\u0142owie uda\u0142o. Sarkofag w Czarnobylu dzi\u0119ki mi\u0119dzynarodowej koalicji ponad 40 pa\u0144stw-darczy\u0144c\u00f3w, w tym Unii Europejskiej, kraj\u00f3w G7 dzia\u0142a. A\u017c si\u0119 boj\u0119 w tym gronie wymieni\u0107 Polsk\u0119 \u2013 bo w Polsce dyktatura si\u0119 spodoba\u0142a, podobna do tej, co w 1939 roku nasze kresy bez walki odda\u0142a. Dzi\u015b Ukraina walczy o to, czego Marysia dla Polesia chcia\u0142a. Lepiej, \u017ceby wygra\u0142a, a Polska kolektywnie, a nie po dyktatorsku dzia\u0142a\u0142a.<\/p>\n\n\n\n<p>  Z ostatniej chwili: Ukrai\u0144ski wywiad wojskowy poinformowa\u0142, \u017ce \u015bmier\u0107 Denisa Kapustina, dow\u00f3dcy Rosyjskiego Korpusu Ochotniczego, zosta\u0142a sfabrykowana.<\/p>\n\n\n\n<p>Wed\u0142ug G\u0142\u00f3wnego Zarz\u0105du Wywiadu Ukrainy \u00a0rosyjskie s\u0142u\u017cby specjalne zosta\u0142y o\u015bmieszone przez stron\u0119 ukrai\u0144sk\u0105, kt\u00f3rej dzia\u0142ania pozwoli\u0142y uratowa\u0107 Kapustina.<\/p>\n\n\n\n<p>Kapustin, uznawany za osobistego wroga Putina, pozostaje got\u00f3w do dalszych dzia\u0142a\u0144 bojowych i dowodzenia Rosyjskim Korpusem Ochotniczym.<\/p>\n\n\n\n<p><\/p>\n","protected":false},"excerpt":{"rendered":"<p>Opisuj\u0105c wydarzenia z ostatniego tygodnia na moim blogu DATY I FAKTY, staram si\u0119, aby by\u0142o to pokazane z perspektywy Marysi (wcze\u015bniejsze wpisy). Zna\u0142em j\u0105 w czasach \u201epierestrojki\u201d. Pami\u0119tam jak m\u00f3wi\u0142a: \u201dGorbaczow s\u0142ucha doradc\u00f3w \u2013 nawet tych, z kt\u00f3rymi nie wypada mu si\u0119 zgadza\u0107 \u2013 taka powinna by\u0107 polityka. By\u0142oby \u017ale, jakby na Kremlu zasiad\u0142 dyktator. [&hellip;]<\/p>\n","protected":false},"author":1,"featured_media":132570,"comment_status":"open","ping_status":"open","sticky":false,"template":"","format":"standard","meta":{"_jetpack_memberships_contains_paid_content":false,"footnotes":""},"categories":[4],"tags":[1054],"class_list":["post-132567","post","type-post","status-publish","format-standard","has-post-thumbnail","hentry","category-daty-i-fakty-blog","tag-kolektywizm-czy-dyktatura"],"jetpack_sharing_enabled":true,"jetpack_featured_media_url":"https:\/\/htb.com.pl\/wp-content\/uploads\/2025\/12\/Kolektywizm.png","_links":{"self":[{"href":"https:\/\/htb.com.pl\/index.php?rest_route=\/wp\/v2\/posts\/132567","targetHints":{"allow":["GET"]}}],"collection":[{"href":"https:\/\/htb.com.pl\/index.php?rest_route=\/wp\/v2\/posts"}],"about":[{"href":"https:\/\/htb.com.pl\/index.php?rest_route=\/wp\/v2\/types\/post"}],"author":[{"embeddable":true,"href":"https:\/\/htb.com.pl\/index.php?rest_route=\/wp\/v2\/users\/1"}],"replies":[{"embeddable":true,"href":"https:\/\/htb.com.pl\/index.php?rest_route=%2Fwp%2Fv2%2Fcomments&post=132567"}],"version-history":[{"count":6,"href":"https:\/\/htb.com.pl\/index.php?rest_route=\/wp\/v2\/posts\/132567\/revisions"}],"predecessor-version":[{"id":132815,"href":"https:\/\/htb.com.pl\/index.php?rest_route=\/wp\/v2\/posts\/132567\/revisions\/132815"}],"wp:featuredmedia":[{"embeddable":true,"href":"https:\/\/htb.com.pl\/index.php?rest_route=\/wp\/v2\/media\/132570"}],"wp:attachment":[{"href":"https:\/\/htb.com.pl\/index.php?rest_route=%2Fwp%2Fv2%2Fmedia&parent=132567"}],"wp:term":[{"taxonomy":"category","embeddable":true,"href":"https:\/\/htb.com.pl\/index.php?rest_route=%2Fwp%2Fv2%2Fcategories&post=132567"},{"taxonomy":"post_tag","embeddable":true,"href":"https:\/\/htb.com.pl\/index.php?rest_route=%2Fwp%2Fv2%2Ftags&post=132567"}],"curies":[{"name":"wp","href":"https:\/\/api.w.org\/{rel}","templated":true}]}}