{"id":134617,"date":"2026-02-08T11:16:41","date_gmt":"2026-02-08T11:16:41","guid":{"rendered":"https:\/\/htb.com.pl\/?p=134617"},"modified":"2026-02-08T12:14:06","modified_gmt":"2026-02-08T12:14:06","slug":"pis-i-po-to-nie-zlo","status":"publish","type":"post","link":"https:\/\/htb.com.pl\/?p=134617","title":{"rendered":"PiS i PO to nie z\u0142o"},"content":{"rendered":"\n<p><\/p>\n\n\n\n<p><\/p>\n\n\n\n<figure class=\"wp-block-image size-thumbnail\"><a href=\"https:\/\/htb.com.pl\/wp-content\/uploads\/2026\/02\/PiS-i-PO-to-nie-zlo.mp3\"><img loading=\"lazy\" decoding=\"async\" width=\"150\" height=\"150\" src=\"https:\/\/htb.com.pl\/wp-content\/uploads\/2018\/04\/posluchaj-150x150.jpg\" alt=\"\" class=\"wp-image-2020\" srcset=\"https:\/\/htb.com.pl\/wp-content\/uploads\/2018\/04\/posluchaj-150x150.jpg 150w, https:\/\/htb.com.pl\/wp-content\/uploads\/2018\/04\/posluchaj-300x300.jpg 300w, https:\/\/htb.com.pl\/wp-content\/uploads\/2018\/04\/posluchaj-100x100.jpg 100w\" sizes=\"auto, (max-width: 150px) 100vw, 150px\" \/><\/a><\/figure>\n\n\n\n<p><\/p>\n\n\n\n<p>Kiedy\u015b towarzystwo, co polityk\u0119 Sanacji za sw\u00f3j wz\u00f3r obra\u0142o, z\u0142em si\u0119 nazywa\u0142o \u201ePiS i PO \u2013 jedno z\u0142o\u201d. <a href=\"http:\/\/radiomaria.com.pl\/wp-content\/uploads\/2025\/08\/07.02.-Kaczynski-wyszadl-ze-szpitala.mp3\"><img loading=\"lazy\" decoding=\"async\" width=\"150\" height=\"82\" class=\"wp-image-134628\" style=\"width: 150px;\" src=\"https:\/\/htb.com.pl\/wp-content\/uploads\/2026\/02\/KSzpitalmaly.png\" alt=\"\" srcset=\"https:\/\/htb.com.pl\/wp-content\/uploads\/2026\/02\/KSzpitalmaly.png 968w, https:\/\/htb.com.pl\/wp-content\/uploads\/2026\/02\/KSzpitalmaly-300x163.png 300w, https:\/\/htb.com.pl\/wp-content\/uploads\/2026\/02\/KSzpitalmaly-768x418.png 768w, https:\/\/htb.com.pl\/wp-content\/uploads\/2026\/02\/KSzpitalmaly-600x327.png 600w\" sizes=\"auto, (max-width: 150px) 100vw, 150px\" \/> <\/a>To nie zadzia\u0142a\u0142o, bo po roku 1980 nasz\u0105 histori\u0119 tak si\u0119 zak\u0142ama\u0142o, \u017ce spo\u0142ecze\u0144stwo kl\u0119sk\u0119 wrze\u015bniow\u0105, zwyci\u0119stwem nazwa\u0142o. <a href=\"http:\/\/radiomaria.com.pl\/wp-content\/uploads\/2026\/02\/03.02.-Kresy.mp3\"><img loading=\"lazy\" decoding=\"async\" width=\"150\" height=\"106\" class=\"wp-image-134619\" style=\"width: 150px;\" src=\"https:\/\/htb.com.pl\/wp-content\/uploads\/2026\/02\/Kresy.png\" alt=\"\" srcset=\"https:\/\/htb.com.pl\/wp-content\/uploads\/2026\/02\/Kresy.png 711w, https:\/\/htb.com.pl\/wp-content\/uploads\/2026\/02\/Kresy-300x212.png 300w, https:\/\/htb.com.pl\/wp-content\/uploads\/2026\/02\/Kresy-600x424.png 600w\" sizes=\"auto, (max-width: 150px) 100vw, 150px\" \/><\/a><\/p>\n\n\n\n<p>&nbsp; Dzi\u015b z\u0142o tak si\u0119 rozbudowa\u0142o, \u017ce cytowanie Marysi\u201d <em>Ludzie bez wyobra\u017ani nie mog\u0105 rz\u0105dzi\u0107, bo doprowadz\u0105 do katastrofy\u201d<\/em> \u2013 nie b\u0119dzie dzia\u0142a\u0142o.<\/p>\n\n\n\n<p>&nbsp; Po II wojnie \u015bwiatowej w Polsce \u2013 i praktycznie tylko w Polsce! socjalizm, a nie komunizm si\u0119 budowa\u0142o. Ostatniego polskiego komunist\u0119 jeszcze przed wojn\u0105 w 1938 roku si\u0119 zlikwidowa\u0142o <a href=\"https:\/\/pl.wikipedia.org\/wiki\/Mi%C4%99dzynarod%C3%B3wka_Komunistyczna\">(Komintern i nie chodzi o ci\u0105gnik g\u0105sienicowy).<\/a> W Polsce co\u015b takiego, jak partia komunistyczna dopiero w 2002 roku powsta\u0142o. To jednak prezydentowi Karolowi Nawrockiemu nie przeszkadza\u0142o i w swojej pracy doktorskiej opisa\u0142 op\u00f3r spo\u0142ecze\u0144stwa wobec w\u0142adz \u201ekomunistycznych\u201d w wojew\u00f3dztwie elbl\u0105skim w latach 1976-1989. Oryginalnie w tytule s\u0142owo komunistycznych bez cudzys\u0142owu zapisano \u2013 i doktorat nadano. Dzi\u015b tego cz\u0142owieka na fali \u015bwiatowego z\u0142a, kt\u00f3re nazwiskiem Jeffreya Epsteina <a href=\"http:\/\/radiomaria.com.pl\/wp-content\/uploads\/2026\/02\/04.02.Afera-Epsteina.mp3\"><img loading=\"lazy\" decoding=\"async\" width=\"150\" height=\"63\" class=\"wp-image-134623\" style=\"width: 150px;\" src=\"https:\/\/htb.com.pl\/wp-content\/uploads\/2026\/02\/AferaEP.png\" alt=\"\" srcset=\"https:\/\/htb.com.pl\/wp-content\/uploads\/2026\/02\/AferaEP.png 956w, https:\/\/htb.com.pl\/wp-content\/uploads\/2026\/02\/AferaEP-300x126.png 300w, https:\/\/htb.com.pl\/wp-content\/uploads\/2026\/02\/AferaEP-768x324.png 768w, https:\/\/htb.com.pl\/wp-content\/uploads\/2026\/02\/AferaEP-600x253.png 600w\" sizes=\"auto, (max-width: 150px) 100vw, 150px\" \/> <\/a>nazwano prezydentem Polski wybrano. Gdyby tu Marysi pos\u0142uchano i prezydenta poprzez zgromadzenie narodowe wybierano, nigdy kogo\u015b takiego na prezydenta by nie wybrano.&nbsp;<\/p>\n\n\n\n<p>&nbsp; W Ukrainie z\u0142o i dobro dawne r\u00f3\u017cnic\u0119 zachowa\u0142o <a href=\"http:\/\/radiomaria.com.pl\/wp-content\/uploads\/2026\/02\/05.02.-PiS-i-PO-to-nie-zlo.mp3\"><img loading=\"lazy\" decoding=\"async\" width=\"150\" height=\"100\" class=\"wp-image-134625\" style=\"width: 150px;\" src=\"https:\/\/htb.com.pl\/wp-content\/uploads\/2026\/02\/Tusk-w-Kijowiemaly.png\" alt=\"\" srcset=\"https:\/\/htb.com.pl\/wp-content\/uploads\/2026\/02\/Tusk-w-Kijowiemaly.png 984w, https:\/\/htb.com.pl\/wp-content\/uploads\/2026\/02\/Tusk-w-Kijowiemaly-300x200.png 300w, https:\/\/htb.com.pl\/wp-content\/uploads\/2026\/02\/Tusk-w-Kijowiemaly-768x512.png 768w, https:\/\/htb.com.pl\/wp-content\/uploads\/2026\/02\/Tusk-w-Kijowiemaly-600x400.png 600w\" sizes=\"auto, (max-width: 150px) 100vw, 150px\" \/> <\/a>\u2013 boj\u0119 si\u0119 jednak, \u017ce wobec tego, co w \u015bwiatowej polityce si\u0119 sta\u0142o \u2013 to mo\u017ce by\u0107 za ma\u0142o.<\/p>\n","protected":false},"excerpt":{"rendered":"<p>Kiedy\u015b towarzystwo, co polityk\u0119 Sanacji za sw\u00f3j wz\u00f3r obra\u0142o, z\u0142em si\u0119 nazywa\u0142o \u201ePiS i PO \u2013 jedno z\u0142o\u201d. To nie zadzia\u0142a\u0142o, bo po roku 1980 nasz\u0105 histori\u0119 tak si\u0119 zak\u0142ama\u0142o, \u017ce spo\u0142ecze\u0144stwo kl\u0119sk\u0119 wrze\u015bniow\u0105, zwyci\u0119stwem nazwa\u0142o. &nbsp; Dzi\u015b z\u0142o tak si\u0119 rozbudowa\u0142o, \u017ce cytowanie Marysi\u201d Ludzie bez wyobra\u017ani nie mog\u0105 rz\u0105dzi\u0107, bo doprowadz\u0105 do katastrofy\u201d [&hellip;]<\/p>\n","protected":false},"author":1,"featured_media":126011,"comment_status":"open","ping_status":"open","sticky":false,"template":"","format":"standard","meta":{"_jetpack_memberships_contains_paid_content":false,"footnotes":""},"categories":[4],"tags":[1059],"class_list":["post-134617","post","type-post","status-publish","format-standard","has-post-thumbnail","hentry","category-daty-i-fakty-blog","tag-pis-i-po-to-nie-zlo"],"jetpack_sharing_enabled":true,"jetpack_featured_media_url":"https:\/\/htb.com.pl\/wp-content\/uploads\/2025\/08\/Komintern.png","_links":{"self":[{"href":"https:\/\/htb.com.pl\/index.php?rest_route=\/wp\/v2\/posts\/134617","targetHints":{"allow":["GET"]}}],"collection":[{"href":"https:\/\/htb.com.pl\/index.php?rest_route=\/wp\/v2\/posts"}],"about":[{"href":"https:\/\/htb.com.pl\/index.php?rest_route=\/wp\/v2\/types\/post"}],"author":[{"embeddable":true,"href":"https:\/\/htb.com.pl\/index.php?rest_route=\/wp\/v2\/users\/1"}],"replies":[{"embeddable":true,"href":"https:\/\/htb.com.pl\/index.php?rest_route=%2Fwp%2Fv2%2Fcomments&post=134617"}],"version-history":[{"count":7,"href":"https:\/\/htb.com.pl\/index.php?rest_route=\/wp\/v2\/posts\/134617\/revisions"}],"predecessor-version":[{"id":134636,"href":"https:\/\/htb.com.pl\/index.php?rest_route=\/wp\/v2\/posts\/134617\/revisions\/134636"}],"wp:featuredmedia":[{"embeddable":true,"href":"https:\/\/htb.com.pl\/index.php?rest_route=\/wp\/v2\/media\/126011"}],"wp:attachment":[{"href":"https:\/\/htb.com.pl\/index.php?rest_route=%2Fwp%2Fv2%2Fmedia&parent=134617"}],"wp:term":[{"taxonomy":"category","embeddable":true,"href":"https:\/\/htb.com.pl\/index.php?rest_route=%2Fwp%2Fv2%2Fcategories&post=134617"},{"taxonomy":"post_tag","embeddable":true,"href":"https:\/\/htb.com.pl\/index.php?rest_route=%2Fwp%2Fv2%2Ftags&post=134617"}],"curies":[{"name":"wp","href":"https:\/\/api.w.org\/{rel}","templated":true}]}}