{"id":135297,"date":"2026-02-22T04:56:36","date_gmt":"2026-02-22T04:56:36","guid":{"rendered":"https:\/\/htb.com.pl\/?p=135297"},"modified":"2026-02-22T15:18:33","modified_gmt":"2026-02-22T15:18:33","slug":"safe","status":"publish","type":"post","link":"https:\/\/htb.com.pl\/?p=135297","title":{"rendered":"SAFE"},"content":{"rendered":"\n<p>Konwencja PiS w Stalowej Woli<\/p>\n\n\n\n<p><\/p>\n\n\n\n<figure class=\"wp-block-image size-thumbnail\"><a href=\"https:\/\/htb.com.pl\/wp-content\/uploads\/2026\/02\/SAFE-BLOG.mp3\"><img loading=\"lazy\" decoding=\"async\" width=\"150\" height=\"150\" src=\"https:\/\/htb.com.pl\/wp-content\/uploads\/2018\/04\/posluchaj-150x150.jpg\" alt=\"\" class=\"wp-image-2020\" srcset=\"https:\/\/htb.com.pl\/wp-content\/uploads\/2018\/04\/posluchaj-150x150.jpg 150w, https:\/\/htb.com.pl\/wp-content\/uploads\/2018\/04\/posluchaj-300x300.jpg 300w, https:\/\/htb.com.pl\/wp-content\/uploads\/2018\/04\/posluchaj-100x100.jpg 100w\" sizes=\"auto, (max-width: 150px) 100vw, 150px\" \/><\/a><\/figure>\n\n\n\n<p>SAFE znaczy bezpiecznie. Oto wypowied\u017a Pani Pose\u0142 El\u017cbiety Burkiewicz, <a href=\"http:\/\/radiomaria.com.pl\/wp-content\/uploads\/2026\/02\/19.02.-Cos-sie-popsulo.mp3\"><img loading=\"lazy\" decoding=\"async\" width=\"150\" height=\"72\" class=\"wp-image-135345\" style=\"width: 150px;\" src=\"https:\/\/htb.com.pl\/wp-content\/uploads\/2026\/02\/Popsulomaly.png\" alt=\"\" srcset=\"https:\/\/htb.com.pl\/wp-content\/uploads\/2026\/02\/Popsulomaly.png 979w, https:\/\/htb.com.pl\/wp-content\/uploads\/2026\/02\/Popsulomaly-300x144.png 300w, https:\/\/htb.com.pl\/wp-content\/uploads\/2026\/02\/Popsulomaly-768x369.png 768w, https:\/\/htb.com.pl\/wp-content\/uploads\/2026\/02\/Popsulomaly-600x289.png 600w\" sizes=\"auto, (max-width: 150px) 100vw, 150px\" \/> <\/a>kt\u00f3r\u0105 zamie\u015bci\u0142a na FB. Zwraca si\u0119 do prezydenta Stalowej Woli Lucjusza Nadbere\u017cnego w zwi\u0105zku z jego postaw\u0105 wobec zagro\u017cenia dla pa\u0144stwa polskiego. <\/p>\n\n\n\n<p>Cytat:<\/p>\n\n\n\n<figure class=\"wp-block-image size-full\"><img loading=\"lazy\" decoding=\"async\" width=\"900\" height=\"605\" src=\"https:\/\/htb.com.pl\/wp-content\/uploads\/2026\/02\/Nadberezny.png\" alt=\"\" class=\"wp-image-135298\" srcset=\"https:\/\/htb.com.pl\/wp-content\/uploads\/2026\/02\/Nadberezny.png 900w, https:\/\/htb.com.pl\/wp-content\/uploads\/2026\/02\/Nadberezny-300x202.png 300w, https:\/\/htb.com.pl\/wp-content\/uploads\/2026\/02\/Nadberezny-768x516.png 768w, https:\/\/htb.com.pl\/wp-content\/uploads\/2026\/02\/Nadberezny-600x403.png 600w\" sizes=\"auto, (max-width: 900px) 100vw, 900px\" \/><figcaption class=\"wp-element-caption\">Lucjusz Nadbere\u017cny i Antoni Macierewicz na Konwencji PiS w Stalowej Woli<\/figcaption><\/figure>\n\n\n\n<p>Cytat:<\/p>\n\n\n\n<p>20 miliard\u00f3w z\u0142otych.<\/p>\n\n\n\n<p>Tyle mo\u017ce straci\u0107 <a href=\"https:\/\/www.facebook.com\/hashtag\/stalowawola?__eep__=6&amp;__cft__[0]=AZbWt0L2t7PvpXI3lZTh2xCXyJIWigKGgaSjXvJE2_UH76i-tikIYoF7r8oR8jsmu8oMx7OdwqgkHn9yIXTvAjWuAVS3pWD19fS1VFpC1h3pN4AM8iHI0LS64ITarUhtdUdpo0kjr_2bJWpnj387-vnKsoDBI6iNTFT1dHkXhWPgdkTX695kuoqkWCSjy678Qw28ZyDiDGEcwxzQhKtSQmT75HnxUZYbINFC6-kyjfz_xw&amp;__tn__=*NK-y-R\">#StalowaWola<\/a>, a wraz z ni\u0105 <a href=\"https:\/\/www.facebook.com\/mielecpl?__cft__[0]=AZbWt0L2t7PvpXI3lZTh2xCXyJIWigKGgaSjXvJE2_UH76i-tikIYoF7r8oR8jsmu8oMx7OdwqgkHn9yIXTvAjWuAVS3pWD19fS1VFpC1h3pN4AM8iHI0LS64ITarUhtdUdpo0kjr_2bJWpnj387-vnKsoDBI6iNTFT1dHkXhWPgdkTX695kuoqkWCSjy678Qw28ZyDiDGEcwxzQhKtSQmT75HnxUZYbINFC6-kyjfz_xw&amp;__tn__=-]K-y-R\">Mielec<\/a>, <a href=\"https:\/\/www.facebook.com\/Rzeszow.stolica.innowacji?__cft__[0]=AZbWt0L2t7PvpXI3lZTh2xCXyJIWigKGgaSjXvJE2_UH76i-tikIYoF7r8oR8jsmu8oMx7OdwqgkHn9yIXTvAjWuAVS3pWD19fS1VFpC1h3pN4AM8iHI0LS64ITarUhtdUdpo0kjr_2bJWpnj387-vnKsoDBI6iNTFT1dHkXhWPgdkTX695kuoqkWCSjy678Qw28ZyDiDGEcwxzQhKtSQmT75HnxUZYbINFC6-kyjfz_xw&amp;__tn__=-]K-y-R\">Rzesz\u00f3w<\/a> i ca\u0142e <a href=\"https:\/\/www.facebook.com\/hashtag\/podkarpacie?__eep__=6&amp;__cft__[0]=AZbWt0L2t7PvpXI3lZTh2xCXyJIWigKGgaSjXvJE2_UH76i-tikIYoF7r8oR8jsmu8oMx7OdwqgkHn9yIXTvAjWuAVS3pWD19fS1VFpC1h3pN4AM8iHI0LS64ITarUhtdUdpo0kjr_2bJWpnj387-vnKsoDBI6iNTFT1dHkXhWPgdkTX695kuoqkWCSjy678Qw28ZyDiDGEcwxzQhKtSQmT75HnxUZYbINFC6-kyjfz_xw&amp;__tn__=*NK-y-R\">#Podkarpacie<\/a>, je\u015bli zwyci\u0119\u017cy polityczna \u015blepota i partyjna lojalno\u015b\u0107 wobec <a href=\"https:\/\/www.facebook.com\/pisorgpl?__cft__[0]=AZbWt0L2t7PvpXI3lZTh2xCXyJIWigKGgaSjXvJE2_UH76i-tikIYoF7r8oR8jsmu8oMx7OdwqgkHn9yIXTvAjWuAVS3pWD19fS1VFpC1h3pN4AM8iHI0LS64ITarUhtdUdpo0kjr_2bJWpnj387-vnKsoDBI6iNTFT1dHkXhWPgdkTX695kuoqkWCSjy678Qw28ZyDiDGEcwxzQhKtSQmT75HnxUZYbINFC6-kyjfz_xw&amp;__tn__=-]K-y-R\">Prawo i Sprawiedliwo\u015b\u0107<\/a> !<\/p>\n\n\n\n<p>Dzi\u015b na konwencji w Stalowej Woli widzimy symboliczny obrazek. Prezydent miasta stoi na jednej scenie z Antonim Macierewiczem, politykiem, kt\u00f3rego wizje wielokrotnie uderza\u0142y w wiarygodno\u015b\u0107 polskiej armii i bezpiecze\u0144stwo pa\u0144stwa. To nie jest niewinna fotografia. To jest jasna deklaracja politycznego wyboru.<\/p>\n\n\n\n<p>Panie Prezydencie Lucjuszu <a href=\"https:\/\/www.facebook.com\/hashtag\/nadbere%C5%BCny?__eep__=6&amp;__cft__[0]=AZbWt0L2t7PvpXI3lZTh2xCXyJIWigKGgaSjXvJE2_UH76i-tikIYoF7r8oR8jsmu8oMx7OdwqgkHn9yIXTvAjWuAVS3pWD19fS1VFpC1h3pN4AM8iHI0LS64ITarUhtdUdpo0kjr_2bJWpnj387-vnKsoDBI6iNTFT1dHkXhWPgdkTX695kuoqkWCSjy678Qw28ZyDiDGEcwxzQhKtSQmT75HnxUZYbINFC6-kyjfz_xw&amp;__tn__=*NK-y-R\">#Nadbere\u017cny<\/a>, pytam publicznie.<\/p>\n\n\n\n<p><img loading=\"lazy\" decoding=\"async\" height=\"16\" width=\"16\" alt=\"&#x1f449;&#x1f3fb;\" src=\"https:\/\/static.xx.fbcdn.net\/images\/emoji.php\/v9\/tc\/1\/16\/1f449_1f3fb.png\"> Czy jest Pan przeciwny temu, aby Stalowa Wola otrzyma\u0142a miliardy z\u0142otych z programu <a href=\"https:\/\/www.facebook.com\/hashtag\/safe?__eep__=6&amp;__cft__[0]=AZbWt0L2t7PvpXI3lZTh2xCXyJIWigKGgaSjXvJE2_UH76i-tikIYoF7r8oR8jsmu8oMx7OdwqgkHn9yIXTvAjWuAVS3pWD19fS1VFpC1h3pN4AM8iHI0LS64ITarUhtdUdpo0kjr_2bJWpnj387-vnKsoDBI6iNTFT1dHkXhWPgdkTX695kuoqkWCSjy678Qw28ZyDiDGEcwxzQhKtSQmT75HnxUZYbINFC6-kyjfz_xw&amp;__tn__=*NK-y-R\">#SAFE<\/a>?<\/p>\n\n\n\n<p><img loading=\"lazy\" decoding=\"async\" height=\"16\" width=\"16\" alt=\"&#x1f449;&#x1f3fb;\" src=\"https:\/\/static.xx.fbcdn.net\/images\/emoji.php\/v9\/tc\/1\/16\/1f449_1f3fb.png\"> Czy Huta Stalowa Wola, polski przemys\u0142 zbrojeniowy i tysi\u0105ce miejsc pracy s\u0105 mniej wa\u017cne ni\u017c oklaski na partyjnej scenie <a href=\"https:\/\/www.facebook.com\/hashtag\/pis?__eep__=6&amp;__cft__[0]=AZbWt0L2t7PvpXI3lZTh2xCXyJIWigKGgaSjXvJE2_UH76i-tikIYoF7r8oR8jsmu8oMx7OdwqgkHn9yIXTvAjWuAVS3pWD19fS1VFpC1h3pN4AM8iHI0LS64ITarUhtdUdpo0kjr_2bJWpnj387-vnKsoDBI6iNTFT1dHkXhWPgdkTX695kuoqkWCSjy678Qw28ZyDiDGEcwxzQhKtSQmT75HnxUZYbINFC6-kyjfz_xw&amp;__tn__=*NK-y-R\">#PiS<\/a>?<\/p>\n\n\n\n<p><img loading=\"lazy\" decoding=\"async\" height=\"16\" width=\"16\" alt=\"&#x1f449;&#x1f3fb;\" src=\"https:\/\/static.xx.fbcdn.net\/images\/emoji.php\/v9\/tc\/1\/16\/1f449_1f3fb.png\"> Czy naprawd\u0119 chce Pan blokowa\u0107 inwestycje wzmacniaj\u0105ce nasze bezpiecze\u0144stwo tylko dlatego, \u017ce pochodz\u0105 z europejskich program\u00f3w?<\/p>\n\n\n\n<p><img loading=\"lazy\" decoding=\"async\" height=\"16\" width=\"16\" alt=\"&#x1f6a8;\" src=\"https:\/\/static.xx.fbcdn.net\/images\/emoji.php\/v9\/t45\/1\/16\/1f6a8.png\"> Najwi\u0119kszym zagro\u017ceniem dla Polski jest dzi\u015b imperialna polityka Rosji, a nie wsp\u00f3\u0142praca w ramach Unii Europejskiej <img loading=\"lazy\" decoding=\"async\" height=\"16\" width=\"16\" alt=\"&#x1f1ea;&#x1f1fa;\" src=\"https:\/\/static.xx.fbcdn.net\/images\/emoji.php\/v9\/tdd\/1\/16\/1f1ea_1f1fa.png\">. Odrzucanie \u015brodk\u00f3w na rozw\u00f3j przemys\u0142u obronnego i modernizacj\u0119 regionu to dzia\u0142anie przeciwko interesowi mieszka\u0144c\u00f3w Podkarpacia i ca\u0142ego kraju.<\/p>\n\n\n\n<p>Nie blokuj\u0119 rozwoju regionu walk\u0105 o lasy. Walcz\u0119 o rozw\u00f3j zr\u00f3wnowa\u017cony, logiczny i przemy\u015blany, kt\u00f3ry \u0142\u0105czy bezpiecze\u0144stwo gospodarcze, miejsca pracy i odpowiedzialno\u015b\u0107 za nasze zasoby naturalne.<\/p>\n\n\n\n<p><img loading=\"lazy\" decoding=\"async\" height=\"16\" width=\"16\" alt=\"&#x26a0;&#xfe0f;\" src=\"https:\/\/static.xx.fbcdn.net\/images\/emoji.php\/v9\/tdc\/1\/16\/26a0.png\"> Wsp\u00f3\u0142praca z PiS i wspieranie narracji Antoniego <a href=\"https:\/\/www.facebook.com\/hashtag\/macierewicza?__eep__=6&amp;__cft__[0]=AZbWt0L2t7PvpXI3lZTh2xCXyJIWigKGgaSjXvJE2_UH76i-tikIYoF7r8oR8jsmu8oMx7OdwqgkHn9yIXTvAjWuAVS3pWD19fS1VFpC1h3pN4AM8iHI0LS64ITarUhtdUdpo0kjr_2bJWpnj387-vnKsoDBI6iNTFT1dHkXhWPgdkTX695kuoqkWCSjy678Qw28ZyDiDGEcwxzQhKtSQmT75HnxUZYbINFC6-kyjfz_xw&amp;__tn__=*NK-y-R\">#Macierewicza<\/a> to nie jest obrona Polski. To jest polityka, kt\u00f3ra os\u0142abia nasze bezpiecze\u0144stwo i spycha region na margines rozwoju!<\/p>\n\n\n\n<p>Mieszka\u0144cy Stalowej Woli zas\u0142uguj\u0105 na inwestycje, stabilne miejsca pracy i nowoczesny przemys\u0142, a nie na ideologiczne wojny i partyjn\u0105 propagand\u0119.<\/p>\n\n\n\n<p><img loading=\"lazy\" decoding=\"async\" height=\"16\" width=\"16\" alt=\"&#x1f5e3;&#xfe0f;\" src=\"https:\/\/static.xx.fbcdn.net\/images\/emoji.php\/v9\/tfb\/1\/16\/1f5e3.png\"> Czas wybra\u0107!<\/p>\n\n\n\n<p>Lojalno\u015b\u0107 wobec PiS czy lojalno\u015b\u0107 wobec mieszka\u0144c\u00f3w, gospodarki i bezpiecze\u0144stwa Podkarpacia.<\/p>\n\n\n\n<p>Ja wybieram Polsk\u0119 siln\u0105 gospodarczo i bezpieczn\u0105 militarnie, a nie Polsk\u0119 zak\u0142adniczk\u0119 partyjnych interes\u00f3w <img loading=\"lazy\" decoding=\"async\" height=\"16\" width=\"16\" alt=\"&#x1f44c;&#x1f3fb;\" src=\"https:\/\/static.xx.fbcdn.net\/images\/emoji.php\/v9\/tb6\/1\/16\/1f44c_1f3fb.png\"><\/p>\n\n\n\n<p><a href=\"https:\/\/www.facebook.com\/lucjusz.nadberezny?__cft__[0]=AZbWt0L2t7PvpXI3lZTh2xCXyJIWigKGgaSjXvJE2_UH76i-tikIYoF7r8oR8jsmu8oMx7OdwqgkHn9yIXTvAjWuAVS3pWD19fS1VFpC1h3pN4AM8iHI0LS64ITarUhtdUdpo0kjr_2bJWpnj387-vnKsoDBI6iNTFT1dHkXhWPgdkTX695kuoqkWCSjy678Qw28ZyDiDGEcwxzQhKtSQmT75HnxUZYbINFC6-kyjfz_xw&amp;__tn__=-]K-y-R\">Lucjusz Nadbere\u017cny<\/a><a href=\"https:\/\/www.facebook.com\/Stalowka.NET?__cft__[0]=AZbWt0L2t7PvpXI3lZTh2xCXyJIWigKGgaSjXvJE2_UH76i-tikIYoF7r8oR8jsmu8oMx7OdwqgkHn9yIXTvAjWuAVS3pWD19fS1VFpC1h3pN4AM8iHI0LS64ITarUhtdUdpo0kjr_2bJWpnj387-vnKsoDBI6iNTFT1dHkXhWPgdkTX695kuoqkWCSjy678Qw28ZyDiDGEcwxzQhKtSQmT75HnxUZYbINFC6-kyjfz_xw&amp;__tn__=-]K-y-R\">Stalowka.NET<\/a><a href=\"https:\/\/www.facebook.com\/stalowka24?__cft__[0]=AZbWt0L2t7PvpXI3lZTh2xCXyJIWigKGgaSjXvJE2_UH76i-tikIYoF7r8oR8jsmu8oMx7OdwqgkHn9yIXTvAjWuAVS3pWD19fS1VFpC1h3pN4AM8iHI0LS64ITarUhtdUdpo0kjr_2bJWpnj387-vnKsoDBI6iNTFT1dHkXhWPgdkTX695kuoqkWCSjy678Qw28ZyDiDGEcwxzQhKtSQmT75HnxUZYbINFC6-kyjfz_xw&amp;__tn__=-]K-y-R\">stalowka24.pl<\/a><a href=\"https:\/\/www.facebook.com\/centrumpolska.eu?__cft__[0]=AZbWt0L2t7PvpXI3lZTh2xCXyJIWigKGgaSjXvJE2_UH76i-tikIYoF7r8oR8jsmu8oMx7OdwqgkHn9yIXTvAjWuAVS3pWD19fS1VFpC1h3pN4AM8iHI0LS64ITarUhtdUdpo0kjr_2bJWpnj387-vnKsoDBI6iNTFT1dHkXhWPgdkTX695kuoqkWCSjy678Qw28ZyDiDGEcwxzQhKtSQmT75HnxUZYbINFC6-kyjfz_xw&amp;__tn__=-]K-y-R\">Centrum Polska<\/a><a href=\"https:\/\/www.facebook.com\/hashtag\/pl?__eep__=6&amp;__cft__[0]=AZbWt0L2t7PvpXI3lZTh2xCXyJIWigKGgaSjXvJE2_UH76i-tikIYoF7r8oR8jsmu8oMx7OdwqgkHn9yIXTvAjWuAVS3pWD19fS1VFpC1h3pN4AM8iHI0LS64ITarUhtdUdpo0kjr_2bJWpnj387-vnKsoDBI6iNTFT1dHkXhWPgdkTX695kuoqkWCSjy678Qw28ZyDiDGEcwxzQhKtSQmT75HnxUZYbINFC6-kyjfz_xw&amp;__tn__=*NK-y-R\">#pl<\/a>@liderzy w\u015br\u00f3d fan\u00f3w<\/p>\n\n\n\n<p>Koniec cytatu.<\/p>\n\n\n\n<p>Prezydent Nadbere\u017cny, to cz\u0119sty adwersarz Pani Pose\u0142 Burkiewicz &#8211; obserwowa\u0142em ich &#8220;walk\u0119&#8221;, bo cz\u0119sto chodzi\u0142o w tym sporze o lasy &#8211; znaczy bezsensown\u0105 ich wycink\u0119. To by\u0142 r\u00f3wnie\u017c temat mojego Radia MARIA. \u0179le si\u0119 to sko\u0144czy\u0142o, las\u00f3w uby\u0142o. <\/p>\n\n\n\n<p>Na pytania, kt\u00f3re Pani Burkiewicz zada\u0142a, trzeba odpowiedzie\u0107. Radio MARIA b\u0119dzie je zadawa\u0142o &#8211; b\u0119dzie ostrzega\u0142o przed tym, co sto lat temu si\u0119 sta\u0142o. Zamach Majowy J\u00f3zefa Pi\u0142sudskiego, <a href=\"http:\/\/radiomaria.com.pl\/wp-content\/uploads\/2026\/02\/20.02.-Zlo-wrocilo1.mp3\"><img loading=\"lazy\" decoding=\"async\" width=\"150\" height=\"84\" class=\"wp-image-135347\" style=\"width: 150px;\" src=\"https:\/\/htb.com.pl\/wp-content\/uploads\/2026\/02\/Zlo-wrocilomaly.png\" alt=\"\" srcset=\"https:\/\/htb.com.pl\/wp-content\/uploads\/2026\/02\/Zlo-wrocilomaly.png 979w, https:\/\/htb.com.pl\/wp-content\/uploads\/2026\/02\/Zlo-wrocilomaly-300x169.png 300w, https:\/\/htb.com.pl\/wp-content\/uploads\/2026\/02\/Zlo-wrocilomaly-768x431.png 768w, https:\/\/htb.com.pl\/wp-content\/uploads\/2026\/02\/Zlo-wrocilomaly-600x337.png 600w\" sizes=\"auto, (max-width: 150px) 100vw, 150px\" \/> <\/a>kt\u00f3ry doprowadzi\u0142 w Polsce do systemu prezydenckiego i w rezultacie kl\u0119ski z wrze\u015bnia 1939.<\/p>\n\n\n\n<p>Pan Lucjusz Nadbere\u017cny to m\u0142ody cz\u0142owiek, pokolenie Y, Milenials. Nigdy nie uczy\u0142 si\u0119 prawdziwej historii. Dla tego pokolenia wszystko jest gr\u0105, gdzie ma si\u0119 kilka \u017cy\u0107. Dla tego pokolenia nie ma czego\u015b takiego, jak I Armia Wojska Polskiego. Ta, kt\u00f3ra cz\u0119\u015bciowo naprawi\u0142a b\u0142\u0105d pa\u0144stwa sanacyjnego, kt\u00f3rego pocz\u0105tkiem by\u0142 Zamach Majowy J\u00f3zefa Pi\u0142sudskiego. Stracili\u015bmy Kresy &#8211; ogromny obszar Pa\u0144stwa Polskiego &#8211; dzi\u015b mo\u017cemy je odzyska\u0107 &#8211; dla wolego \u015bwiata, Unii Europejskiej. Ale \u017ceby\u015bmy w tej unii zostali, trzeba \u017ceby\u015bmy nasz\u0105 histori\u0119 poznali. <a href=\"http:\/\/radiomaria.com.pl\/wp-content\/uploads\/2026\/02\/21.02.Czarzasty.mp3\"><img loading=\"lazy\" decoding=\"async\" width=\"150\" height=\"78\" class=\"wp-image-135351\" style=\"width: 150px;\" src=\"https:\/\/htb.com.pl\/wp-content\/uploads\/2026\/02\/Czarzastymaly.png\" alt=\"\" srcset=\"https:\/\/htb.com.pl\/wp-content\/uploads\/2026\/02\/Czarzastymaly.png 972w, https:\/\/htb.com.pl\/wp-content\/uploads\/2026\/02\/Czarzastymaly-300x156.png 300w, https:\/\/htb.com.pl\/wp-content\/uploads\/2026\/02\/Czarzastymaly-768x400.png 768w, https:\/\/htb.com.pl\/wp-content\/uploads\/2026\/02\/Czarzastymaly-850x450.png 850w, https:\/\/htb.com.pl\/wp-content\/uploads\/2026\/02\/Czarzastymaly-600x312.png 600w\" sizes=\"auto, (max-width: 150px) 100vw, 150px\" \/><\/a><\/p>\n\n\n\n<p>Chcia\u0142bym kochani, aby\u015bcie do tego mojego bloga DATY I FAKTY wykorzystali &#8211; pos\u0142uchali, albo poczytali, a potem to, co opisa\u0142em sprawdzali. Wiem, \u017ce wtedy, nigdy na kogo\u015b takiego jak Lucjan Nadbere\u017cny by\u015bcie nie zag\u0142osowali.<\/p>\n\n\n\n<p>Oto pr\u00f3bka: Wpis<a href=\"https:\/\/htb.com.pl\/?p=3667\">&#8221; Historia lubi si\u0119 powtarza\u0107&#8221;<\/a> &#8211; jest tam w\u0105tek strajku kolejarzy z roku 1926 podczas Zamachu Majowego. Ten strajk umo\u017cliwi\u0142 zwyci\u0119stwo wojsk J\u00f3zefa Pi\u0142sudskiego, bo kolej nie dowioz\u0142a posi\u0142k\u00f3w dla genera\u0142a Rozwadowskiego. Nomen omen du\u017cy w tym udzia\u0142 mieli kolejarze w\u0119z\u0142a rozwadowskiego. Dzi\u015b Rozwad\u00f3w jest dzielnic\u0105 Stalowej Woli.<a href=\"https:\/\/htb.com.pl\/?p=3667\"> <em>Tu klikamy i s\u0142uchamy albo czytamy. Nagranie z roku 2019.<\/em><\/a><\/p>\n\n\n\n<p><\/p>\n","protected":false},"excerpt":{"rendered":"<p>Konwencja PiS w Stalowej Woli SAFE znaczy bezpiecznie. Oto wypowied\u017a Pani Pose\u0142 El\u017cbiety Burkiewicz, kt\u00f3r\u0105 zamie\u015bci\u0142a na FB. Zwraca si\u0119 do prezydenta Stalowej Woli Lucjusza Nadbere\u017cnego w zwi\u0105zku z jego postaw\u0105 wobec zagro\u017cenia dla pa\u0144stwa polskiego. Cytat: Cytat: 20 miliard\u00f3w z\u0142otych. Tyle mo\u017ce straci\u0107 #StalowaWola, a wraz z ni\u0105 Mielec, Rzesz\u00f3w i ca\u0142e #Podkarpacie, je\u015bli [&hellip;]<\/p>\n","protected":false},"author":1,"featured_media":135336,"comment_status":"open","ping_status":"open","sticky":false,"template":"","format":"standard","meta":{"_jetpack_memberships_contains_paid_content":false,"footnotes":""},"categories":[4],"tags":[1061],"class_list":["post-135297","post","type-post","status-publish","format-standard","has-post-thumbnail","hentry","category-daty-i-fakty-blog","tag-safe"],"jetpack_sharing_enabled":true,"jetpack_featured_media_url":"https:\/\/htb.com.pl\/wp-content\/uploads\/2026\/02\/SAFEMALY-1.png","_links":{"self":[{"href":"https:\/\/htb.com.pl\/index.php?rest_route=\/wp\/v2\/posts\/135297","targetHints":{"allow":["GET"]}}],"collection":[{"href":"https:\/\/htb.com.pl\/index.php?rest_route=\/wp\/v2\/posts"}],"about":[{"href":"https:\/\/htb.com.pl\/index.php?rest_route=\/wp\/v2\/types\/post"}],"author":[{"embeddable":true,"href":"https:\/\/htb.com.pl\/index.php?rest_route=\/wp\/v2\/users\/1"}],"replies":[{"embeddable":true,"href":"https:\/\/htb.com.pl\/index.php?rest_route=%2Fwp%2Fv2%2Fcomments&post=135297"}],"version-history":[{"count":15,"href":"https:\/\/htb.com.pl\/index.php?rest_route=\/wp\/v2\/posts\/135297\/revisions"}],"predecessor-version":[{"id":135354,"href":"https:\/\/htb.com.pl\/index.php?rest_route=\/wp\/v2\/posts\/135297\/revisions\/135354"}],"wp:featuredmedia":[{"embeddable":true,"href":"https:\/\/htb.com.pl\/index.php?rest_route=\/wp\/v2\/media\/135336"}],"wp:attachment":[{"href":"https:\/\/htb.com.pl\/index.php?rest_route=%2Fwp%2Fv2%2Fmedia&parent=135297"}],"wp:term":[{"taxonomy":"category","embeddable":true,"href":"https:\/\/htb.com.pl\/index.php?rest_route=%2Fwp%2Fv2%2Fcategories&post=135297"},{"taxonomy":"post_tag","embeddable":true,"href":"https:\/\/htb.com.pl\/index.php?rest_route=%2Fwp%2Fv2%2Ftags&post=135297"}],"curies":[{"name":"wp","href":"https:\/\/api.w.org\/{rel}","templated":true}]}}