{"id":136027,"date":"2026-03-08T13:42:43","date_gmt":"2026-03-08T13:42:43","guid":{"rendered":"https:\/\/htb.com.pl\/?p=136027"},"modified":"2026-03-09T06:34:27","modified_gmt":"2026-03-09T06:34:27","slug":"nie-dla-debaty-oksfordzkiej","status":"publish","type":"post","link":"https:\/\/htb.com.pl\/?p=136027","title":{"rendered":"Nie dla debaty oksfordzkiej"},"content":{"rendered":"\n<p><\/p>\n\n\n\n<p><\/p>\n\n\n\n<figure class=\"wp-block-image size-thumbnail\"><a href=\"https:\/\/htb.com.pl\/wp-content\/uploads\/2026\/03\/Nie-dla-debaty-oksfordzkiej.mp3\"><img loading=\"lazy\" decoding=\"async\" width=\"150\" height=\"150\" src=\"https:\/\/htb.com.pl\/wp-content\/uploads\/2018\/04\/posluchaj-150x150.jpg\" alt=\"\" class=\"wp-image-2020\" srcset=\"https:\/\/htb.com.pl\/wp-content\/uploads\/2018\/04\/posluchaj-150x150.jpg 150w, https:\/\/htb.com.pl\/wp-content\/uploads\/2018\/04\/posluchaj-300x300.jpg 300w, https:\/\/htb.com.pl\/wp-content\/uploads\/2018\/04\/posluchaj-100x100.jpg 100w\" sizes=\"auto, (max-width: 150px) 100vw, 150px\" \/><\/a><\/figure>\n\n\n\n<p>Jaki\u015b czas temu napisa\u0142em, \u017ce Radio MARIA zorganizuje debat\u0119 oksfordzk\u0105 na temat zamachu majowego. Jest \u017ale \u2013 Mielec m\u00f3wi nie!<\/p>\n\n\n\n<p>&nbsp; Jest jeszcze czas, ponad dwa miesi\u0105ce, bo chcia\u0142bym to zorganizowa\u0107 w rocznic\u0119 Zamachu Majowego (12-15 maja 1926r). Tak nazywa\u0142a to Marysia (wcze\u015bniejsze wpisy). Dzi\u015b nazywa si\u0119 to Przewrotem Majowym. Przewr\u00f3t i zamach w polityce nie s\u0105 to\u017csame. Wprawdzie to i to jest wyst\u0105pieniem przeciwko Konstytucji i \u0142adowi prawnemu, ale w zamachu gin\u0105 ludzie \u2013 m\u00f3wi\u0142a Marysia. Sto lat temu zgin\u0119\u0142o po obu stronach konfliktu \u0142\u0105cznie 379 os\u00f3b (215 \u017co\u0142nierzy i 164 osoby cywilne), a oko\u0142o 1000 os\u00f3b zosta\u0142o rannych. <\/p>\n\n\n\n<figure class=\"wp-block-image size-full\"><a href=\"https:\/\/htb.com.pl\/?p=264\"><img loading=\"lazy\" decoding=\"async\" width=\"795\" height=\"503\" src=\"https:\/\/htb.com.pl\/wp-content\/uploads\/2026\/03\/Nie-dla-debaty.png\" alt=\"\" class=\"wp-image-136038\" srcset=\"https:\/\/htb.com.pl\/wp-content\/uploads\/2026\/03\/Nie-dla-debaty.png 795w, https:\/\/htb.com.pl\/wp-content\/uploads\/2026\/03\/Nie-dla-debaty-300x190.png 300w, https:\/\/htb.com.pl\/wp-content\/uploads\/2026\/03\/Nie-dla-debaty-768x486.png 768w, https:\/\/htb.com.pl\/wp-content\/uploads\/2026\/03\/Nie-dla-debaty-600x380.png 600w\" sizes=\"auto, (max-width: 795px) 100vw, 795px\" \/><\/a><figcaption class=\"wp-element-caption\">Zdj\u0119cie jest aktywne, przenosi do wpisu, w kt\u00f3rym to zdarzenie jest wspomniane.<\/figcaption><\/figure>\n\n\n\n<p>W 1986 roku \u017cyli jeszcze uczestnicy tamtych wydarze\u0144 i ci rozumieli t\u0105 r\u00f3\u017cnic\u0119. Dzi\u015b poumierali ci, co pami\u0119tali. Politycy histori\u0119 zak\u0142amali i Polacy takiego prezydenta wybrali, kt\u00f3ry Konstytucj\u0119 z 1935 roku chwali. Ta Konstytucja by\u0142a pok\u0142osiem Zamachu Majowego i gwo\u017adziem do trumny Pa\u0144stwa Polskiego \u2013 kl\u0119ski wrze\u015bniowej z roku 1939. To, \u017ce z map Polska ca\u0142kowicie nie znikn\u0119\u0142a, zawdzi\u0119czamy w du\u017cej mierze Ko\u015bciuszkowcom spod Lenino (12-13 pa\u017adziernika 1943r.) Polacy&nbsp; Niemcom si\u0119 tam nie poddali i tym Stalina przekonali, \u017ce wprawdzie komunizm pasuje do nas jak siod\u0142o do krowy (s\u0142owa Stalina), ale maj\u0105c takiego sojusznika, do marszu na Berlin jest prawie gotowy. Miesi\u0105c p\u00f3\u017aniej w Teheranie, gdy&nbsp; Stalin z Winstonem Churrchilem &nbsp;( Wielka Brytania) i Franklinem D Roosweltem&nbsp; (USA) stworzenie II frontu negocjowa\u0142, Stalin sam, z w\u0142asnej inicjatywy nasze granice wst\u0119pnie narysowa\u0142. W Teheranie nikt Polski nie reprezentowa\u0142. Genera\u0142a W\u0142adys\u0142awa Sikorskiego, premiera i wodza naczelnego \u201ekto\u015b\u201d&nbsp; w Gibraltarze zamordowa\u0142 (4 na 5 lipca 1943r.) Sanacja, kt\u00f3ra praktycznie ju\u017c wtedy nie istnia\u0142a na chwil\u0119 si\u0119 odbudowa\u0142a i katastrof\u0105 to nazwa\u0142a. Marysia za\u015b zamachem. S\u0142owo \u201dzamach\u201d podobnie jak przy tym majowym wymawia\u0142a. Ona prawd\u0119 zna\u0142a\u2026<\/p>\n\n\n\n<p>&nbsp; Pod koniec lat 80-tych ubieg\u0142ego wieku, dawna Sanacja jako Solidarno\u015b\u0107 wr\u00f3ci\u0142a. Z pomoc\u0105 Amerykan\u00f3w Jaruzelskiego wyko\u0144czy\u0142a, ale wtedy Ameryka, jak dzi\u015b &nbsp;nomen omen w Iranie armii nie u\u017cy\u0142a. I tu kolejny raz musz\u0119 wspomnie\u0107 Marysi\u0119. Bo to Ona Rad\u0119 Konsultacyjn\u0105 wymy\u015bli\u0142a i genera\u0142a Wojciecha Jaruzelskiego przewodnicz\u0105cym tej rady zrobi\u0142a. Ta rada do obrad okr\u0105g\u0142ego sto\u0142u doprowadzi\u0142a.&nbsp; Marysia ju\u017c nie \u017cy\u0142a.<\/p>\n\n\n\n<p>&nbsp; Szkoda \u2013 bo gdyby \u017cy\u0142a, nigdy do czego\u015b takiego, co mamy dzi\u015b by nie dopu\u015bci\u0142a. Ona m\u00f3wi\u0142a: <em>\u201eJe\u017celi kto\u015b polityk\u0119 J\u00f3zefa Pi\u0142sudskiego uwa\u017ca za&nbsp; co\u015b pozytywnego, w polityce nie nadaje si\u0119 do niczego\u201d<\/em>.<\/p>\n\n\n\n<p>&nbsp; Na Bazarze przy Hali Targowej w Mielcu mam KUCHNI\u0118 RADIOW\u0104.&nbsp; To takie specyficzne studio Radia MARIA. Codziennie nadaj\u0119 st\u0105d na \u017cywo audycj\u0119 \u201eHejt Brake\u201d. Staram si\u0119 wyhamowa\u0107 nieco mow\u0119 nienawi\u015bci. To nie jest proste. Bia\u0142o, niebiesko, czerwona propaganda Putina, dla kt\u00f3rej sk\u0142\u00f3cona Polska jest dobra, bo nie jest jak Ukraina, troch\u0119 mi si\u0119 wcina. Ta propaganda ludzi przekona\u0142a, \u017ce co\u015b takiego jak Radio MARIA na szkod\u0119 Polski dzia\u0142a.<\/p>\n\n\n\n<p>Prosz\u0119 pos\u0142ucha\u0107, co moja \u201eKUCHNIA RADIOWA\u201d w ostatnim tygodniu przygotowa\u0142a, (zdj\u0119cia s\u0105 aktywne) i sobie odpowiedzie\u0107: Kt\u00f3ra dru\u017cyna w debacie oksfordzkiej by wygra\u0142a. Ta, kt\u00f3ra zamach majowy by pot\u0119pia\u0142a, czy ta, kt\u00f3ra by to pochwala\u0142a.<\/p>\n\n\n\n<p>Ta debata w moim zamy\u015ble propagand\u0119 Putina ukr\u00f3ci\u0107 mia\u0142a. Bardzo bym chcia\u0142, \u017ceby si\u0119 uda\u0142a.<\/p>\n\n\n\n<ul class=\"wp-block-list\">\n<li>Wzrost cen paliw <a href=\"http:\/\/radiomaria.com.pl\/wp-content\/uploads\/2026\/03\/02.03.Ormuz_.mp3\"><img loading=\"lazy\" decoding=\"async\" width=\"150\" height=\"138\" class=\"wp-image-136039\" style=\"width: 150px;\" src=\"https:\/\/htb.com.pl\/wp-content\/uploads\/2026\/03\/Ormuz.png\" alt=\"\" srcset=\"https:\/\/htb.com.pl\/wp-content\/uploads\/2026\/03\/Ormuz.png 555w, https:\/\/htb.com.pl\/wp-content\/uploads\/2026\/03\/Ormuz-300x276.png 300w\" sizes=\"auto, (max-width: 150px) 100vw, 150px\" \/><\/a><\/li>\n\n\n\n<li>Tusk i&nbsp;Macron potwierdzaj\u0105: Polska w&nbsp;grze o&nbsp;program nuklearnego odstraszania <a href=\"http:\/\/radiomaria.com.pl\/wp-content\/uploads\/2026\/03\/03.03.Odstraszanie.mp3\"><img loading=\"lazy\" decoding=\"async\" width=\"150\" height=\"85\" class=\"wp-image-136042\" style=\"width: 150px;\" src=\"https:\/\/htb.com.pl\/wp-content\/uploads\/2026\/03\/Odstraszewniemaly.png\" alt=\"\" srcset=\"https:\/\/htb.com.pl\/wp-content\/uploads\/2026\/03\/Odstraszewniemaly.png 988w, https:\/\/htb.com.pl\/wp-content\/uploads\/2026\/03\/Odstraszewniemaly-300x169.png 300w, https:\/\/htb.com.pl\/wp-content\/uploads\/2026\/03\/Odstraszewniemaly-768x434.png 768w, https:\/\/htb.com.pl\/wp-content\/uploads\/2026\/03\/Odstraszewniemaly-600x339.png 600w\" sizes=\"auto, (max-width: 150px) 100vw, 150px\" \/><\/a><\/li>\n<\/ul>\n\n\n\n<ul class=\"wp-block-list\">\n<li>Prezydent PolExident <a href=\"http:\/\/radiomaria.com.pl\/wp-content\/uploads\/2026\/03\/04.03.-PolExdent.mp3\"><img loading=\"lazy\" decoding=\"async\" width=\"150\" height=\"84\" class=\"wp-image-136045\" style=\"width: 150px;\" src=\"https:\/\/htb.com.pl\/wp-content\/uploads\/2026\/03\/PolExidentmaly.png\" alt=\"\" srcset=\"https:\/\/htb.com.pl\/wp-content\/uploads\/2026\/03\/PolExidentmaly.png 949w, https:\/\/htb.com.pl\/wp-content\/uploads\/2026\/03\/PolExidentmaly-300x168.png 300w, https:\/\/htb.com.pl\/wp-content\/uploads\/2026\/03\/PolExidentmaly-768x431.png 768w, https:\/\/htb.com.pl\/wp-content\/uploads\/2026\/03\/PolExidentmaly-600x337.png 600w\" sizes=\"auto, (max-width: 150px) 100vw, 150px\" \/><\/a><\/li>\n<\/ul>\n\n\n\n<ul class=\"wp-block-list\">\n<li>Prezydent z Glapi\u0144skim chc\u0105 pieni\u0119dzy dodrukowa\u0107 i ogromn\u0105 inflacj\u0119 spowodowa\u0107 <a href=\"http:\/\/radiomaria.com.pl\/wp-content\/uploads\/2026\/03\/05.03.-To-nie-zabawa.mp3\"><img loading=\"lazy\" decoding=\"async\" width=\"150\" height=\"86\" class=\"wp-image-136048\" style=\"width: 150px;\" src=\"https:\/\/htb.com.pl\/wp-content\/uploads\/2026\/03\/Zabawamaly.png\" alt=\"\" srcset=\"https:\/\/htb.com.pl\/wp-content\/uploads\/2026\/03\/Zabawamaly.png 990w, https:\/\/htb.com.pl\/wp-content\/uploads\/2026\/03\/Zabawamaly-300x171.png 300w, https:\/\/htb.com.pl\/wp-content\/uploads\/2026\/03\/Zabawamaly-768x438.png 768w, https:\/\/htb.com.pl\/wp-content\/uploads\/2026\/03\/Zabawamaly-600x342.png 600w\" sizes=\"auto, (max-width: 150px) 100vw, 150px\" \/><\/a><\/li>\n<\/ul>\n\n\n\n<ul class=\"wp-block-list\">\n<li>Przemys\u0142aw Czarnek kandydatem PiS na premiera <a href=\"http:\/\/radiomaria.com.pl\/wp-content\/uploads\/2026\/03\/07.03.Jaroslaw-pzremyslal.mp3\"><img loading=\"lazy\" decoding=\"async\" width=\"150\" height=\"83\" class=\"wp-image-136051\" style=\"width: 150px;\" src=\"https:\/\/htb.com.pl\/wp-content\/uploads\/2026\/03\/Jaroslaw-przemyslalmaly.png\" alt=\"\" srcset=\"https:\/\/htb.com.pl\/wp-content\/uploads\/2026\/03\/Jaroslaw-przemyslalmaly.png 964w, https:\/\/htb.com.pl\/wp-content\/uploads\/2026\/03\/Jaroslaw-przemyslalmaly-300x165.png 300w, https:\/\/htb.com.pl\/wp-content\/uploads\/2026\/03\/Jaroslaw-przemyslalmaly-768x423.png 768w, https:\/\/htb.com.pl\/wp-content\/uploads\/2026\/03\/Jaroslaw-przemyslalmaly-600x330.png 600w\" sizes=\"auto, (max-width: 150px) 100vw, 150px\" \/><\/a><\/li>\n<\/ul>\n\n\n\n<h2 class=\"wp-block-heading\">&nbsp;<\/h2>\n\n\n\n<h2 class=\"wp-block-heading\">&nbsp;<\/h2>\n","protected":false},"excerpt":{"rendered":"<p>Jaki\u015b czas temu napisa\u0142em, \u017ce Radio MARIA zorganizuje debat\u0119 oksfordzk\u0105 na temat zamachu majowego. Jest \u017ale \u2013 Mielec m\u00f3wi nie! &nbsp; Jest jeszcze czas, ponad dwa miesi\u0105ce, bo chcia\u0142bym to zorganizowa\u0107 w rocznic\u0119 Zamachu Majowego (12-15 maja 1926r). Tak nazywa\u0142a to Marysia (wcze\u015bniejsze wpisy). Dzi\u015b nazywa si\u0119 to Przewrotem Majowym. Przewr\u00f3t i zamach w polityce [&hellip;]<\/p>\n","protected":false},"author":1,"featured_media":136038,"comment_status":"open","ping_status":"open","sticky":false,"template":"","format":"standard","meta":{"_jetpack_memberships_contains_paid_content":false,"footnotes":""},"categories":[4],"tags":[1063],"class_list":["post-136027","post","type-post","status-publish","format-standard","has-post-thumbnail","hentry","category-daty-i-fakty-blog","tag-nie-dla-debaty-oksfordzkiej"],"jetpack_sharing_enabled":true,"jetpack_featured_media_url":"https:\/\/htb.com.pl\/wp-content\/uploads\/2026\/03\/Nie-dla-debaty.png","_links":{"self":[{"href":"https:\/\/htb.com.pl\/index.php?rest_route=\/wp\/v2\/posts\/136027","targetHints":{"allow":["GET"]}}],"collection":[{"href":"https:\/\/htb.com.pl\/index.php?rest_route=\/wp\/v2\/posts"}],"about":[{"href":"https:\/\/htb.com.pl\/index.php?rest_route=\/wp\/v2\/types\/post"}],"author":[{"embeddable":true,"href":"https:\/\/htb.com.pl\/index.php?rest_route=\/wp\/v2\/users\/1"}],"replies":[{"embeddable":true,"href":"https:\/\/htb.com.pl\/index.php?rest_route=%2Fwp%2Fv2%2Fcomments&post=136027"}],"version-history":[{"count":15,"href":"https:\/\/htb.com.pl\/index.php?rest_route=\/wp\/v2\/posts\/136027\/revisions"}],"predecessor-version":[{"id":136094,"href":"https:\/\/htb.com.pl\/index.php?rest_route=\/wp\/v2\/posts\/136027\/revisions\/136094"}],"wp:featuredmedia":[{"embeddable":true,"href":"https:\/\/htb.com.pl\/index.php?rest_route=\/wp\/v2\/media\/136038"}],"wp:attachment":[{"href":"https:\/\/htb.com.pl\/index.php?rest_route=%2Fwp%2Fv2%2Fmedia&parent=136027"}],"wp:term":[{"taxonomy":"category","embeddable":true,"href":"https:\/\/htb.com.pl\/index.php?rest_route=%2Fwp%2Fv2%2Fcategories&post=136027"},{"taxonomy":"post_tag","embeddable":true,"href":"https:\/\/htb.com.pl\/index.php?rest_route=%2Fwp%2Fv2%2Ftags&post=136027"}],"curies":[{"name":"wp","href":"https:\/\/api.w.org\/{rel}","templated":true}]}}