{"id":137063,"date":"2026-03-29T13:15:57","date_gmt":"2026-03-29T13:15:57","guid":{"rendered":"https:\/\/htb.com.pl\/?p=137063"},"modified":"2026-03-29T13:48:27","modified_gmt":"2026-03-29T13:48:27","slug":"quasi-dyktator","status":"publish","type":"post","link":"https:\/\/htb.com.pl\/?p=137063","title":{"rendered":"Quasi-dyktator"},"content":{"rendered":"\n<figure class=\"wp-block-image size-thumbnail\"><a href=\"https:\/\/htb.com.pl\/wp-content\/uploads\/2026\/03\/Quasi-dyktator.mp3\"><img loading=\"lazy\" decoding=\"async\" width=\"150\" height=\"150\" src=\"https:\/\/htb.com.pl\/wp-content\/uploads\/2018\/04\/posluchaj-150x150.jpg\" alt=\"\" class=\"wp-image-2020\" srcset=\"https:\/\/htb.com.pl\/wp-content\/uploads\/2018\/04\/posluchaj-150x150.jpg 150w, https:\/\/htb.com.pl\/wp-content\/uploads\/2018\/04\/posluchaj-300x300.jpg 300w, https:\/\/htb.com.pl\/wp-content\/uploads\/2018\/04\/posluchaj-100x100.jpg 100w\" sizes=\"auto, (max-width: 150px) 100vw, 150px\" \/><\/a><\/figure>\n\n\n\n<p><\/p>\n\n\n\n<p>Prezydent Karol Nawrocki jest zapatrzony w J\u00f3zefa Pi\u0142sudskiego. Te\u017c quasi dyktatora, kt\u00f3ry po Zamachu Majowym sta\u0142 si\u0119 dyktatorem jednowyrazowym. Donald Tusk i Jaros\u0142aw Kaczy\u0144ski te\u017c od Sanacji Pi\u0142sudskiego si\u0119 nie odcinaj\u0105. Dlatego wg. Radia MARIA &nbsp;prawa do rz\u0105dzenia nie maj\u0105. Konstytucja z roku 1935, gdzie prezydent odpowiada\u0142 tylko przed Bogiem i histori\u0105, doprowadzi\u0142a do kl\u0119ski Pa\u0144stwa Polskiego we wrze\u015bniu 1939. Dlatego dzi\u015b, w naszej Konstytucji rola prezydenta jest ograniczona do ceremonia\u0142u, kt\u00f3ry m.in. polega na podpisywaniu (dekorowaniu). Dokument rz\u0105dowy \u2013 nie ustawa ma by\u0107 przez prezydenta podpisany, czyli udekorowany. Prezydent nie decyduje, czy taki dokument obowi\u0105zuje.<\/p>\n\n\n\n<p>&nbsp; Nasz prezydent udaje, \u017ce tego nie pojmuje \u2013 a mo\u017ce rzeczywi\u015bcie nie pojmuje?<\/p>\n\n\n\n<p>Ostatni tydzie\u0144 Karola Nawrockiego oceniam na dw\u00f3j\u0119. Weto do ustawy o aresztach wydobywczych, nawet we w\u0142asnym \u015brodowisku \u201eps<a href=\"http:\/\/radiomaria.com.pl\/wp-content\/uploads\/2026\/03\/25.03.-Pochwaly-nie-bedzie.mp3\">e<\/a>udokibic\u00f3w\u201d go kompromituje. <a href=\"http:\/\/radiomaria.com.pl\/wp-content\/uploads\/2026\/03\/23.03.Protesty.mp3\"><img loading=\"lazy\" decoding=\"async\" width=\"150\" height=\"84\" class=\"wp-image-137066\" style=\"width: 150px;\" src=\"https:\/\/htb.com.pl\/wp-content\/uploads\/2026\/03\/ProtestyMaly.png\" alt=\"\" srcset=\"https:\/\/htb.com.pl\/wp-content\/uploads\/2026\/03\/ProtestyMaly.png 978w, https:\/\/htb.com.pl\/wp-content\/uploads\/2026\/03\/ProtestyMaly-300x167.png 300w, https:\/\/htb.com.pl\/wp-content\/uploads\/2026\/03\/ProtestyMaly-768x428.png 768w, https:\/\/htb.com.pl\/wp-content\/uploads\/2026\/03\/ProtestyMaly-600x334.png 600w\" sizes=\"auto, (max-width: 150px) 100vw, 150px\" \/> <\/a>Swym atakiem na redaktora TVN Mateusza P\u00f3\u0142ch\u0142opka, <a href=\"http:\/\/radiomaria.com.pl\/wp-content\/uploads\/2026\/03\/24.03.Spotkanie-z-Orbanem.mp3\"><img loading=\"lazy\" decoding=\"async\" width=\"150\" height=\"84\" class=\"wp-image-137068\" style=\"width: 150px;\" src=\"https:\/\/htb.com.pl\/wp-content\/uploads\/2026\/03\/Spotkanie-Ormaly.png\" alt=\"\" srcset=\"https:\/\/htb.com.pl\/wp-content\/uploads\/2026\/03\/Spotkanie-Ormaly.png 964w, https:\/\/htb.com.pl\/wp-content\/uploads\/2026\/03\/Spotkanie-Ormaly-300x169.png 300w, https:\/\/htb.com.pl\/wp-content\/uploads\/2026\/03\/Spotkanie-Ormaly-768x433.png 768w, https:\/\/htb.com.pl\/wp-content\/uploads\/2026\/03\/Spotkanie-Ormaly-600x338.png 600w\" sizes=\"auto, (max-width: 150px) 100vw, 150px\" \/> <\/a>prezydent pokazuje, \u017ce w\u0142a\u015bnie z tym elektoratem si\u0119 identyfikuje. Poparcie Wiktora Orbana, te\u017c na co\u015b pozytywnego nie zas\u0142uguje. <a href=\"http:\/\/radiomaria.com.pl\/wp-content\/uploads\/2026\/03\/25.03.-Pochwaly-nie-bedzie.mp3\"><img loading=\"lazy\" decoding=\"async\" width=\"150\" height=\"84\" class=\"wp-image-137071\" style=\"width: 150px;\" src=\"https:\/\/htb.com.pl\/wp-content\/uploads\/2026\/03\/Pochwalamaly.png\" alt=\"\" srcset=\"https:\/\/htb.com.pl\/wp-content\/uploads\/2026\/03\/Pochwalamaly.png 965w, https:\/\/htb.com.pl\/wp-content\/uploads\/2026\/03\/Pochwalamaly-300x168.png 300w, https:\/\/htb.com.pl\/wp-content\/uploads\/2026\/03\/Pochwalamaly-768x431.png 768w, https:\/\/htb.com.pl\/wp-content\/uploads\/2026\/03\/Pochwalamaly-600x337.png 600w\" sizes=\"auto, (max-width: 150px) 100vw, 150px\" \/> <\/a>Podpisanie rz\u0105dowej ustawy o obni\u017cce cen paliw sprawia, \u017ce w mojej ocenie prezydent na tr\u00f3j\u0119 zas\u0142uguje, <a href=\"http:\/\/radiomaria.com.pl\/wp-content\/uploads\/2026\/03\/26.03.CPN1a.mp3\"><img loading=\"lazy\" decoding=\"async\" width=\"150\" height=\"89\" class=\"wp-image-137074\" style=\"width: 150px;\" src=\"https:\/\/htb.com.pl\/wp-content\/uploads\/2026\/03\/CPNmaly.png\" alt=\"\" srcset=\"https:\/\/htb.com.pl\/wp-content\/uploads\/2026\/03\/CPNmaly.png 966w, https:\/\/htb.com.pl\/wp-content\/uploads\/2026\/03\/CPNmaly-300x179.png 300w, https:\/\/htb.com.pl\/wp-content\/uploads\/2026\/03\/CPNmaly-768x458.png 768w, https:\/\/htb.com.pl\/wp-content\/uploads\/2026\/03\/CPNmaly-600x358.png 600w\" sizes=\"auto, (max-width: 150px) 100vw, 150px\" \/> <\/a>ale jego udzia\u0142 w konwencji CPAC w USA powoduje, <a href=\"http:\/\/radiomaria.com.pl\/wp-content\/uploads\/2026\/03\/29.02.CPAC_1.mp3\"><img loading=\"lazy\" decoding=\"async\" width=\"150\" height=\"86\" class=\"wp-image-137080\" style=\"width: 150px;\" src=\"https:\/\/htb.com.pl\/wp-content\/uploads\/2026\/03\/CPACmaly.png\" alt=\"\" srcset=\"https:\/\/htb.com.pl\/wp-content\/uploads\/2026\/03\/CPACmaly.png 963w, https:\/\/htb.com.pl\/wp-content\/uploads\/2026\/03\/CPACmaly-300x171.png 300w, https:\/\/htb.com.pl\/wp-content\/uploads\/2026\/03\/CPACmaly-768x438.png 768w, https:\/\/htb.com.pl\/wp-content\/uploads\/2026\/03\/CPACmaly-600x342.png 600w\" sizes=\"auto, (max-width: 150px) 100vw, 150px\" \/> <\/a>\u017ce ocen\u0119 jednak obni\u017cam &#8211; na dw\u00f3j\u0119.<\/p>\n\n\n\n<figure class=\"wp-block-image size-full\"><a href=\"http:\/\/radiomaria.com.pl\/wp-content\/uploads\/2026\/03\/29.03-quasi-dyktator.mp3\"><img loading=\"lazy\" decoding=\"async\" width=\"900\" height=\"526\" src=\"https:\/\/htb.com.pl\/wp-content\/uploads\/2026\/03\/HEPmqpGXIAAk746.jpg\" alt=\"\" class=\"wp-image-137076\" srcset=\"https:\/\/htb.com.pl\/wp-content\/uploads\/2026\/03\/HEPmqpGXIAAk746.jpg 900w, https:\/\/htb.com.pl\/wp-content\/uploads\/2026\/03\/HEPmqpGXIAAk746-300x175.jpg 300w, https:\/\/htb.com.pl\/wp-content\/uploads\/2026\/03\/HEPmqpGXIAAk746-768x449.jpg 768w, https:\/\/htb.com.pl\/wp-content\/uploads\/2026\/03\/HEPmqpGXIAAk746-600x351.jpg 600w\" sizes=\"auto, (max-width: 900px) 100vw, 900px\" \/><\/a><\/figure>\n\n\n\n<p>&nbsp; Natomiast je\u017celi chodzi o rz\u0105d, ten pozytywnie mnie zaskakuje. Wymieni\u0119 co\u015b, co akurat mnie dotyczy. Podano, \u017ce po przej\u015bciu na emerytur\u0119, znowu mamy szans\u0119 po\u017cy\u0107 d\u0142u\u017cej. Po tym jak w 2015 roku PiS do w\u0142adzy si\u0119 dopu\u015bci\u0142o, prawie wszystko, r\u00f3wnie\u017c to w z\u0142\u0105 stron\u0119 skr\u0119ci\u0142o. Gdy w 2023 roku na nieco lepszych zwolennik\u00f3w dawnej Sanacji si\u0119 postawi\u0142o, prawie wszystko, r\u00f3wnie\u017c d\u0142ugo\u015b\u0107 \u017cycia na emeryturze si\u0119 poprawi\u0142o.<\/p>\n\n\n\n<p>&nbsp; Chcia\u0142bym zobaczy\u0107, jakby to by\u0142o, gdyby Polacy Marysi (wcze\u015bniejsze wpisy) pos\u0142uchali i na swoich przedstawicieli do parlamentu, polityk\u00f3w, kt\u00f3rzy na Pi\u0142sudskim nie b\u0119d\u0105 si\u0119 wzorowali wybrali.<\/p>\n","protected":false},"excerpt":{"rendered":"<p>Prezydent Karol Nawrocki jest zapatrzony w J\u00f3zefa Pi\u0142sudskiego. Te\u017c quasi dyktatora, kt\u00f3ry po Zamachu Majowym sta\u0142 si\u0119 dyktatorem jednowyrazowym. Donald Tusk i Jaros\u0142aw Kaczy\u0144ski te\u017c od Sanacji Pi\u0142sudskiego si\u0119 nie odcinaj\u0105. Dlatego wg. Radia MARIA &nbsp;prawa do rz\u0105dzenia nie maj\u0105. Konstytucja z roku 1935, gdzie prezydent odpowiada\u0142 tylko przed Bogiem i histori\u0105, doprowadzi\u0142a do kl\u0119ski [&hellip;]<\/p>\n","protected":false},"author":1,"featured_media":137065,"comment_status":"open","ping_status":"open","sticky":false,"template":"","format":"standard","meta":{"_jetpack_memberships_contains_paid_content":false,"footnotes":""},"categories":[4],"tags":[],"class_list":["post-137063","post","type-post","status-publish","format-standard","has-post-thumbnail","hentry","category-daty-i-fakty-blog"],"jetpack_sharing_enabled":true,"jetpack_featured_media_url":"https:\/\/htb.com.pl\/wp-content\/uploads\/2026\/03\/Nawrocki-Pilsudskimaly.png","_links":{"self":[{"href":"https:\/\/htb.com.pl\/index.php?rest_route=\/wp\/v2\/posts\/137063","targetHints":{"allow":["GET"]}}],"collection":[{"href":"https:\/\/htb.com.pl\/index.php?rest_route=\/wp\/v2\/posts"}],"about":[{"href":"https:\/\/htb.com.pl\/index.php?rest_route=\/wp\/v2\/types\/post"}],"author":[{"embeddable":true,"href":"https:\/\/htb.com.pl\/index.php?rest_route=\/wp\/v2\/users\/1"}],"replies":[{"embeddable":true,"href":"https:\/\/htb.com.pl\/index.php?rest_route=%2Fwp%2Fv2%2Fcomments&post=137063"}],"version-history":[{"count":10,"href":"https:\/\/htb.com.pl\/index.php?rest_route=\/wp\/v2\/posts\/137063\/revisions"}],"predecessor-version":[{"id":137085,"href":"https:\/\/htb.com.pl\/index.php?rest_route=\/wp\/v2\/posts\/137063\/revisions\/137085"}],"wp:featuredmedia":[{"embeddable":true,"href":"https:\/\/htb.com.pl\/index.php?rest_route=\/wp\/v2\/media\/137065"}],"wp:attachment":[{"href":"https:\/\/htb.com.pl\/index.php?rest_route=%2Fwp%2Fv2%2Fmedia&parent=137063"}],"wp:term":[{"taxonomy":"category","embeddable":true,"href":"https:\/\/htb.com.pl\/index.php?rest_route=%2Fwp%2Fv2%2Fcategories&post=137063"},{"taxonomy":"post_tag","embeddable":true,"href":"https:\/\/htb.com.pl\/index.php?rest_route=%2Fwp%2Fv2%2Ftags&post=137063"}],"curies":[{"name":"wp","href":"https:\/\/api.w.org\/{rel}","templated":true}]}}