{"id":137761,"date":"2026-04-12T09:33:19","date_gmt":"2026-04-12T09:33:19","guid":{"rendered":"https:\/\/htb.com.pl\/?p=137761"},"modified":"2026-04-12T10:24:33","modified_gmt":"2026-04-12T10:24:33","slug":"straszenie-wojna","status":"publish","type":"post","link":"https:\/\/htb.com.pl\/?p=137761","title":{"rendered":"Straszenie wojn\u0105"},"content":{"rendered":"\n<p><\/p>\n\n\n\n<p><\/p>\n\n\n\n<figure class=\"wp-block-image size-thumbnail\"><a href=\"https:\/\/htb.com.pl\/wp-content\/uploads\/2026\/04\/Straszenie-wojna.mp3\"><img loading=\"lazy\" decoding=\"async\" width=\"150\" height=\"150\" src=\"https:\/\/htb.com.pl\/wp-content\/uploads\/2018\/04\/posluchaj-150x150.jpg\" alt=\"\" class=\"wp-image-2020\" srcset=\"https:\/\/htb.com.pl\/wp-content\/uploads\/2018\/04\/posluchaj-150x150.jpg 150w, https:\/\/htb.com.pl\/wp-content\/uploads\/2018\/04\/posluchaj-300x300.jpg 300w, https:\/\/htb.com.pl\/wp-content\/uploads\/2018\/04\/posluchaj-100x100.jpg 100w\" sizes=\"auto, (max-width: 150px) 100vw, 150px\" \/><\/a><\/figure>\n\n\n\n<p><\/p>\n\n\n\n<p>Gdy pisz\u0119 te s\u0142owa, W\u0119grzy g\u0142osuj\u0105. Kampania wyborcza w kt\u00f3rej Wiktor Orban musi wygra\u0107, odbywa\u0142a si\u0119 pod has\u0142em \u201eFidesz Orbana albo wojna\u201d. Rosyjski wywiad GRU i ameryka\u0144ski CIA dzia\u0142aj\u0105 teraz razem. W Polsce zorganizowali \u201e Marsz za pokojem\u201d. To w Gda\u0144sku si\u0119 odby\u0142o, ale ludzi nie by\u0142o.<\/p>\n\n\n\n<p>&nbsp; Ch\u0142opaki z razwietputa \u2013 tak Marysia (wcze\u015bniejsze wpisy) &nbsp;wywiad GRU nazywa\u0142a &#8211; jak ich prowokowa\u0142a. Wtedy, a by\u0142 to 1986 rok Marysia si\u0119 stara\u0142a, aby zmiana imienia Matki Boga na Maryja Ruskim si\u0119 nie uda\u0142a. Marysia przegra\u0142a. Ruscy na Lecha Wa\u0142\u0119s\u0119 postawili i wprawdzie Polsk\u0119 opu\u015bcili, ale cz\u0119stotliwo\u015bci radiowe sobie zostawili. I Mari\u0119, Maryj\u0105 zrobili. Teraz Ruscy na Grzegorza Brauna postawili \u2013 chodzi o to, \u017ceby\u015bmy nazw\u0119 kraju z Rzeczpospolita Polska na <em>(Respublika Polsza) <\/em>zmienili. Polacy jeszcze si\u0119 nie obudzili. <a href=\"http:\/\/radiomaria.com.pl\/wp-content\/uploads\/2026\/04\/12.04.Braun_.mp3\"><img loading=\"lazy\" decoding=\"async\" width=\"150\" height=\"80\" class=\"wp-image-137771\" style=\"width: 150px;\" src=\"https:\/\/htb.com.pl\/wp-content\/uploads\/2026\/04\/BraubGmaly.png\" alt=\"\" srcset=\"https:\/\/htb.com.pl\/wp-content\/uploads\/2026\/04\/BraubGmaly.png 933w, https:\/\/htb.com.pl\/wp-content\/uploads\/2026\/04\/BraubGmaly-300x160.png 300w, https:\/\/htb.com.pl\/wp-content\/uploads\/2026\/04\/BraubGmaly-768x410.png 768w, https:\/\/htb.com.pl\/wp-content\/uploads\/2026\/04\/BraubGmaly-850x450.png 850w, https:\/\/htb.com.pl\/wp-content\/uploads\/2026\/04\/BraubGmaly-600x320.png 600w\" sizes=\"auto, (max-width: 150px) 100vw, 150px\" \/><\/a><\/p>\n\n\n\n<p>&nbsp; Aby Ruscy tego nie zrobili, trzeba, aby\u015bmy kazus Jaruzelskiego z roku 1991&nbsp; zmienili i do wyboru prezydenta przez Zgromadzenia Narodowe powr\u00f3cili.<\/p>\n\n\n\n<p>Niejako w tle odby\u0142 si\u0119 lot rakiety Artemis II na orbit\u0119 ksi\u0119\u017cycow\u0105 \u2013 ale to prawie nikogo nie obchodzi. <a href=\"http:\/\/radiomaria.com.pl\/wp-content\/uploads\/2026\/04\/11.04.-Normalnosc.mp3\"><img loading=\"lazy\" decoding=\"async\" width=\"150\" height=\"87\" class=\"wp-image-137769\" style=\"width: 150px;\" src=\"https:\/\/htb.com.pl\/wp-content\/uploads\/2026\/04\/Normalnosc.png\" alt=\"\" srcset=\"https:\/\/htb.com.pl\/wp-content\/uploads\/2026\/04\/Normalnosc.png 962w, https:\/\/htb.com.pl\/wp-content\/uploads\/2026\/04\/Normalnosc-300x174.png 300w, https:\/\/htb.com.pl\/wp-content\/uploads\/2026\/04\/Normalnosc-768x445.png 768w, https:\/\/htb.com.pl\/wp-content\/uploads\/2026\/04\/Normalnosc-600x347.png 600w\" sizes=\"auto, (max-width: 150px) 100vw, 150px\" \/><\/a><\/p>\n\n\n\n<p>&nbsp; Na p\u00f3\u0142tora dnia usta\u0142y walki w Ukrainie \u2013 prawos\u0142awna Wielkanoc i na dwa tygodnie przerwano walki na P\u00f3\u0142wyspie Arabskim. <a href=\"http:\/\/radiomaria.com.pl\/wp-content\/uploads\/2025\/08\/06.04.Ukraina-walczy-po-stronie-dobra.mp3\"><img loading=\"lazy\" decoding=\"async\" width=\"150\" height=\"95\" class=\"wp-image-137765\" style=\"width: 150px;\" src=\"https:\/\/htb.com.pl\/wp-content\/uploads\/2026\/04\/Ukraina-Arabmaly.png\" alt=\"\" srcset=\"https:\/\/htb.com.pl\/wp-content\/uploads\/2026\/04\/Ukraina-Arabmaly.png 971w, https:\/\/htb.com.pl\/wp-content\/uploads\/2026\/04\/Ukraina-Arabmaly-300x189.png 300w, https:\/\/htb.com.pl\/wp-content\/uploads\/2026\/04\/Ukraina-Arabmaly-768x485.png 768w, https:\/\/htb.com.pl\/wp-content\/uploads\/2026\/04\/Ukraina-Arabmaly-600x379.png 600w\" sizes=\"auto, (max-width: 150px) 100vw, 150px\" \/> <\/a>Amerykanom sko\u0144czy\u0142y si\u0119 rakiety, albo Trump wzi\u0105\u0142 inne tabletki. <a href=\"http:\/\/radiomaria.com.pl\/wp-content\/uploads\/2026\/04\/08.04.System-prezydencki-to-problem.mp3\"><img loading=\"lazy\" decoding=\"async\" width=\"150\" height=\"78\" class=\"wp-image-137767\" style=\"width: 150px;\" src=\"https:\/\/htb.com.pl\/wp-content\/uploads\/2026\/04\/Zawieszeniemaly.png\" alt=\"\" srcset=\"https:\/\/htb.com.pl\/wp-content\/uploads\/2026\/04\/Zawieszeniemaly.png 967w, https:\/\/htb.com.pl\/wp-content\/uploads\/2026\/04\/Zawieszeniemaly-300x156.png 300w, https:\/\/htb.com.pl\/wp-content\/uploads\/2026\/04\/Zawieszeniemaly-768x399.png 768w, https:\/\/htb.com.pl\/wp-content\/uploads\/2026\/04\/Zawieszeniemaly-850x450.png 850w, https:\/\/htb.com.pl\/wp-content\/uploads\/2026\/04\/Zawieszeniemaly-600x312.png 600w\" sizes=\"auto, (max-width: 150px) 100vw, 150px\" \/><\/a><\/p>\n\n\n\n<p>&nbsp; Zobaczymy, czy na W\u0119grzech Ruscy w sojuszu z Amerykanami wygraj\u0105 z nami \u2013 Europejczykami.&nbsp; Czy nasza kultura grecka i prawo rzymskie przegra z Bizancjum? Nasze autorytety ju\u017c praktycznie wymazali. Przyk\u0142ad \u2013 Bazylik\u0119 w Licheniu nam wybudowali. To ma by\u0107 autorytet. Grecy i Rzymianie&nbsp; na nauk\u0119 stawiali.<\/p>\n\n\n\n<p><\/p>\n","protected":false},"excerpt":{"rendered":"<p>Gdy pisz\u0119 te s\u0142owa, W\u0119grzy g\u0142osuj\u0105. Kampania wyborcza w kt\u00f3rej Wiktor Orban musi wygra\u0107, odbywa\u0142a si\u0119 pod has\u0142em \u201eFidesz Orbana albo wojna\u201d. Rosyjski wywiad GRU i ameryka\u0144ski CIA dzia\u0142aj\u0105 teraz razem. W Polsce zorganizowali \u201e Marsz za pokojem\u201d. To w Gda\u0144sku si\u0119 odby\u0142o, ale ludzi nie by\u0142o. &nbsp; Ch\u0142opaki z razwietputa \u2013 tak Marysia (wcze\u015bniejsze [&hellip;]<\/p>\n","protected":false},"author":1,"featured_media":137773,"comment_status":"open","ping_status":"open","sticky":false,"template":"","format":"standard","meta":{"_jetpack_memberships_contains_paid_content":false,"footnotes":""},"categories":[4],"tags":[1064],"class_list":["post-137761","post","type-post","status-publish","format-standard","has-post-thumbnail","hentry","category-daty-i-fakty-blog","tag-straszenie-wojna"],"jetpack_sharing_enabled":true,"jetpack_featured_media_url":"https:\/\/htb.com.pl\/wp-content\/uploads\/2026\/04\/Straszeniemaly.png","_links":{"self":[{"href":"https:\/\/htb.com.pl\/index.php?rest_route=\/wp\/v2\/posts\/137761","targetHints":{"allow":["GET"]}}],"collection":[{"href":"https:\/\/htb.com.pl\/index.php?rest_route=\/wp\/v2\/posts"}],"about":[{"href":"https:\/\/htb.com.pl\/index.php?rest_route=\/wp\/v2\/types\/post"}],"author":[{"embeddable":true,"href":"https:\/\/htb.com.pl\/index.php?rest_route=\/wp\/v2\/users\/1"}],"replies":[{"embeddable":true,"href":"https:\/\/htb.com.pl\/index.php?rest_route=%2Fwp%2Fv2%2Fcomments&post=137761"}],"version-history":[{"count":6,"href":"https:\/\/htb.com.pl\/index.php?rest_route=\/wp\/v2\/posts\/137761\/revisions"}],"predecessor-version":[{"id":137778,"href":"https:\/\/htb.com.pl\/index.php?rest_route=\/wp\/v2\/posts\/137761\/revisions\/137778"}],"wp:featuredmedia":[{"embeddable":true,"href":"https:\/\/htb.com.pl\/index.php?rest_route=\/wp\/v2\/media\/137773"}],"wp:attachment":[{"href":"https:\/\/htb.com.pl\/index.php?rest_route=%2Fwp%2Fv2%2Fmedia&parent=137761"}],"wp:term":[{"taxonomy":"category","embeddable":true,"href":"https:\/\/htb.com.pl\/index.php?rest_route=%2Fwp%2Fv2%2Fcategories&post=137761"},{"taxonomy":"post_tag","embeddable":true,"href":"https:\/\/htb.com.pl\/index.php?rest_route=%2Fwp%2Fv2%2Ftags&post=137761"}],"curies":[{"name":"wp","href":"https:\/\/api.w.org\/{rel}","templated":true}]}}