{"id":13842,"date":"2019-12-07T08:24:58","date_gmt":"2019-12-07T08:24:58","guid":{"rendered":"https:\/\/htb.com.pl\/?p=13842"},"modified":"2019-12-09T05:47:14","modified_gmt":"2019-12-09T05:47:14","slug":"winda-do-nieba","status":"publish","type":"post","link":"https:\/\/htb.com.pl\/?p=13842","title":{"rendered":"Wind\u0105 do nieba"},"content":{"rendered":"\n<p><\/p>\n\n\n\n<figure class=\"wp-block-image size-large\"><img loading=\"lazy\" decoding=\"async\" width=\"305\" height=\"165\" src=\"https:\/\/htb.com.pl\/wp-content\/uploads\/2019\/12\/Belweder.jpg\" alt=\"\" class=\"wp-image-14068\" srcset=\"https:\/\/htb.com.pl\/wp-content\/uploads\/2019\/12\/Belweder.jpg 305w, https:\/\/htb.com.pl\/wp-content\/uploads\/2019\/12\/Belweder-300x162.jpg 300w\" sizes=\"auto, (max-width: 305px) 100vw, 305px\" \/><\/figure>\n\n\n\n<p>Tak pan Donald Tusk, teraz szef Europejskiej Partii Ludowej (EPP) nazwa\u0142 awanse, jakie ob\u00f3z rz\u0105dz\u0105cy funduje swoim cz\u0142onkom. W wywiadzie z redaktorem TVN   Grzegorzem Kajdanowiczem odnosi\u0142 si\u0119 do afery z Marianem Banasiem. TVN to stacja komercyjna i nie mo\u017ce wype\u0142nia\u0107 roli medi\u00f3w publicznych. Pan Kajdanowicz musi rozmawia\u0107 z Tuskiem o pierdo\u0142ach, \u017ceby reklamodawcy byli zadowoleni i sfinansowali jego wyjazd do Belgii &#8211; bo wywiad z by\u0142ym szefem Rady Europejskiej by\u0142 w Brukseli. Na koniec zapyta\u0142, czy Donald Tusk wystartuje kiedy\u015b w wyborach prezydenckich? Ja chc\u0119 tylko przypomnie\u0107, \u017ce w roku 2010 startowa\u0142. I<a href=\"https:\/\/htb.com.pl\/?p=2035\"> to jak, a\u017c W\u0142odzimierz Cimoszewicz zrezygnowa\u0142.<\/a> Skutki tego, d\u0142ugo jeszcze b\u0119dziemy odczuwa\u0107.<\/p>\n\n\n\n<p><strong>Gdzie s\u0105 media publiczne?<\/strong><\/p>\n\n\n\n<p> W Madrycie odbywa si\u0119 szczyt klimatyczny COP 25,  Polska przekazuje prezydencj\u0119 Chile i o tym nale\u017ca\u0142o porozmawia\u0107 z Tuskiem. Nie ma bowiem nic wa\u017cniejszego od ocieplenia klimatu! Bana\u015b na tle tragedii w jakiej znalaz\u0142 si\u0119 \u015awiat &#8211; to piku\u015b, a Polska ze sw\u0105 durna polityk\u0105 energetyczn\u0105 nie pomaga. W Unii Europejskiej ju\u017c 32,2 % energii elektrycznej produkuje si\u0119 z OZE, 25,5 % z atomu, 18, 9 % z gazu, w\u0119giel kamienny i brunatny, to nieca\u0142e 20 %! W Polsce jest dok\u0142adnie odwrotnie &#8211; w\u0119giel stanowi ponad 80 % udzia\u0142u w produkcji energii elektrycznej, a prezydent Andrzej Duda z premierem Mateusz Morawiecki Barb\u00f3rk\u0119 z g\u00f3rnikami \u015bwi\u0119tuj\u0105. To \u015bwi\u0119towanie rozpocz\u0105\u0142 premier Tadeusz Mazowiecki 17 grudnia 1990 roku . To historyczna data, zlikwidowano buduj\u0105c\u0105  si\u0119 wtedy  elektrowni\u0119 atomow\u0105 w \u017barnowcu. Polska zawr\u00f3ci\u0142a z w\u0142a\u015bciwej drogi pod wp\u0142ywem &#8220;ulicy&#8221;. Chc\u0105c nie chc\u0105c, przy  \u015bwi\u0105tecznym stole rozmawiamy o polityce. Energetyka to bezpieczny temat, a o elektrowni w  \u017barnowcu i nie tylko, mo\u017cna na moim blogu poczyta\u0107. Prosz\u0119 pomy\u015ble\u0107 &#8211; czy te prawie 30 lat od zniszczenia \u017barnowca, to dobry czas dla naszej energetyki? Dla naszej Polski? Skoro czasem op\u0142atkiem nie potrafimy si\u0119 po\u0142ama\u0107? Teraz rz\u0105dz\u0105cy m\u00f3wi\u0105, \u017ce UE powinna na nas poczeka\u0107, powinna nam pom\u00f3c. Nas obywateli prosz\u0119 do tego nie miesza\u0107. To wy politycy powinni\u015bcie podj\u0105\u0107 decyzje, kt\u00f3re nam obywatelom pewnie, by si\u0119 nie podoba\u0142y. Ale taka jest wasza rola, nie mo\u017cna s\u0142ucha\u0107 ludzi, gdy nie maj\u0105 racji. Pisa\u0142em o staraniach Marysi, (wcze\u015bniejsze wpisy), aby doko\u0144czy\u0107 \u017barnowiec &#8211; przegra\u0142a z tymi, kt\u00f3rzy nie mieli racji. ale decydowali, bo politycy si\u0119 ich bali. Mam te\u017c w\u0142asny przyk\u0142ad. Tartak w Chorzelowie, zak\u0142ad w kt\u00f3rym pracowa\u0142em przed okresem przemian. Dzi\u015b widz\u0119 do czego doprowadzi\u0142o s\u0142uchanie ludzi. To by\u0142 nowoczesny zak\u0142ad, mia\u0142 dwie linie technologiczne, li\u015bciast\u0105 i iglast\u0105. Li\u015bciasta to GULLIET, francuska linia pilarek ta\u015bmowych. Marysia by\u0142a ni\u0105 zachwycona. Ta linia nie wymaga\u0142a zapasu surowca, nie blokowa\u0142a \u015brodk\u00f3w obrotowych. Ale dla rady pracowniczej i zwyk\u0142ych obibok\u00f3w, by\u0142a koszmarem. Wymaga\u0142a bowiem spr\u0119\u017conego powietrza, wiele funkcji by\u0142o sterowane pneumatycznie. Latem jeszcze by\u0142o jako tako ale zim\u0105&#8230; Zaniedbany system grzewczy uniemo\u017cliwia\u0142 prac\u0119 &#8211; pneumatyczne rozdzielacze zamarza\u0142y.  Zawsze latem b\u0142aga\u0142em, aby zadbano o ogrzewania ale dzia\u0142 techniczny mia\u0142 to w d&#8230;ie. Podj\u0119to decyzj\u0119, \u017ce wywali si\u0119 pil\u0119 ta\u015bmow\u0105 i postawi zwyk\u0142y pionowy trak. Moi ludzie, tacy z wyobra\u017ani\u0105, a by\u0142em mistrzem na hali przetarcia zrozumieli, \u017ce to koniec ich zak\u0142adu. Wymy\u015blili, \u017ce wybior\u0105 mnie na przewodnicz\u0105cego rady pracowniczej i uratujemy tartak. By\u0142a szansa, stanowili\u015bmy wi\u0119kszo\u015b\u0107. Dotar\u0142o to jednak do decyduj\u0105cych i postanowiono zrobi\u0107 mnie odpowiedzialnym za wybory. Nie mog\u0142em kandydowa\u0107 &#8211; pi\u0142\u0119 wywalono i tartak upad\u0142. Ta pi\u0142a nawet dzi\u015b, dla obecnego w\u0142a\u015bciciela, by\u0142aby kur\u0105 znosz\u0105c\u0105 z\u0142ote jajka.<\/p>\n\n\n\n<p> Gruba kreska Mazowieckiego to  koszmar zgotowany przez ludzi, kt\u00f3rzy nie powinni nigdy niczym zarz\u0105dza\u0107. Marysia mia\u0142a racj\u0119, kto\u015b kto nie ma wyobra\u017ani, nie morze rz\u0105dzi\u0107, bo doprowadzi do tragedii. Pisz\u0119 o tym od lat, przedstawiam wykresy, oto kolejny &#8211; dotyczy cen energii w Polsce.<\/p>\n\n\n\n<figure class=\"wp-block-image size-large\"><a href=\"https:\/\/forsal.pl\/artykuly\/1183245,ceny-pradu-w-polsce-sa-najwyzsze-w-historii.html\"><img loading=\"lazy\" decoding=\"async\" width=\"657\" height=\"323\" src=\"https:\/\/htb.com.pl\/wp-content\/uploads\/2019\/12\/Energia.jpg\" alt=\"\" class=\"wp-image-13866\" srcset=\"https:\/\/htb.com.pl\/wp-content\/uploads\/2019\/12\/Energia.jpg 657w, https:\/\/htb.com.pl\/wp-content\/uploads\/2019\/12\/Energia-300x147.jpg 300w, https:\/\/htb.com.pl\/wp-content\/uploads\/2019\/12\/Energia-600x295.jpg 600w\" sizes=\"auto, (max-width: 657px) 100vw, 657px\" \/><\/a><\/figure>\n\n\n\n<p>Ceny pojecha\u0142y jak ta winda do nieba, wygl\u0105da to jak jaki\u015b szczyt.<\/p>\n\n\n\n<p>Szczyt NATO &#8211; w Londynie odbywa si\u0119 jubileuszowe, bo 70 spotkanie lider\u00f3w 29 pa\u0144stw, cz\u0142onk\u00f3w <em> (ang. Nordh Atlantic Treaty Organization<\/em>). Polsk\u0119 reprezentuje prezydent Andrzej Duda. Razem z Donaldem Trumpem kombinuj\u0105 jaka\u015b wojn\u0119. Polska zgodnie z sanacyjn\u0105 doktryn\u0105, chce walczy\u0107 z Rosj\u0105. Prezydent USA to biznesmen i chce zarobi\u0107. Wojn\u0119 widzi jako handel broni\u0105. Polsk\u0119 postrzega jako dobrego klienta i bardzo nas chwali. W 2018 roku wydali\u015bmy na zbrojenia 2,05 % PKB, to wzrost o 8,9 % w stosunku do roku poprzedniego. Kwota jak\u0105 teraz wydajemy na wojsko, to 11,6 mld USD. Moim zadaniem to pieni\u0105dze wyrzucone w b\u0142oto. Armia, kt\u00f3ra nie ma s\u0142u\u017cb specjalnych, wywiadu i kontrwywiadu, jest jak \u015blepy we mgle. Jest tak, bo szefowie tych s\u0142u\u017cb, te\u017c z windy korzystaj\u0105.<\/p>\n\n\n\n<p>Szczyt  NATO zako\u0144czy\u0142 si\u0119 sukcesem, sojusz nie rozpad\u0142 si\u0119. Nie tylko przekonano prezydenta Turcji Recepa Tayypa Erdogana, \u017ceby podpisa\u0142 papiery ale te\u017c nie zaogniono stosunk\u00f3w z Rosj\u0105. Prezydent USA Donald Trump pozna\u0142 swoje miejsce w szyku. Jego s\u0142u\u017cby udost\u0119pni\u0142y mu nagranie rozm\u00f3w kuluarowych w Pa\u0142acu Buckingham przyw\u00f3dc\u00f3w Wielkiej Brytanii, Kanady i Francji, kt\u00f3rzy wy\u015bmiewaj\u0105 si\u0119 z niego. Z tego powodu odwo\u0142a\u0142 konferencj\u0119 prasow\u0105 &#8211; zast\u0105pi\u0142 go nasz prezydent Andrzej Duda. Wypad\u0142 fantastycznie. Nadal nie mog\u0119 si\u0119 nachwali\u0107 tego cz\u0142owieka, jak chodzi o jego nieustaj\u0105c\u0105 kampanie wyborcz\u0105. Konferencja by\u0142a w formie og\u0142osze\u0144 parafialych ale na ko\u0144cu mo\u017cna by\u0142o zadawa\u0107 pytania. Dziennikarze (polscy) zadali w\u0142a\u015bciwe i zanosi\u0142o si\u0119 na kazanie.  Tu wreszcie zadzia\u0142a\u0142y nasze s\u0142u\u017cby. Z sali pad\u0142o has\u0142o. \u017ce samolot czeka. Pan prezydent by\u0142 jednym z organizator\u00f3w lotu do Smole\u0144ska i teraz ju\u017c wie, \u017ce jak samolot, to nie polityka. Brawo panowie oficerowie, u Marysi by\u015bcie zapunktowali.<\/p>\n\n\n\n<p>I pomy\u015ble\u0107, \u017ce ten cz\u0142owiek, kilka godzin p\u00f3\u017aniej, przyjmie \u015blubowanie Krystyny Paw\u0142owicz i Stanis\u0142awa Piotrowicza na S\u0119dzi\u00f3w Trybuna\u0142u Konstytucyjnego. W Belwederze, bez kamer &#8211; wie \u017ce robi \u017ale, to dobrze \u017ce wie. Ale czy wie, \u017ce pozbawia Polsk\u0119 resztek suwerenno\u015bci? My\u015bl\u0119, \u017ce nie wie. Teraz nasze sprawy s\u0105dowe, Sztrasburg b\u0119dzie rozstrzyga\u0142. To tak jak premier Tadeusz Mazowiecki nie potrafi\u0142 sobie wyobrazi\u0107, \u017ce jego decyzja o likwidacji elektrowni atomowej uzale\u017cni nas od zachodu.<\/p>\n\n\n\n<p>Dzi\u015b Polsce nie zagra\u017ca Rosja &#8211; sami sobie zagra\u017camy. Zamach stanu z 2015 roku, kt\u00f3rego nikt nie chce zauwa\u017cy\u0107 doprowadzi\u0142 kraj na skraj przepa\u015bci. To jak rozgrywa si\u0119 problem z Marianem Banasiem, to dzia\u0142ania mafijne. Kart\u0105 przetargow\u0105 sta\u0142 si\u0119 syn prezesa NIK. Nie pomaga te\u017c choroba pana Jaros\u0142awa Kaczy\u0144skiego, to on jest \u0142\u0105cznikiem pomi\u0119dzy zamachowcami, a tym co ma by\u0107 normalne.<\/p>\n\n\n\n<p>Pami\u0119tam rok 1986, wtedy te\u017c genera\u0142 Jaruzelski nie chcia\u0142 zauwa\u017cy\u0107 &#8220;pe\u0142zaj\u0105cego&#8221; zamachu stanu w swoim \u015brodowisku. Mia\u0142 rozkaz od Jana Paw\u0142a II, aby demokracj\u0119 wprowadzi\u0107, zamachowcami zajmowa\u0142a si\u0119 Marysia. Mia\u0142a problem, nie mog\u0142a dzia\u0142a\u0107 jak w Anglii, czy Hiszpanii, gdzie walczy\u0142a z terrorystami. To s\u0105 Polacy Jasiu m\u00f3wi\u0142a i cho\u0107 do mnie strzelaj\u0105, ja tylko strasz\u0119 &#8211;  na razie si\u0119 boj\u0105. Dzi\u015b si\u0119 nie boj\u0105 &#8211; nasz kolega Dawid Kostecki nie \u017cyje.<\/p>\n\n\n\n<p>Nie ma tego z\u0142ego, co by na dobre nie wysz\u0142o. Stosuj\u0105c to powiedzenie   Marysia pokona\u0142a SB-k\u00f3w, co chcieli Jaruzelskiego obali\u0107. Gdy dorwa\u0142a takiego zamachowca, uczy\u0142a go co dobre, a co z\u0142e. Dzia\u0142a\u0142o &#8211; jest szansa, \u017ce pan Marian Bana\u015b te\u017c to zrozumie, by\u0142by wtedy najlepszym szefem NIK w naszej historii.<\/p>\n\n\n\n<p>Dzi\u015b nie mo\u017cna stosowa\u0107 metod Marysi &#8211; Ona te\u017c ich nie pochwala\u0142a. <\/p>\n\n\n\n<p>Ciesz\u0119 si\u0119, \u017ce Pani Monika Jaruzelska zaj\u0119\u0142a si\u0119 polityk\u0105. Ma bardzo podobn\u0105 wra\u017cliwo\u015b\u0107 jak Marysia i jak Ona potrafi ludzi \u0142\u0105czy\u0107. Nie stosuje jednak metody, kt\u00f3r\u0105 Majka organoleptyczn\u0105 nazywa\u0142a, a potem, czy jest dobr\u0105 panienk\u0105 pyta\u0142a. Prosz\u0119 obejrze\u0107 kolejny film z cyklu &#8220;Towarzyszka Panienka&#8221;. Pani Jaruzelska rozmawia z panem Stefanem Niesio\u0142owskim. <a href=\"https:\/\/htb.com.pl\/?product=niesiolowski\"><img loading=\"lazy\" decoding=\"async\" width=\"150\" height=\"242\" class=\"wp-image-13974\" style=\"width: 150px;\" src=\"https:\/\/htb.com.pl\/wp-content\/uploads\/2019\/12\/Niesio\u0142owski.jpg\" alt=\"\" srcset=\"https:\/\/htb.com.pl\/wp-content\/uploads\/2019\/12\/Niesio\u0142owski.jpg 200w, https:\/\/htb.com.pl\/wp-content\/uploads\/2019\/12\/Niesio\u0142owski-186x300.jpg 186w\" sizes=\"auto, (max-width: 150px) 100vw, 150px\" \/><\/a> Nie jest to cz\u0142owiek z &#8220;mojej bajki&#8221; ale tu m\u00f3wi jakby by\u0142.<\/p>\n\n\n\n<div class=\"wp-block-group\"><div class=\"wp-block-group__inner-container is-layout-flow wp-block-group-is-layout-flow\">\n<iframe loading=\"lazy\" width=\"727\" height=\"409\" src=\"https:\/\/www.youtube.com\/embed\/at42ZvDFF-Q\" frameborder=\"0\" allow=\"accelerometer; autoplay; encrypted-media; gyroscope; picture-in-picture\" allowfullscreen=\"\"><\/iframe>\n<\/div><\/div>\n\n\n\n<p>Niesamowite &#8211; dwoje polityk\u00f3w, z zupe\u0142nie obcych sobie opcji politycznych, w przyjacielskiej rozmowie. A\u017c chce si\u0119 na to patrze\u0107. Szkoda, ze to dom genera\u0142a Wojciecha Jaruzelskiego, a  nie Sejm.<\/p>\n\n\n\n<p>To W\u0142odzimierz Czarzasty, lider SLD, wicemarsza\u0142ek Sejmu sprawi\u0142, \u017ce Pani Monika Jaruzelska nie znalaz\u0142a si\u0119 w Parlamencie. Lolek nic tu nie zawini\u0142:) Wypowied\u017a pana Czarzastego o generale W\u0142adys\u0142awie Andersie, \u017ce powinien z z armi\u0105 czerwona na Berlin i\u015b\u0107, a nie do Iranu, obrazuje tragedi\u0119 polskiej edukacji. Pami\u0119tam jak wiosn\u0105 1987 roku dojecha\u0142em raniutko do Marysi. By\u0142a niedziela, otworzy\u0142a mi drzwi i m\u00f3wi &#8211; jestem dobra dziewczyna. Pomy\u015bla\u0142em, \u017ce znowu kogo\u015b pobi\u0142a ale tym razem kac by\u0142 oryginalny. Tym razem czyni\u0105c dobro nie pobi\u0142am ale spi\u0142am, \u0142eb boli tak samo Jasiu. Zaprowadzi\u0142a mnie do salonu, a tam na kanapie spa\u0142a<a href=\"https:\/\/htb.com.pl\/?p=10152\"> Pani Joasia, co u Messnera od edukacji by\u0142a<\/a>. Majka j\u0105 obudzi\u0142a . Co? Ty wiesz co. <a href=\"https:\/\/htb.com.pl\/?p=2699\">Zmiana pokoleniowa<\/a> &#8211; powiedzia\u0142a Pani Joasia i zasn\u0119\u0142a. Wymieni\u0142a tytu\u0142 konspektu co na \u0142awie le\u017ca\u0142. Przeczyta\u0142em w nim, \u017ce cz\u0142owiek, kt\u00f3ry nie w\u0105cha\u0142 prochu, nie ma prawa ocenia\u0107 decyzji podejmowanych na polu walki. Na Naukach Politycznych Uniwersytetu Warszawskiego, jak wida\u0107  tego pana Czarzastego nie nauczyli. Jego wyb\u00f3r do Sejmu okre\u015bli\u0142em jako zdobyty przycz\u00f3\u0142ek, teraz wiem, \u017ce ten przycz\u00f3\u0142ek nie ma \u017cadnego strategicznego znaczenia &#8211; chocia\u017c.<\/p>\n\n\n\n<p>Powstanie Pomnik Bitwy Warszawskiej, ods\u0142oni\u0119cie jest planowane na stulecie tej bitwy, czyli sierpie\u0144 2020 rok. To bardzo cenna inicjatywa, symbolika tego pomnika, mo\u017ce uzdrowi\u0107 nasz\u0105 polityk\u0119. Naprawd\u0119&#8230; Trzeba tylko w\u0142a\u015bciwie ukaza\u0107 J\u00f3zefa Pi\u0142sudskiego i wreszcie obali\u0107 mit niezwyci\u0119\u017conego marsza\u0142ka. Jego zas\u0142ug\u0105 w tej bitwie  by\u0142o jedynie to, \u017ce czerwoni podeszli a\u017c pod Warszaw\u0119. Wtedy do granicy by\u0142o du\u017co dalej jak teraz. Opowiadanie bzdur, jakoby Pi\u0142sudski mia\u0142 jaki\u015b udzia\u0142 w tym zwyci\u0119stwie sprawi\u0142o, \u017ce dzi\u015b w Polsce piewcy jego geniuszu rz\u0105dz\u0105 w oparciu o kult jednostki. Inne pa\u0144stwa, jak cho\u0107by Niemcy, dawno ju\u017c zrezygnowa\u0142y z tej formy rz\u0105dzenia. Tam S\u0119dzi\u00f3w mog\u0105 wybiera\u0107 politycy i nic z\u0142ego si\u0119 nie stanie. My te\u017c mieli\u015bmy Konstytucj\u0119, kt\u00f3ra opiera\u0142a si\u0119 na tolerancji Jagiellon\u00f3w i Prezydencie, kt\u00f3ry jak Jan Pawe\u0142 II &#8211; jak taki dobry kr\u00f3l mia\u0142 nas broni\u0107 przed politykami &#8211; \u017ceby nam za bardzo krzywdy nie robili. Mo\u017ce nowy prezydent j\u0105 przywr\u00f3ci i b\u0119dzie sta\u0142 na jej stra\u017cy &#8211; tak jak przysi\u0119ga\u0142.<\/p>\n\n\n\n<p>My\u015bl\u0119, \u017ce pan W\u0142odzimierz Czarzasty mo\u017ce wskaza\u0107 kandydatk\u0119 na takiego prezydenta &#8211; wtedy b\u0119dzie dobrym przycz\u00f3\u0142kiem.<\/p>\n\n\n","protected":false},"excerpt":{"rendered":"<p>Tak pan Donald Tusk, teraz szef Europejskiej Partii Ludowej (EPP) nazwa\u0142 awanse, jakie ob\u00f3z rz\u0105dz\u0105cy funduje swoim cz\u0142onkom. W wywiadzie z redaktorem TVN Grzegorzem Kajdanowiczem odnosi\u0142 si\u0119 do afery z Marianem Banasiem. TVN to stacja komercyjna i nie mo\u017ce wype\u0142nia\u0107 roli medi\u00f3w publicznych. Pan Kajdanowicz musi rozmawia\u0107 z Tuskiem o pierdo\u0142ach, \u017ceby reklamodawcy byli zadowoleni [&hellip;]<\/p>\n","protected":false},"author":1,"featured_media":14068,"comment_status":"open","ping_status":"open","sticky":false,"template":"","format":"standard","meta":{"_jetpack_memberships_contains_paid_content":false,"footnotes":""},"categories":[4],"tags":[260,536],"class_list":["post-13842","post","type-post","status-publish","format-standard","has-post-thumbnail","hentry","category-daty-i-fakty-blog","tag-prezydent-andrzej-duda","tag-sadownictwo"],"jetpack_sharing_enabled":true,"jetpack_featured_media_url":"https:\/\/htb.com.pl\/wp-content\/uploads\/2019\/12\/Belweder.jpg","_links":{"self":[{"href":"https:\/\/htb.com.pl\/index.php?rest_route=\/wp\/v2\/posts\/13842","targetHints":{"allow":["GET"]}}],"collection":[{"href":"https:\/\/htb.com.pl\/index.php?rest_route=\/wp\/v2\/posts"}],"about":[{"href":"https:\/\/htb.com.pl\/index.php?rest_route=\/wp\/v2\/types\/post"}],"author":[{"embeddable":true,"href":"https:\/\/htb.com.pl\/index.php?rest_route=\/wp\/v2\/users\/1"}],"replies":[{"embeddable":true,"href":"https:\/\/htb.com.pl\/index.php?rest_route=%2Fwp%2Fv2%2Fcomments&post=13842"}],"version-history":[{"count":36,"href":"https:\/\/htb.com.pl\/index.php?rest_route=\/wp\/v2\/posts\/13842\/revisions"}],"predecessor-version":[{"id":14173,"href":"https:\/\/htb.com.pl\/index.php?rest_route=\/wp\/v2\/posts\/13842\/revisions\/14173"}],"wp:featuredmedia":[{"embeddable":true,"href":"https:\/\/htb.com.pl\/index.php?rest_route=\/wp\/v2\/media\/14068"}],"wp:attachment":[{"href":"https:\/\/htb.com.pl\/index.php?rest_route=%2Fwp%2Fv2%2Fmedia&parent=13842"}],"wp:term":[{"taxonomy":"category","embeddable":true,"href":"https:\/\/htb.com.pl\/index.php?rest_route=%2Fwp%2Fv2%2Fcategories&post=13842"},{"taxonomy":"post_tag","embeddable":true,"href":"https:\/\/htb.com.pl\/index.php?rest_route=%2Fwp%2Fv2%2Ftags&post=13842"}],"curies":[{"name":"wp","href":"https:\/\/api.w.org\/{rel}","templated":true}]}}