{"id":138431,"date":"2026-04-26T13:17:50","date_gmt":"2026-04-26T13:17:50","guid":{"rendered":"https:\/\/htb.com.pl\/?p=138431"},"modified":"2026-04-26T13:17:51","modified_gmt":"2026-04-26T13:17:51","slug":"czarnobyl","status":"publish","type":"post","link":"https:\/\/htb.com.pl\/?p=138431","title":{"rendered":"Czarnobyl"},"content":{"rendered":"\n<p>\u00a0<\/p>\n\n\n\n<p><\/p>\n\n\n\n<figure class=\"wp-block-image size-thumbnail\"><a href=\"https:\/\/htb.com.pl\/wp-content\/uploads\/2026\/04\/Czarnobyl.mp3\"><img loading=\"lazy\" decoding=\"async\" width=\"150\" height=\"150\" src=\"https:\/\/htb.com.pl\/wp-content\/uploads\/2018\/04\/posluchaj-150x150.jpg\" alt=\"\" class=\"wp-image-2020\" srcset=\"https:\/\/htb.com.pl\/wp-content\/uploads\/2018\/04\/posluchaj-150x150.jpg 150w, https:\/\/htb.com.pl\/wp-content\/uploads\/2018\/04\/posluchaj-300x300.jpg 300w, https:\/\/htb.com.pl\/wp-content\/uploads\/2018\/04\/posluchaj-100x100.jpg 100w\" sizes=\"auto, (max-width: 150px) 100vw, 150px\" \/><\/a><\/figure>\n\n\n\n<p>W\u0142a\u015bnie mija 40 lat od katastrofy w Czarnobylu. 26 kwietnia 1986 roku w <strong>\u00a0<\/strong><a href=\"https:\/\/pl.wikipedia.org\/wiki\/Czarnobylska_Elektrownia_J%C4%85drowa\">Czarnobylskiej Elektrowni J\u0105drowej<\/a>,\u00a0w wyniku\u00a0<a href=\"https:\/\/pl.wikipedia.org\/wiki\/Awaria_(technika)\">awarii<\/a>\u00a0przy przegrzaniu si\u0119 rdzenia\u00a0<a href=\"https:\/\/pl.wikipedia.org\/wiki\/Reaktor_j%C4%85drowy\">reaktora<\/a>\u00a0dosz\u0142o do\u00a0<a href=\"https:\/\/pl.wikipedia.org\/wiki\/Wybuch\">wybuchu<\/a>\u00a0wodoru,\u00a0<a href=\"https:\/\/pl.wikipedia.org\/wiki\/Po%C5%BCar\">po\u017caru<\/a>\u00a0oraz rozprzestrzenienia si\u0119 substancji promieniotw\u00f3rczych.<\/p>\n\n\n\n<p>&nbsp; M\u00f3j blog DATY I FAKTY pokazuje \u015bwiat z perspektywy Marysi. Ona nie \u017cyje \u2013 bra\u0142a udzia\u0142 w akcji ratowniczej w Czarnobylu, ale nie ma dowodu, \u017ce to spowodowa\u0142o jej chorob\u0119 i \u015bmier\u0107 \u2013 cho\u0107 nie mo\u017cna tego wykluczy\u0107.<\/p>\n\n\n\n<p>&nbsp; Spotka\u0142em j\u0105 23 czerwca 1986 roku, to by\u0142o takie spotkanie po latach \u2013 10-ciu latach. W 1976 roku, gdy j\u0105 pozna\u0142em, m\u00f3wi\u0142em do niej Pani. Ja mia\u0142em 16 lat, a Ona prawie 20. W 1986 roku ta r\u00f3\u017cnica wieku nieco si\u0119 zatar\u0142a, ale szybko si\u0119 zorientowa\u0142em, \u017ce i tak dzieli nas przepa\u015b\u0107. Mo\u017cna o tym poczyta\u0107 na wspomnianym wy\u017cej blogu, kt\u00f3ry jest jednocze\u015bnie niezwyk\u0142ym &nbsp;archiwum Radia MARIA.<\/p>\n\n\n\n<p>&nbsp; Majka, bo ja tak j\u0105 nazywa\u0142em, mia\u0142a wp\u0142yw na wydarzenia spo\u0142eczno-polityczne tamtego okresu. Dzi\u015b chcia\u0142bym wspomnie\u0107 jej walk\u0119 o doko\u0144czenie budowy Elektrowni J\u0105drowej w \u017barnowcu. Ta elektrownia to by\u0142y cztery bloki, w tym dwa \u2013 no nie mo\u017cna powiedzie\u0107 prawie uko\u0144czone. Ale by\u0142o ten koniec wida\u0107. Odbywa\u0142y si\u0119 demonstracje przeciwko budowie \u017barnowca. Przekonywano, \u017ce mamy w\u0119giel kamienny \u2013 to jest bezpieczne, po co nam elektrownia atomowa?<\/p>\n\n\n\n<p>&nbsp; Majka jednak uwa\u017ca\u0142a, \u017ce gdyby elektrownia w \u017barnowcu nie powsta\u0142a, Polska kt\u00f3rej Ona by chcia\u0142a, nie b\u0119dzie istnia\u0142a. Ciekawie to argumentowa\u0142a.<\/p>\n\n\n\n<p>&nbsp; Kiedy\u015b jeden z organizator\u00f3w demonstracji przeciwko budowie EJ\u017b powiedzia\u0142, \u017ce taka elektrownia skazi \u015brodowisko poprzez uran (pierwiastek promieniotw\u00f3rczy). Majka odpowiedzia\u0142a, \u017ce w w\u0119glu te\u017c jest uran. Pan si\u0119 nie zgodzi\u0142. Majka postanowi\u0142a mu to udowodni\u0107. Akurat szli\u015bmy na ryby, potrzebne by\u0142y robaki. Wbi\u0142em kij w ziemi\u0119 i zacz\u0105\u0142em nim porusza\u0107. D\u017cd\u017cownice \u201emy\u015bla\u0142y\u201d, \u017ce to kret i zacz\u0119\u0142y wychodzi\u0107 z ziemi, a ja wrzuca\u0142em je do s\u0142oika. Majka posz\u0142a do takiej \u015bluzy przy rowie melioracyjnym i nazbiera\u0142a chru\u015bcik\u00f3w. To doskona\u0142a przyn\u0119ta \u2013 ja m\u00f3wi\u0142em na to k\u0142\u00f3dki. To by\u0142y larwy chru\u015bcika, doros\u0142y owad ma skrzyd\u0142a i lata. Za\u015b larwy buduj\u0105 sobie pancerz z w\u0142\u00f3kien przybrze\u017cnych traw. Majka m\u00f3wi\u0142a, \u017ce te trawy zbieraj\u0105 zanieczyszczenia. Pan od demonstrant\u00f3w zgodzi\u0142 si\u0119 z tym. Wyd\u0142ubali\u015bmy larwy z ich pancerzy i wrzucili do s\u0142oika z d\u017cd\u017cownicami. Pancerze za\u015b Majka zbada\u0142a rendgenoradiometrem &nbsp;DP-75. Takim, jakiego w tamtym czasie u\u017cywa\u0142o wojsko. To by\u0142a jej pami\u0105tka z Czarnobyla. Urz\u0105dzenie pokaza\u0142o, \u017ce pancerze chru\u015bcik\u00f3w s\u0105 ska\u017cone promieniotw\u00f3rczo. W tym momencie mia\u0142em branie \u2013 no, bo byli\u015bmy na rybach . Wyci\u0105gn\u0105\u0142em sporego karpia. Majka powiedzia\u0142a, \u017cebym poszed\u0142 do domku i go usma\u017cy\u0142. Mieszkali\u015bmy na pobliskim kempingu. Wiedzia\u0142em, \u017ce chce zosta\u0107 sama z szefem przeciwnik\u00f3w budowy EJ\u017b. Ba\u0142em si\u0119, \u017ce co\u015b mu zrobi \u2013 u\u015bmiechn\u0119\u0142a si\u0119\u2026 Mog\u0142em spokojnie bra\u0107 si\u0119 za karpia. Gdy po godzinie przyszli, karp by\u0142 gotowy. Usma\u017cy\u0142em te\u017c kilka pieczarek, kt\u00f3re znalaz\u0142em na \u0142\u0105ce. Pas\u0142y si\u0119 tam konie i pieczarek by\u0142o du\u017co. Mam taki patent, kawa\u0142ki pieczarek obtaczam w panierce,&nbsp; tej od karpi i sma\u017c\u0119 na oleju, w kt\u00f3rym wcze\u015bniej sma\u017cy\u0142y si\u0119 karpie. Pieczarki wygl\u0105daj\u0105 i smakuj\u0105 jak ryba, ale nie maj\u0105 o\u015bci. Teraz nie musz\u0119 tego robi\u0107, karpie kupuj\u0119 w <a href=\"https:\/\/sklep.smolinfish.pl\/\">Smolin Fish<\/a> z Rudy R\u00f3\u017canieckiej. Ich filety z karpia nie maj\u0105 o\u015bci. Mo\u017cna spr\u00f3bowa\u0107 w mojej Kuchni Radiowej na bazarze przy Hali Targowej w Mielcu. Wr\u00f3\u0107my jednak do sprawy.&nbsp; Na stole pojawi\u0142 si\u0119 wsp\u00f3lny mianownik, czyli p\u00f3\u0142 litra. Majka postawi\u0142a i demonstracja si\u0119 nie odby\u0142a.<\/p>\n\n\n\n<p>Marysia zmar\u0142a 13 pa\u017adziernika 1987 roku. Jestem pewny, \u017ce gdyby \u017cy\u0142a EJ\u017b by by\u0142a. A tak \u2013 przedwojenna sanacja, kt\u00f3rej Majka nienawidzi\u0142a do w\u0142adzy wr\u00f3ci\u0142a. Teraz pod inn\u0105, r\u00f3wnie pi\u0119kn\u0105 nazw\u0105 si\u0119 odrodzi\u0142a.<\/p>\n\n\n\n<p>&nbsp; Tak, to Solidarno\u015b\u0107 by\u0142a.<\/p>\n\n\n\n<p>A Marysia m\u00f3wi\u0142a; \u201eNajpierw edukacja, potem demokracja \u2013 inaczej wr\u00f3ci sanacja\u201d.<\/p>\n\n\n\n<p>Likwidacja Elektrowni J\u0105drowej w \u017barnowcu, to by\u0142a pierwsza decyzja rz\u0105du Tadeusza Mazowieckiego. Historycy k\u0142ami\u0105, jak m\u00f3wi\u0105, \u017ce rz\u0105d Mazowieckiego zmaga\u0142 si\u0119 z upadaj\u0105c\u0105 gospodark\u0105. Ustawa Wilczka o wolno\u015bci gospodarczej wtedy ju\u017c obowi\u0105zywa\u0142a. Przy tej ustawie Marysia te\u017c pracowa\u0142a. I to dlatego ta ustawa na pocz\u0105tku \u201eLaissez faire\u201d (niech si\u0119 stanie) si\u0119 nazywa\u0142a.<\/p>\n\n\n\n<p>&nbsp;&nbsp;Dlaczego w wyniku katastrofy w Czarnobylu Polska najbardziej ucierpia\u0142a?<\/p>\n\n\n\n<p>Chcia\u0142bym, aby dzisiejsza Polska sobie na to odpowiedzia\u0142a. &nbsp;&nbsp;<\/p>\n\n\n\n<p>Odnosz\u0119 wra\u017cenie, \u017ce zaczyna w kraju by\u0107 tak, jak Marysia chcia\u0142a. <a href=\"http:\/\/radiomaria.com.pl\/wp-content\/uploads\/2026\/04\/23.04.Dymisja-Ceckiewicza.mp3\"><img loading=\"lazy\" decoding=\"async\" width=\"150\" height=\"97\" class=\"wp-image-138441\" style=\"width: 150px;\" src=\"https:\/\/htb.com.pl\/wp-content\/uploads\/2026\/04\/TuskUrsula.png\" alt=\"\" srcset=\"https:\/\/htb.com.pl\/wp-content\/uploads\/2026\/04\/TuskUrsula.png 640w, https:\/\/htb.com.pl\/wp-content\/uploads\/2026\/04\/TuskUrsula-300x193.png 300w, https:\/\/htb.com.pl\/wp-content\/uploads\/2026\/04\/TuskUrsula-600x386.png 600w\" sizes=\"auto, (max-width: 150px) 100vw, 150px\" \/> <\/a>Rz\u0105d Donalda Tuska nawet zdecydowa\u0142, \u017ce elektrowni\u0119 j\u0105drow\u0105 b\u0119dzie budowa\u0142. Szkoda, \u017ce z sanacyjnego wzorca w swej polityce nie zrezygnowa\u0142. <a href=\"http:\/\/radiomaria.com.pl\/wp-content\/uploads\/2026\/04\/20.04.Macron-w-Gdansku.mp3\"><img loading=\"lazy\" decoding=\"async\" width=\"150\" height=\"79\" class=\"wp-image-138435\" style=\"width: 150px;\" src=\"https:\/\/htb.com.pl\/wp-content\/uploads\/2026\/04\/Macronmaly.png\" alt=\"\" srcset=\"https:\/\/htb.com.pl\/wp-content\/uploads\/2026\/04\/Macronmaly.png 984w, https:\/\/htb.com.pl\/wp-content\/uploads\/2026\/04\/Macronmaly-300x158.png 300w, https:\/\/htb.com.pl\/wp-content\/uploads\/2026\/04\/Macronmaly-768x404.png 768w, https:\/\/htb.com.pl\/wp-content\/uploads\/2026\/04\/Macronmaly-850x450.png 850w, https:\/\/htb.com.pl\/wp-content\/uploads\/2026\/04\/Macronmaly-600x315.png 600w\" sizes=\"auto, (max-width: 150px) 100vw, 150px\" \/><\/a> <a href=\"http:\/\/radiomaria.com.pl\/wp-content\/uploads\/2026\/04\/21.04.-Spotkanie-Kaczynskiegi-i-Morawieckiego.mp3\"><img loading=\"lazy\" decoding=\"async\" width=\"150\" height=\"83\" class=\"wp-image-138437\" style=\"width: 150px;\" src=\"https:\/\/htb.com.pl\/wp-content\/uploads\/2026\/04\/Spotkaniemaly.png\" alt=\"\" srcset=\"https:\/\/htb.com.pl\/wp-content\/uploads\/2026\/04\/Spotkaniemaly.png 971w, https:\/\/htb.com.pl\/wp-content\/uploads\/2026\/04\/Spotkaniemaly-300x167.png 300w, https:\/\/htb.com.pl\/wp-content\/uploads\/2026\/04\/Spotkaniemaly-768x426.png 768w, https:\/\/htb.com.pl\/wp-content\/uploads\/2026\/04\/Spotkaniemaly-600x333.png 600w\" sizes=\"auto, (max-width: 150px) 100vw, 150px\" \/><\/a> <a href=\"http:\/\/radiomaria.com.pl\/wp-content\/uploads\/2026\/04\/22.04.Moskwa-zaniepokojona.mp3\"><img loading=\"lazy\" decoding=\"async\" width=\"150\" height=\"88\" class=\"wp-image-138439\" style=\"width: 150px;\" src=\"https:\/\/htb.com.pl\/wp-content\/uploads\/2026\/04\/Moskwa-zaniepokojonamaly.png\" alt=\"\" srcset=\"https:\/\/htb.com.pl\/wp-content\/uploads\/2026\/04\/Moskwa-zaniepokojonamaly.png 942w, https:\/\/htb.com.pl\/wp-content\/uploads\/2026\/04\/Moskwa-zaniepokojonamaly-300x175.png 300w, https:\/\/htb.com.pl\/wp-content\/uploads\/2026\/04\/Moskwa-zaniepokojonamaly-768x448.png 768w, https:\/\/htb.com.pl\/wp-content\/uploads\/2026\/04\/Moskwa-zaniepokojonamaly-600x350.png 600w\" sizes=\"auto, (max-width: 150px) 100vw, 150px\" \/><\/a> <\/p>\n\n\n\n<p><\/p>\n","protected":false},"excerpt":{"rendered":"<p>\u00a0 W\u0142a\u015bnie mija 40 lat od katastrofy w Czarnobylu. 26 kwietnia 1986 roku w \u00a0Czarnobylskiej Elektrowni J\u0105drowej,\u00a0w wyniku\u00a0awarii\u00a0przy przegrzaniu si\u0119 rdzenia\u00a0reaktora\u00a0dosz\u0142o do\u00a0wybuchu\u00a0wodoru,\u00a0po\u017caru\u00a0oraz rozprzestrzenienia si\u0119 substancji promieniotw\u00f3rczych. &nbsp; M\u00f3j blog DATY I FAKTY pokazuje \u015bwiat z perspektywy Marysi. Ona nie \u017cyje \u2013 bra\u0142a udzia\u0142 w akcji ratowniczej w Czarnobylu, ale nie ma dowodu, \u017ce to spowodowa\u0142o [&hellip;]<\/p>\n","protected":false},"author":1,"featured_media":4252,"comment_status":"open","ping_status":"open","sticky":false,"template":"","format":"standard","meta":{"_jetpack_memberships_contains_paid_content":false,"footnotes":""},"categories":[4],"tags":[1066],"class_list":["post-138431","post","type-post","status-publish","format-standard","has-post-thumbnail","hentry","category-daty-i-fakty-blog","tag-czarnobyl"],"jetpack_sharing_enabled":true,"jetpack_featured_media_url":"https:\/\/htb.com.pl\/wp-content\/uploads\/2019\/06\/czarnobyl.jpg","_links":{"self":[{"href":"https:\/\/htb.com.pl\/index.php?rest_route=\/wp\/v2\/posts\/138431","targetHints":{"allow":["GET"]}}],"collection":[{"href":"https:\/\/htb.com.pl\/index.php?rest_route=\/wp\/v2\/posts"}],"about":[{"href":"https:\/\/htb.com.pl\/index.php?rest_route=\/wp\/v2\/types\/post"}],"author":[{"embeddable":true,"href":"https:\/\/htb.com.pl\/index.php?rest_route=\/wp\/v2\/users\/1"}],"replies":[{"embeddable":true,"href":"https:\/\/htb.com.pl\/index.php?rest_route=%2Fwp%2Fv2%2Fcomments&post=138431"}],"version-history":[{"count":8,"href":"https:\/\/htb.com.pl\/index.php?rest_route=\/wp\/v2\/posts\/138431\/revisions"}],"predecessor-version":[{"id":138446,"href":"https:\/\/htb.com.pl\/index.php?rest_route=\/wp\/v2\/posts\/138431\/revisions\/138446"}],"wp:featuredmedia":[{"embeddable":true,"href":"https:\/\/htb.com.pl\/index.php?rest_route=\/wp\/v2\/media\/4252"}],"wp:attachment":[{"href":"https:\/\/htb.com.pl\/index.php?rest_route=%2Fwp%2Fv2%2Fmedia&parent=138431"}],"wp:term":[{"taxonomy":"category","embeddable":true,"href":"https:\/\/htb.com.pl\/index.php?rest_route=%2Fwp%2Fv2%2Fcategories&post=138431"},{"taxonomy":"post_tag","embeddable":true,"href":"https:\/\/htb.com.pl\/index.php?rest_route=%2Fwp%2Fv2%2Ftags&post=138431"}],"curies":[{"name":"wp","href":"https:\/\/api.w.org\/{rel}","templated":true}]}}