{"id":143,"date":"2018-04-22T06:20:08","date_gmt":"2018-04-22T06:20:08","guid":{"rendered":"http:\/\/htb.com.pl\/?p=143"},"modified":"2020-08-12T17:43:32","modified_gmt":"2020-08-12T17:43:32","slug":"jan-pawel-ii-papiez","status":"publish","type":"post","link":"https:\/\/htb.com.pl\/?p=143","title":{"rendered":"Jan Pawe\u0142 II Papie\u017c"},"content":{"rendered":"<div class=\"p_18_fpesjyd e_18_fpewi1u clearfix\">\n<div class=\"clearfix v_18_fpesitm\">\n<div class=\"clearfix _42ef\">\n<div class=\"c_18_fpesitl\">\n<div>\n<div class=\"_6a _5u5j\">\n<div class=\"_6a _5u5j _6b\">\n<div id=\"feed_subtitle_100001376195691;1495621230493736;;9\" class=\"_5pcp _5lel _2jyu _232_\">\n<p><span class=\"fsm fwn fcg\"><abbr class=\"_5ptz\" title=\"20.10.2017 16:21\" data-utime=\"1508509271\" data-shorten=\"1\"><span class=\"timestampContent\"><a href=\"https:\/\/htb.com.pl\/wp-content\/uploads\/2018\/10\/1-Jan-Pawe\u0142-II-Papie\u017c.mp3\"><img loading=\"lazy\" decoding=\"async\" class=\"size-medium wp-image-2020 alignright\" src=\"https:\/\/htb.com.pl\/wp-content\/uploads\/2018\/04\/posluchaj-300x280.jpg\" alt=\"\" width=\"300\" height=\"280\" srcset=\"https:\/\/htb.com.pl\/wp-content\/uploads\/2018\/04\/posluchaj-300x280.jpg 300w, https:\/\/htb.com.pl\/wp-content\/uploads\/2018\/04\/posluchaj-768x716.jpg 768w, https:\/\/htb.com.pl\/wp-content\/uploads\/2018\/04\/posluchaj-1024x955.jpg 1024w, https:\/\/htb.com.pl\/wp-content\/uploads\/2018\/04\/posluchaj-600x560.jpg 600w, https:\/\/htb.com.pl\/wp-content\/uploads\/2018\/04\/posluchaj.jpg 1158w\" sizes=\"auto, (max-width: 300px) 100vw, 300px\" \/><\/a><img loading=\"lazy\" decoding=\"async\" class=\"alignnone size-full wp-image-145\" src=\"http:\/\/htb.com.pl\/wp-content\/uploads\/2018\/04\/Papie\u017c.jpg\" alt=\"\" width=\"274\" height=\"184\" \/><\/span><\/abbr><\/span><\/p>\n<div id=\"u_0_14\" class=\"_6a _43_1 _4f-9 _nws _21p0 _fol\"><\/div>\n<\/div>\n<\/div>\n<\/div>\n<\/div>\n<\/div>\n<\/div>\n<\/div>\n<\/div>\n<div class=\"_5pbx userContent _3576\" data-ft=\"{&quot;tn&quot;:&quot;K&quot;}\">Rok 1978 po\u0142owa pa\u017adziernika, trwa konklawe. Ja jestem uczniem Technikum Przemys\u0142u Drzewnego w Zwierzy\u0144cu nad Wieprzem.<\/div>\n<div class=\"_5pbx userContent _3576\" data-ft=\"{&quot;tn&quot;:&quot;K&quot;}\"><img loading=\"lazy\" decoding=\"async\" class=\"size-full wp-image-167 alignleft\" src=\"http:\/\/htb.com.pl\/wp-content\/uploads\/2018\/04\/tpd.jpg\" alt=\"\" width=\"256\" height=\"192\" \/><\/div>\n<div class=\"_5pbx userContent _3576\" data-ft=\"{&quot;tn&quot;:&quot;K&quot;}\">Szko\u0142a mie\u015bci si\u0119 w pa\u0142acyku Zamojskich, to ca\u0142y kompleks budynk\u00f3w. Jest dzie\u0144 15 pa\u017adziernika 1978 roku godzina 19;20. W\u0142a\u015bnie jest przerwa w nauce w\u0142asnej, ta przerwa to kolacja, zawsze o dziewi\u0119tnastej. Po kolacji wszed\u0142em do budynku g\u0142\u00f3wnego, s\u0142ucham dyskusji starszych ch\u0142opak\u00f3w, rozmawiaj\u0105 o wyborze Papie\u017ca. Stwierdzaj\u0105, \u017ce wygra W\u0142och. Jeden z nich pami\u0119tam, \u017ce nazywa\u0142 si\u0119 Wyszy\u0144ski i by\u0142 z Warszawy, m\u00f3wi &#8220;czemu W\u0142och, Polak ma du\u017ce szanse&#8221;. Nast\u0119pny dzie\u0144, \u015bniadanie, godzina si\u00f3dma, potem do ko\u015bci\u00f3\u0142ka na wodzie, to taki nasz internacki zwyczaj.<\/div>\n<div class=\"_5pbx userContent _3576\" data-ft=\"{&quot;tn&quot;:&quot;K&quot;}\"><img loading=\"lazy\" decoding=\"async\" class=\"size-full wp-image-165 alignright\" src=\"http:\/\/htb.com.pl\/wp-content\/uploads\/2018\/04\/zwierzyniec.jpg\" alt=\"\" width=\"141\" height=\"106\" \/><\/div>\n<div class=\"_5pbx userContent _3576\" data-ft=\"{&quot;tn&quot;:&quot;K&quot;}\">Kr\u00f3tka modlitwa, \u017ceby nie dosta\u0107 dw\u00f3i, ja dodaj\u0119 jeszcze pro\u015bb\u0119 \u017ceby na kolacje by\u0142a duszona cebula, kt\u00f3r\u0105 bardzo lubi\u0119. Ko\u0144cz\u0119 modlitw\u0119, ko\u0144czy si\u0119 te\u017c msza poranna, zostaj\u0119 na b\u0142ogos\u0142awie\u0144stwo. Organista Pan Jan, m\u0105\u017c Pani z biura naszej szko\u0142y, \u015bpiewa pie\u015b\u0144 <a href=\"https:\/\/www.youtube.com\/watch?v=O1eWt3V_Sgw&amp;feature=share\">&#8220;Powr\u00f3t Syna&#8221;<\/a>. Znam Pana Jana, to s\u0105siad, organist\u00f3wka, sala katechetyczna i plebania te\u017c nale\u017c\u0105 do kompleksu pa\u0142acyku Zamojskich. Uwielbiam t\u0105 pie\u015b\u0144, a Pan Jan naprawd\u0119 \u015bpiewa\u0142 pi\u0119knie. Pomy\u015bla\u0142em wtedy, Panie Bo\u017ce, gdyby tak Polak zosta\u0142 Papie\u017cem, wielu takich syn\u00f3w wr\u00f3ci\u0142o by do Ciebie. Ukl\u0119kn\u0105\u0142em i prawie na g\u0142os powiedzia\u0142em, Bo\u017ce jak Polak zostanie Papie\u017cem, ju\u017c nigdy o nic Ci\u0119 nie poprosz\u0119.(nie dotrzyma\u0142em s\u0142owa. 23.11.2015 w Kaplicy Klasztoru Ojc\u00f3w <img loading=\"lazy\" decoding=\"async\" class=\"size-medium wp-image-2748 alignleft\" src=\"https:\/\/htb.com.pl\/wp-content\/uploads\/2018\/04\/FB_IMG_15453200474788834-300x225.jpg\" alt=\"\" width=\"300\" height=\"225\" srcset=\"https:\/\/htb.com.pl\/wp-content\/uploads\/2018\/04\/FB_IMG_15453200474788834-300x225.jpg 300w, https:\/\/htb.com.pl\/wp-content\/uploads\/2018\/04\/FB_IMG_15453200474788834.jpg 480w\" sizes=\"auto, (max-width: 300px) 100vw, 300px\" \/>Bonifratr\u00f3w w Iwoniczu, mia\u0142em pro\u015bb\u0119, B\u00f3g j\u0105 spe\u0142ni\u0142). Dw\u00f3i 16 pa\u017adziernika\u00a0 1978 roku nie dosta\u0142em, kolacja no i cebula! Zjad\u0142em szybko i poszed\u0142em zapyta\u0107 Pani\u0105 kuchark\u0119, czy mog\u0119 wyskroba\u0107 patelni\u0119, zgodzi\u0142a si\u0119. Zaczynam wyjada\u0107 resztki cebuli i pytam o konklawe. Papie\u017cem zosta\u0142 Polak, m\u00f3wi Pani kucharka. Patrz\u0119 w okno kuchni, wida\u0107 ko\u015bci\u00f3\u0142ek na wodzie, \u015bwieci si\u0119 \u015bwiat\u0142o, wychodz\u0119. Pani krzyczy, a kto umyje patelni\u0119.<br \/>\nPontyfikat Jana Paw\u0142a II to czasy wielkich zmian w Polsce i na \u015bwiecie. Papie\u017c pami\u0119ta\u0142 czas wojny i wiedzia\u0142 jakie to z\u0142o, a wojna domowa to z\u0142o najwi\u0119ksze. 2-10 czerwca 1979 roku pierwsza pielgrzymka Jana Paw\u0142a II do Polski. Papie\u017c przyj\u0105 zaproszenie Edwarda Gierka. Wiedzia\u0142, \u017ce ten &#8220;postawi\u0142&#8221; si\u0119 Bre\u017cniewowi w kwestii tej pielgrzymki i szanowa\u0142 go za to, \u017ce nigdy nie pozwoli\u0142 strzela\u0107 do robotnik\u00f3w.<br \/>\nKolejna pielgrzymka to 16-23 czerwca 1983 rok.<\/div>\n<div data-ft=\"{&quot;tn&quot;:&quot;K&quot;}\"><\/div>\n<div data-ft=\"{&quot;tn&quot;:&quot;K&quot;}\"><img loading=\"lazy\" decoding=\"async\" class=\"alignnone size-medium wp-image-28310\" src=\"https:\/\/htb.com.pl\/wp-content\/uploads\/2018\/04\/III-Pielgrzymka-JP-II-228x300.jpg\" alt=\"\" width=\"228\" height=\"300\" srcset=\"https:\/\/htb.com.pl\/wp-content\/uploads\/2018\/04\/III-Pielgrzymka-JP-II-228x300.jpg 228w, https:\/\/htb.com.pl\/wp-content\/uploads\/2018\/04\/III-Pielgrzymka-JP-II.jpg 400w\" sizes=\"auto, (max-width: 228px) 100vw, 228px\" \/><\/div>\n<div data-ft=\"{&quot;tn&quot;:&quot;K&quot;}\"><em>Plakat promuj\u0105cy t\u0105 pielgrzymk\u0119<\/em><\/div>\n<div class=\"_5pbx userContent _3576\" data-ft=\"{&quot;tn&quot;:&quot;K&quot;}\">Zapami\u0119ta\u0142em jak podczas po\u017cegnania na lotnisku Papie\u017c i Genera\u0142 Wojciech Jaruzelski weszli do saloniku VIP. Spotkanie odbywa\u0142o si\u0119 bez kamer. Mog\u0119 si\u0119 tylko domy\u015bla\u0107 co Jan Pawe\u0142 II \u201erozkaza\u0142\u201d Genera\u0142owi, (&#8220;Panie Wojtku Konstytucja z tr\u00f3jpodzia\u0142em w\u0142adzy, gospodarka rynkowa i ma to by\u0107 bez ofiar &#8211; zrozumiano?&#8221;) bo ten wypad\u0142 z saloniku, wsiad\u0142 do samochodu i musia\u0142 strasznie wrzasn\u0105\u0107 na kierowc\u0119 bo ten odjecha\u0142 z piskiem opon. Co\u015b si\u0119 jednak w kraju zmieni\u0142o. Genera\u0142 realizowa\u0142 polecenia Papie\u017ca. Musia\u0142 to robi\u0107 dobrze bo:<br \/>\n1. Papie\u017c nie pozwoli\u0142 nazywa\u0107 Genera\u0142a pacho\u0142kiem Rosji na spotkaniu z polskimi Biskupami w Watykanie.<br \/>\n2. Spotka\u0142 si\u0119 potem z Genera\u0142em osiem razy i zawsze d\u0142ugo rozmawiali.<br \/>\n3. W 1991 roku podczas czwartej pielgrzymki do polski Karol Wojty\u0142a zmieni\u0142 harmonogram wizyty i spotka\u0142 si\u0119 prywatnie z Jaruzelskim, a kilka dni p\u00f3\u017aniej za\u017c\u0105da\u0142 zaproszenia Genera\u0142a na uroczyste posiedzenia Sejmu RP, jako go\u015bcia honorowego.<br \/>\n4. Genera\u0142 Wojciech Jaruzelski, by\u0142 \u015bwiadkiem w procesie beatyfikacyjnym Jana Paw\u0142a II. Jeszcze tylko Aleksander Kwa\u015bniewski z polskich polityk\u00f3w dost\u0105pi\u0142 tego zaszczytu.<br \/>\nW procesie beatyfikacyjnym jest adwokat diab\u0142a. Stara si\u0119 on wykaza\u0107 brak cech \u015bwi\u0119to\u015bci u kandydata na \u015bwi\u0119tego. My\u015bl\u0119, \u017ce z grona dzisiejszych naszych \u201eelit\u201d ten w\u0142a\u015bnie adwokat diab\u0142a m\u00f3g\u0142by powo\u0142a\u0107 wielu, bardzo wielu \u015bwiadk\u00f3w.Z pielgrzymki w roku 1991 zapami\u0119ta\u0142em nauk\u0119 o murach. O tym kt\u00f3ry run\u0105 i tym kt\u00f3ry ten runi\u0119ty ods\u0142oni\u0142. Mur w naszych sercach. Aleksander Kwa\u015bniewski dobrze sobie wzi\u0105\u0142 do serca obalanie tego muru z naszych serc. Doceni\u0142 to Papie\u017c podczas pielgrzymki 1999 roku. Podczas po\u017cegnania na lotnisku kandydat na Prezydenta RP Marian Krzaklewski rywal w tych wyborach Aleksandra Kwa\u015bniewskiego, z\u0142apa\u0142 Papie\u017ca za nogi. (dobrze si\u0119 sko\u0144czy\u0142o Wojty\u0142a siedzia\u0142) Potem jak Papie\u017c jecha\u0142 po lotnisku mekexem, zobaczy\u0142 Par\u0119 Prezydenck\u0105, Jolant\u0119 i Aleksandra Kwa\u015bniewskich. Zaprosi\u0142 ich do melexa, kabina ma\u0142a, jak ten Kwa\u015bniewski tam wlaz\u0142, ale wlaz\u0142 i Prezydentem na druga kadencje zosta\u0142.<br \/>\nMy\u015bl\u0119 jednak, \u017ce zawi\u00f3d\u0142 Papie\u017ca. 20 marca 2003 roku Polska bra\u0142a udzia\u0142 w ataku na Irak. Papie\u017c cho\u0107 zchorowany to grzmia\u0142, pot\u0119pia\u0142 ale nikt go nie s\u0142ucha\u0142. Zdestabilizowa\u0142o to sytuacj\u0119 w ca\u0142ej Afryce P\u00f3\u0142nocnej. Teraz mamy uchod\u017ac\u00f3w. Prosz\u0119 wi\u0119c nie m\u00f3wi\u0107 , \u017ce to nie nasza sprawa. Trzeba by\u0142o Papie\u017ca s\u0142ucha\u0107, a nie podziwia\u0107 bohaterstwo Genera\u0142a Polko i Jednostki Grom. W tej kolejno\u015bci pisze, bo ironicznie pisz\u0119. Prosz\u0119 o wybaczenie \u017bo\u0142nierzy je\u017celi poczuli si\u0119 ura\u017ceni, nie to by\u0142o moj\u0105 intencj\u0105. Kolejny raz chc\u0119 pokaza\u0107 g\u0142upot\u0119 polityk\u00f3w.<br \/>\nPapie\u017c Jan Pawe\u0142 Ii zmar\u0142 2 kwietnia 2005 roku. Nie ma genera\u0142a MacArthura, nie ma Jana Paw\u0142a II, zmar\u0142a moja Mama. Dla mnie, a jestem katolikiem rzymskim nasta\u0142 czas beznadziei. Dwa kolejne posty z cyklu &#8220;DATY I FAKTY&#8221; B\u0119d\u0105 o duchownych, kt\u00f3rzy t\u0105 nadziej\u0119 przywracaj\u0105. Za tydzie\u0144 Biskup Tadeusz Pieronek.<br \/>\nPrzeczyta\u0142em to co napisa\u0142em i przysz\u0142o mi do g\u0142owy, \u017ce warto by ustanowi\u0107 &#8220;Order Budowniczych Muru w Naszych Sercach&#8221;. Jest naprawd\u0119 wielu wybitnych budowniczych tego muru. Mo\u017ce warto ich jako\u015b &#8220;doceni\u0107&#8221;.<\/div>\n","protected":false},"excerpt":{"rendered":"<p>Rok 1978 po\u0142owa pa\u017adziernika, trwa konklawe. Ja jestem uczniem Technikum Przemys\u0142u Drzewnego w Zwierzy\u0144cu nad Wieprzem. Szko\u0142a mie\u015bci si\u0119 w pa\u0142acyku Zamojskich, to ca\u0142y kompleks budynk\u00f3w. Jest dzie\u0144 15 pa\u017adziernika 1978 roku godzina 19;20. W\u0142a\u015bnie jest przerwa w nauce w\u0142asnej, ta przerwa to kolacja, zawsze o dziewi\u0119tnastej. Po kolacji wszed\u0142em do budynku g\u0142\u00f3wnego, s\u0142ucham dyskusji [&hellip;]<\/p>\n","protected":false},"author":1,"featured_media":145,"comment_status":"open","ping_status":"open","sticky":false,"template":"","format":"standard","meta":{"_jetpack_memberships_contains_paid_content":false,"footnotes":""},"categories":[4],"tags":[],"class_list":["post-143","post","type-post","status-publish","format-standard","has-post-thumbnail","hentry","category-daty-i-fakty-blog"],"jetpack_sharing_enabled":true,"jetpack_featured_media_url":"https:\/\/htb.com.pl\/wp-content\/uploads\/2018\/04\/Papie\u017c.jpg","_links":{"self":[{"href":"https:\/\/htb.com.pl\/index.php?rest_route=\/wp\/v2\/posts\/143","targetHints":{"allow":["GET"]}}],"collection":[{"href":"https:\/\/htb.com.pl\/index.php?rest_route=\/wp\/v2\/posts"}],"about":[{"href":"https:\/\/htb.com.pl\/index.php?rest_route=\/wp\/v2\/types\/post"}],"author":[{"embeddable":true,"href":"https:\/\/htb.com.pl\/index.php?rest_route=\/wp\/v2\/users\/1"}],"replies":[{"embeddable":true,"href":"https:\/\/htb.com.pl\/index.php?rest_route=%2Fwp%2Fv2%2Fcomments&post=143"}],"version-history":[{"count":21,"href":"https:\/\/htb.com.pl\/index.php?rest_route=\/wp\/v2\/posts\/143\/revisions"}],"predecessor-version":[{"id":28313,"href":"https:\/\/htb.com.pl\/index.php?rest_route=\/wp\/v2\/posts\/143\/revisions\/28313"}],"wp:featuredmedia":[{"embeddable":true,"href":"https:\/\/htb.com.pl\/index.php?rest_route=\/wp\/v2\/media\/145"}],"wp:attachment":[{"href":"https:\/\/htb.com.pl\/index.php?rest_route=%2Fwp%2Fv2%2Fmedia&parent=143"}],"wp:term":[{"taxonomy":"category","embeddable":true,"href":"https:\/\/htb.com.pl\/index.php?rest_route=%2Fwp%2Fv2%2Fcategories&post=143"},{"taxonomy":"post_tag","embeddable":true,"href":"https:\/\/htb.com.pl\/index.php?rest_route=%2Fwp%2Fv2%2Ftags&post=143"}],"curies":[{"name":"wp","href":"https:\/\/api.w.org\/{rel}","templated":true}]}}