{"id":148,"date":"2018-04-22T07:46:54","date_gmt":"2018-04-22T07:46:54","guid":{"rendered":"http:\/\/htb.com.pl\/?p=148"},"modified":"2018-12-06T07:44:33","modified_gmt":"2018-12-06T07:44:33","slug":"biskup-tadeusz-pieronek","status":"publish","type":"post","link":"https:\/\/htb.com.pl\/?p=148","title":{"rendered":"Biskup Tadeusz Pieronek"},"content":{"rendered":"<div class=\"p_18_fpesjyd e_18_fpewi1u clearfix\">\n<div class=\"clearfix v_18_fpesitm\">\n<div class=\"clearfix _42ef\">\n<div class=\"c_18_fpesitl\">\n<div>\n<div class=\"_6a _5u5j\">\n<div class=\"_6a _5u5j _6b\">\n<h5 class=\"_14f3 _14f5 _5pbw _5vra\" data-ft=\"{&quot;tn&quot;:&quot;C&quot;}\"><span class=\"fwn fcg\"><span class=\"fwb fcg\" data-ft=\"{&quot;tn&quot;:&quot;;&quot;}\">\u00a0<\/span><\/span><\/h5>\n<div id=\"feed_subtitle_100001376195691;1502352143153978;;9\" class=\"_5pcp _5lel _2jyu _232_\"><span class=\"fsm fwn fcg\"><a class=\"_5pcq\" href=\"https:\/\/www.facebook.com\/photo.php?fbid=1502351456487380&amp;set=a.927473640641834.1073741828.100001376195691&amp;type=3\" target=\"\" rel=\"theater\"><abbr class=\"_5ptz\" title=\"28.10.2017 08:45\" data-utime=\"1509173105\" data-shorten=\"1\"><span class=\"timestampContent\">28 pa\u017adziernika 2017<\/span><\/abbr><\/a>\u00a0<\/span><\/div>\n<div class=\"_5pcp _5lel _2jyu _232_\">\n<div id=\"u_0_15\" class=\"_6a _43_1 _4f-9 _nws _21p0 _fol\"><img loading=\"lazy\" decoding=\"async\" class=\"alignnone size-medium wp-image-149\" src=\"http:\/\/htb.com.pl\/wp-content\/uploads\/2018\/04\/sas-300x200.jpg\" alt=\"\" width=\"300\" height=\"200\" srcset=\"https:\/\/htb.com.pl\/wp-content\/uploads\/2018\/04\/sas-300x200.jpg 300w, https:\/\/htb.com.pl\/wp-content\/uploads\/2018\/04\/sas-600x400.jpg 600w, https:\/\/htb.com.pl\/wp-content\/uploads\/2018\/04\/sas-768x512.jpg 768w, https:\/\/htb.com.pl\/wp-content\/uploads\/2018\/04\/sas-1024x682.jpg 1024w, https:\/\/htb.com.pl\/wp-content\/uploads\/2018\/04\/sas.jpg 1600w\" sizes=\"auto, (max-width: 300px) 100vw, 300px\" \/><a href=\"https:\/\/htb.com.pl\/wp-content\/uploads\/2018\/05\/Biskup-Tadeusz-Pieronek.mp3\"><img loading=\"lazy\" decoding=\"async\" class=\"size-medium wp-image-2020 alignright\" src=\"https:\/\/htb.com.pl\/wp-content\/uploads\/2018\/04\/posluchaj-300x280.jpg\" alt=\"\" width=\"300\" height=\"280\" srcset=\"https:\/\/htb.com.pl\/wp-content\/uploads\/2018\/04\/posluchaj-300x280.jpg 300w, https:\/\/htb.com.pl\/wp-content\/uploads\/2018\/04\/posluchaj-768x716.jpg 768w, https:\/\/htb.com.pl\/wp-content\/uploads\/2018\/04\/posluchaj-1024x955.jpg 1024w, https:\/\/htb.com.pl\/wp-content\/uploads\/2018\/04\/posluchaj-600x560.jpg 600w, https:\/\/htb.com.pl\/wp-content\/uploads\/2018\/04\/posluchaj.jpg 1158w\" sizes=\"auto, (max-width: 300px) 100vw, 300px\" \/><\/a><\/div>\n<\/div>\n<\/div>\n<\/div>\n<\/div>\n<\/div>\n<\/div>\n<\/div>\n<\/div>\n<div class=\"_5pbx userContent _3576\" data-ft=\"{&quot;tn&quot;:&quot;K&quot;}\">Obieca\u0142em napisa\u0107 o tym wybitnym moim zdaniem cz\u0142owieku w poprzednim po\u015bcie. Napisz\u0119, b\u0119dzie pod koniec. Napisa\u0142em te\u017c, \u017ce jestem katolikiem rzymskim. W takiej Rodzinie si\u0119 wychowa\u0142em, ale nie zawsze tak by\u0142o. Jako dziecko mia\u0142em w\u0105tpliwo\u015bci \u2013 piek\u0142o, niebo &#8211; eee\u2026 Mia\u0142em kole\u017cank\u0119, by\u0142a du\u017co m\u0142odsza ale strasznie m\u0105dra, jak chodzi\u0142em do czwartej klasy, ona chodzi\u0142a do pierwszej, t\u0105 sam\u0105 drog\u0105 co ja. Potem nasze drogi na wiele, wiele lat rozesz\u0142y si\u0119. \u017ba\u0142owa\u0142em wtedy, \u017ce jej nie zapyta\u0142em, jak to jest ,\u017ce jest taka m\u0105dra. Zrobi\u0142em to niedawno, nawet si\u0119 boj\u0119 liczy\u0107 po ilu latach. Okaza\u0142o si\u0119, \u017ce czyta\u0142a \u201eTrybun\u0119 Ludu\u201d. Ja w tamtym czasie, te\u017c u\u017cywa\u0142em tej gazety, ale w zupe\u0142nie innym celu. By\u0142a poci\u0119ta na paski. Nasza droga do szko\u0142y bieg\u0142a ko\u0142o ko\u015bcio\u0142a. Kiedy\u015b wyja\u015bnia\u0142a mi, czemu niebo jest niebieskie. S\u0142ucha\u0142em z otwart\u0105, g\u0119b\u0105. Musia\u0142o to by\u0107 ciekawe, bo z za p\u0142otu s\u0142ucha\u0142 te\u017c m\u0142ody ksi\u0105dz. S\u0142ucha\u0142, cho\u0107 powinien si\u0119 uczy\u0107 kazania na pami\u0119\u0107. Zapami\u0119ta\u0142em, \u017ce powietrze rozprasza \u015bwiat\u0142o s\u0142oneczne na kolory t\u0119czy, a kolor niebieski ma najkr\u00f3tsz\u0105 fal\u0119 i dlatego go widzimy. Wtedy to rozumia\u0142em, dzi\u015b \u015brednio. No to nieba nie ma, wykrzykn\u0105\u0142em. Piek\u0142a te\u017c, powiedzia\u0142a kole\u017canka, wyk\u0142ad o budowie ziemi zrobi\u0142a mi dzie\u0144 wcze\u015bniej. Ksi\u0119dzu za p\u0142otem opad\u0142y r\u0119ce. Za kilka dni, w sali katechetycznej by\u0142a religia. Jakie\u017c by\u0142o moje zdziwienie jak zobaczy\u0142em ksi\u0119dza podgl\u0105dacza. S\u0142owa jakie wtedy powiedzia\u0142 zapami\u0119ta\u0142em do dzi\u015b. Powiedzia\u0142, niebo, piek\u0142o, niekt\u00f3re dogmaty, s\u0105 po to, \u017ceby g\u0142\u0119bokie prawdy filozoficzne wyja\u015bni\u0107 prostym ludziom. Bo tylko tak mog\u0105 je zrozumie\u0107, bo tylko tak mog\u0105 si\u0119 r\u00f3\u017cni\u0107 od innych istot \u017cyj\u0105cych na ziemi. Dlatego wiara nie koliduje z pogl\u0105dem naukowym na stworzenie \u015bwiata. Ja na przyk\u0142ad, m\u00f3wi\u0142 ksi\u0105dz podgl\u0105dacz, uznaj\u0119 teori\u0119 wielkiego wybuchu. Wiedzia\u0142em o tej teorii wszystko, dzie\u0144 wcze\u015bniej moja kole\u017canka wyja\u015bnia\u0142a mi j\u0105. To nie m\u00f3g\u0142 by\u0107 przypadek. Przesta\u0142em mie\u0107 jakiekolwiek w\u0105tpliwo\u015bci odno\u015bnie mojej wiary. Dzi\u015b wiem, \u017ce najprawdopodobniej i ksi\u0105dz i moja kole\u017canka, czytali t\u0105 sam\u0105 gazet\u0119. Ksi\u0105dz m\u00f3wi\u0142 jeszcze d\u0142ugo, wiedzia\u0142em, \u017ce m\u00f3wi do mnie. Po lekcji zapyta\u0142 mnie, gdzie jest ta dziewczynka co ze mn\u0105 sz\u0142a. Powiedzia\u0142em, \u017ce chodzi do m\u0142odszej klasy. Poprosi\u0142, \u017cebym jej powt\u00f3rzy\u0142 co tu us\u0142ysza\u0142em. Powiedzia\u0142em, prosz\u0119 ksi\u0119dza, Ona to wie, wie na pewno, Ona wszystko wie.<br \/>\nPotem w moim doros\u0142ym \u017cyciu, B\u00f3g postawi\u0142 na mojej drodzei o\u0142tarz, ten na zdj\u0119ciu. O\u0142tarz w mojej parafii, Parafii Ducha \u015awi\u0119tego w Mielcu. Ile razy patrz\u0119 na ten o\u0142tarz, przypomina mi si\u0119 wyk\u0142ad kole\u017canki o wielkim wybuchu i ksi\u0105dz podgl\u0105dacz.By\u0142 rok 1974, wakacje, nie ma szko\u0142y, nie ma jak spotka\u0107 mojej kole\u017canki. Nie by\u0142o Internetu, telefon\u00f3w kom\u00f3rkowych. Wymy\u015bli\u0142em, \u017ce zrobi\u0119 telefon na fale radiowe, tak\u0105 kom\u00f3rk\u0119. Dam kole\u017cance i ju\u017c zawsze b\u0119dziemy mogli rozmawia\u0107. Bardzo lubi\u0142em jej s\u0142ucha\u0107. Najpierw znalaz\u0142em kij, potem przyczepi\u0142em do niego drut, i mia\u0142em anten\u0119. Zdoby\u0142em s\u0142uchawk\u0119 i diod\u0119 p\u00f3\u0142przewodnikow\u0105, szuka\u0142em mikrofonu. Kt\u00f3rego\u015b dnia odkry\u0142em, \u017ce jak kij wbij\u0119 w ziemi\u0119, na \u015brodek druta wepn\u0119 diod\u0119, a w miejsce po\u0142\u0105cze\u0144 diody wepn\u0119 s\u0142uchawk\u0119, to w s\u0142uchawce s\u0142ysz\u0119 program pierwszy polskiego radia. Gra\u0142o bez baterii. Poszed\u0142em pod dom mojej kole\u017canki i czeka\u0142em a\u017c wyjdzie. D\u0142ugo czeka\u0142em, teraz wiem dlaczego. Trybuna Ludu to gruba gazeta by\u0142a. Gdy wreszcie wysz\u0142a, pochwali\u0142em si\u0119 moim wynalazkiem. Zrobi\u0142e\u015b radio detektorowe powiedzia\u0142a. Dzia\u0142a bo 30 lipca 1974 roku uruchomiono w Polsce maszt radiowy. Jest to najwy\u017csza na \u015bwiecie budowla wzniesiona przez cz\u0142owieka. Ma 664 metry i 38 centymetr\u00f3w. Co\u015b tam jeszcze o pieczarkach pogadali\u015bmy i pomy\u015bla\u0142em tak. Skoro Ona wszystko wie, to wie i to, \u017ce ja tu stercz\u0119. Wi\u0119c jak nie wychodzi, to znaczy, \u017ce nie chce ze mn\u0105 gada\u0107. \u201eKosz\u201d To by\u0142a pierwsza mi\u0142o\u015b\u0107, teraz to wiem, wtedy nie zdawa\u0142em sobie z tego sprawy. By\u0142em naprawd\u0119 w\u015bciek\u0142y. Przypomnia\u0142a mi si\u0119 religia i ksi\u0105dz podgl\u0105dacz. Cz\u0142owiek r\u00f3\u017cni si\u0119 od innych istot \u017cyj\u0105cych na ziemi, bo ma wiar\u0119, bo potrafi wybacza\u0107. Noo \u2013 mo\u017ce, to czego na \u015bwiecie jest tyle z\u0142a. Ludzie grzesz\u0105, powie kto\u015b. Ksi\u0105dz m\u00f3wi, \u017ce B\u00f3g jest mi\u0142osierny, to grzesz\u0105. Ja bym w to Bo\u017ce mi\u0142osierdzie tak mocno nie wierzy\u0142. Kiedy\u015b w szkole \u015bredniej omawiali\u015bmy powie\u015b\u0107 \u201eKonopielka\u201d. By\u0142o to w kontek\u015bcie martyrologii Narodu Polskiego podczas II Wojny \u015awiatowej. Jest tam taki fragment, gdzie bohaterowie rozmawiaj\u0105 o \u0142amaniu Boskich przykaza\u0144. Jeden z tych bohater\u00f3w, najstarszy, pyta \u201ea gdzie by\u0142 B\u00f3g\u201d? Akurat patrzy\u0142em w okno, co nie spodoba\u0142o si\u0119 polonistce i pyta, Chmura, gdzie by\u0142 B\u00f3g!? Na tronie, odpowiadam. Widz\u0105c w\u015bciek\u0142o\u015b\u0107 w oczach Pani polonistki, bardzo \u0142agodnie, cho\u0107 stanowczo m\u00f3wi\u0119. B\u00f3g ukara\u0142 ludzi za ich g\u0142upot\u0119. Hitler w\u0142adz\u0119 zdoby\u0142 demokratycznie, doda\u0142em. Tego dnia uratowa\u0142 mnie dzwonek. Pozosta\u0142a niepewno\u015b\u0107. Co b\u0119dzie na nast\u0119pnym \u201ePolskim\u201d. Podobn\u0105 niepewno\u015b\u0107 mam dzi\u015b. Co si\u0119 jeszcze musi sta\u0107. Jakie powodzie, katastrofy , huragany, \u017ceby ludzie si\u0119 opami\u0119tali.<br \/>\nDlatego szanuj\u0119 Biskupa Tadeusza Pieronka. On nazywa rzeczy po imieniu. Nie m\u00f3wi jak powinno by\u0107, m\u00f3wi jak jest, co jest \u017ale i co trzeba robi\u0107 \u017ceby by\u0142o lepiej. Nikt go nie s\u0142ucha, a to \u201eucze\u0144\u201d Papie\u017ca jest, \u015awi\u0119tego Jana Paw\u0142a II! Dlaczego ucze\u0144, bo zrozumia\u0142 jego nauczanie. Kto\u015b powie, jest profesorem nadzwyczajnym nauk prawnych, to zrozumia\u0142. Tak, zawsze lepiej udawa\u0107 g\u0142upszego ni\u017c si\u0119 jest, to wygodne. Ja nie mam pretensji do ludzi kt\u00f3rzy o Trybunale Konstytucyjnym, czy samej Konstytucji nigdy nie s\u0142yszeli, a wypowiadaj\u0105 si\u0119 w tych kwestiach, ich prawo. Mam pretensje do absolwent\u00f3w wy\u017cszych uczelni, czasem prawniczych , \u017ce gadaj\u0105 takie g\u0142upoty. Wiem ,\u017ce ludzie Ci nie przeczytaj\u0105 tego tekstu. Co tam jakie\u015b pierdo\u0142y stary dziad wypisuje, \u201espieprzaj dziadu\u201d. \u017ce zacytuj\u0119. Kochani \u2013 pomodl\u0119 si\u0119, \u017ceby B\u00f3g Was natchn\u0105\u0142, \u017ceby\u015bcie zacz\u0119li robi\u0107 dobrze, bo Wy wiecie jak robi\u0107 dobrze. Nie chc\u0119 \u017ceby B\u00f3g dawa\u0142 Wam kolejne znaki. Udajecie bowiem, \u017ce ich nie widzicie, a ludzie cierpi\u0105.<br \/>\nZa Tydzie\u0144 Arcybiskup Wojciech Polak Prymas Polski<\/div>\n","protected":false},"excerpt":{"rendered":"<p>\u00a0 28 pa\u017adziernika 2017\u00a0 Obieca\u0142em napisa\u0107 o tym wybitnym moim zdaniem cz\u0142owieku w poprzednim po\u015bcie. Napisz\u0119, b\u0119dzie pod koniec. Napisa\u0142em te\u017c, \u017ce jestem katolikiem rzymskim. W takiej Rodzinie si\u0119 wychowa\u0142em, ale nie zawsze tak by\u0142o. Jako dziecko mia\u0142em w\u0105tpliwo\u015bci \u2013 piek\u0142o, niebo &#8211; eee\u2026 Mia\u0142em kole\u017cank\u0119, by\u0142a du\u017co m\u0142odsza ale strasznie m\u0105dra, jak chodzi\u0142em do [&hellip;]<\/p>\n","protected":false},"author":1,"featured_media":0,"comment_status":"open","ping_status":"open","sticky":false,"template":"","format":"standard","meta":{"_jetpack_memberships_contains_paid_content":false,"footnotes":""},"categories":[4],"tags":[],"class_list":["post-148","post","type-post","status-publish","format-standard","hentry","category-daty-i-fakty-blog"],"jetpack_sharing_enabled":true,"jetpack_featured_media_url":"","_links":{"self":[{"href":"https:\/\/htb.com.pl\/index.php?rest_route=\/wp\/v2\/posts\/148","targetHints":{"allow":["GET"]}}],"collection":[{"href":"https:\/\/htb.com.pl\/index.php?rest_route=\/wp\/v2\/posts"}],"about":[{"href":"https:\/\/htb.com.pl\/index.php?rest_route=\/wp\/v2\/types\/post"}],"author":[{"embeddable":true,"href":"https:\/\/htb.com.pl\/index.php?rest_route=\/wp\/v2\/users\/1"}],"replies":[{"embeddable":true,"href":"https:\/\/htb.com.pl\/index.php?rest_route=%2Fwp%2Fv2%2Fcomments&post=148"}],"version-history":[{"count":4,"href":"https:\/\/htb.com.pl\/index.php?rest_route=\/wp\/v2\/posts\/148\/revisions"}],"predecessor-version":[{"id":2532,"href":"https:\/\/htb.com.pl\/index.php?rest_route=\/wp\/v2\/posts\/148\/revisions\/2532"}],"wp:attachment":[{"href":"https:\/\/htb.com.pl\/index.php?rest_route=%2Fwp%2Fv2%2Fmedia&parent=148"}],"wp:term":[{"taxonomy":"category","embeddable":true,"href":"https:\/\/htb.com.pl\/index.php?rest_route=%2Fwp%2Fv2%2Fcategories&post=148"},{"taxonomy":"post_tag","embeddable":true,"href":"https:\/\/htb.com.pl\/index.php?rest_route=%2Fwp%2Fv2%2Ftags&post=148"}],"curies":[{"name":"wp","href":"https:\/\/api.w.org\/{rel}","templated":true}]}}