{"id":14991,"date":"2019-12-24T09:21:17","date_gmt":"2019-12-24T09:21:17","guid":{"rendered":"https:\/\/htb.com.pl\/?p=14991"},"modified":"2019-12-29T08:59:13","modified_gmt":"2019-12-29T08:59:13","slug":"zmiana-bohatera","status":"publish","type":"post","link":"https:\/\/htb.com.pl\/?p=14991","title":{"rendered":"Zmiana bohatera"},"content":{"rendered":"\n<div class=\"wp-block-group is-layout-flow wp-block-group-is-layout-flow\"><div class=\"wp-block-group__inner-container\"><\/div><\/div>\n\n\n\n<p class=\"has-text-align-left\">Dzi\u015b tw\u00f3j bohater na pomniku stoi,                                                                                                             cho\u0107 wr\u00f3g w granicach on dzi\u015b si\u0119 nie boi.                                                                                        Obie swe d\u0142onie na szabli swej wspiera,                                                                                              Polska umiera, a szabla uwiera.<\/p>\n\n\n\n<figure class=\"wp-block-image size-large\"><img loading=\"lazy\" decoding=\"async\" width=\"768\" height=\"1024\" src=\"https:\/\/htb.com.pl\/wp-content\/uploads\/2019\/12\/Pi\u0142sudskisz-768x1024.jpg\" alt=\"\" class=\"wp-image-14995\" srcset=\"https:\/\/htb.com.pl\/wp-content\/uploads\/2019\/12\/Pi\u0142sudskisz-768x1024.jpg 768w, https:\/\/htb.com.pl\/wp-content\/uploads\/2019\/12\/Pi\u0142sudskisz-225x300.jpg 225w, https:\/\/htb.com.pl\/wp-content\/uploads\/2019\/12\/Pi\u0142sudskisz-1152x1536.jpg 1152w, https:\/\/htb.com.pl\/wp-content\/uploads\/2019\/12\/Pi\u0142sudskisz-600x800.jpg 600w, https:\/\/htb.com.pl\/wp-content\/uploads\/2019\/12\/Pi\u0142sudskisz.jpg 1200w\" sizes=\"auto, (max-width: 768px) 100vw, 768px\" \/><\/figure>\n\n\n\n<p class=\"has-text-align-left\">Obok ten co czci\u0142 twego bohatera, po katastrofie Smole\u0144skiej                                                                                                     z coko\u0142u spoziera.                                                                                                       Jak Napoleon  d\u0142o\u0144 na piersi sk\u0142ada.                                                                                             Wtedy Kongresowego Kr\u00f3lestwa by\u0142a to zag\u0142ada.    <\/p>\n\n\n\n<figure class=\"wp-block-image size-large\"><img loading=\"lazy\" decoding=\"async\" width=\"768\" height=\"1024\" src=\"https:\/\/htb.com.pl\/wp-content\/uploads\/2019\/12\/Kaczy\u0144ski-nap-768x1024.jpg\" alt=\"\" class=\"wp-image-14996\" srcset=\"https:\/\/htb.com.pl\/wp-content\/uploads\/2019\/12\/Kaczy\u0144ski-nap-768x1024.jpg 768w, https:\/\/htb.com.pl\/wp-content\/uploads\/2019\/12\/Kaczy\u0144ski-nap-225x300.jpg 225w, https:\/\/htb.com.pl\/wp-content\/uploads\/2019\/12\/Kaczy\u0144ski-nap-1152x1536.jpg 1152w, https:\/\/htb.com.pl\/wp-content\/uploads\/2019\/12\/Kaczy\u0144ski-nap-1536x2048.jpg 1536w, https:\/\/htb.com.pl\/wp-content\/uploads\/2019\/12\/Kaczy\u0144ski-nap-600x800.jpg 600w, https:\/\/htb.com.pl\/wp-content\/uploads\/2019\/12\/Kaczy\u0144ski-nap-scaled.jpg 1919w\" sizes=\"auto, (max-width: 768px) 100vw, 768px\" \/><\/figure>\n\n\n\n<p class=\"has-text-align-left\">Polska jest dumna &#8211; nikogo si\u0119 nie boi,                                                                                                   cho\u0107 S\u0105downictwo anarchi\u0105 dzi\u015b stoi.                                                                                           Ty patrz krytycznie jak Polska wybiera                                                                                          i dobrze wybierz dla niej bohatera.<\/p>\n\n\n\n<figure class=\"wp-block-image size-large\"><img loading=\"lazy\" decoding=\"async\" width=\"300\" height=\"476\" src=\"https:\/\/htb.com.pl\/wp-content\/uploads\/2019\/11\/Wojciechj.jpg\" alt=\"\" class=\"wp-image-12172\" srcset=\"https:\/\/htb.com.pl\/wp-content\/uploads\/2019\/11\/Wojciechj.jpg 300w, https:\/\/htb.com.pl\/wp-content\/uploads\/2019\/11\/Wojciechj-189x300.jpg 189w\" sizes=\"auto, (max-width: 300px) 100vw, 300px\" \/><\/figure>\n\n\n\n<p class=\"has-text-align-left\">Bo tylko prawda t\u0105 Polsk\u0119 wyzwoli,                                                                                                 z romantycznego letargu, niewoli.                                                                                               Tego co sprawia \u017ce kraj nasz umiera,                                                                                           ratuj Sw\u00f3j Kraj, zmie\u0144 bohatera.                                                                                                                                                                                                                                                                                                                                                                                                                                                                                                                                                                                                                                                                                                                                                                                                                                                                                                                                                                                                                                                                                                                                                                                               <\/p>\n","protected":false},"excerpt":{"rendered":"<p>Dzi\u015b tw\u00f3j bohater na pomniku stoi, cho\u0107 wr\u00f3g w granicach on dzi\u015b si\u0119 nie boi. Obie swe d\u0142onie na szabli swej wspiera, Polska umiera, a szabla uwiera. Obok ten co czci\u0142 twego bohatera, po katastrofie Smole\u0144skiej z coko\u0142u spoziera. Jak Napoleon d\u0142o\u0144 na piersi sk\u0142ada. Wtedy Kongresowego Kr\u00f3lestwa by\u0142a to zag\u0142ada. Polska jest dumna &#8211; [&hellip;]<\/p>\n","protected":false},"author":1,"featured_media":1220,"comment_status":"open","ping_status":"open","sticky":false,"template":"","format":"standard","meta":{"_jetpack_memberships_contains_paid_content":false,"footnotes":""},"categories":[528],"tags":[],"class_list":["post-14991","post","type-post","status-publish","format-standard","has-post-thumbnail","hentry","category-rower"],"jetpack_sharing_enabled":true,"jetpack_featured_media_url":"https:\/\/htb.com.pl\/wp-content\/uploads\/2018\/08\/S\u0105d-N.jpg","_links":{"self":[{"href":"https:\/\/htb.com.pl\/index.php?rest_route=\/wp\/v2\/posts\/14991","targetHints":{"allow":["GET"]}}],"collection":[{"href":"https:\/\/htb.com.pl\/index.php?rest_route=\/wp\/v2\/posts"}],"about":[{"href":"https:\/\/htb.com.pl\/index.php?rest_route=\/wp\/v2\/types\/post"}],"author":[{"embeddable":true,"href":"https:\/\/htb.com.pl\/index.php?rest_route=\/wp\/v2\/users\/1"}],"replies":[{"embeddable":true,"href":"https:\/\/htb.com.pl\/index.php?rest_route=%2Fwp%2Fv2%2Fcomments&post=14991"}],"version-history":[{"count":12,"href":"https:\/\/htb.com.pl\/index.php?rest_route=\/wp\/v2\/posts\/14991\/revisions"}],"predecessor-version":[{"id":15314,"href":"https:\/\/htb.com.pl\/index.php?rest_route=\/wp\/v2\/posts\/14991\/revisions\/15314"}],"wp:featuredmedia":[{"embeddable":true,"href":"https:\/\/htb.com.pl\/index.php?rest_route=\/wp\/v2\/media\/1220"}],"wp:attachment":[{"href":"https:\/\/htb.com.pl\/index.php?rest_route=%2Fwp%2Fv2%2Fmedia&parent=14991"}],"wp:term":[{"taxonomy":"category","embeddable":true,"href":"https:\/\/htb.com.pl\/index.php?rest_route=%2Fwp%2Fv2%2Fcategories&post=14991"},{"taxonomy":"post_tag","embeddable":true,"href":"https:\/\/htb.com.pl\/index.php?rest_route=%2Fwp%2Fv2%2Ftags&post=14991"}],"curies":[{"name":"wp","href":"https:\/\/api.w.org\/{rel}","templated":true}]}}