{"id":15167,"date":"2019-12-28T07:34:42","date_gmt":"2019-12-28T07:34:42","guid":{"rendered":"https:\/\/htb.com.pl\/?p=15167"},"modified":"2019-12-30T06:01:52","modified_gmt":"2019-12-30T06:01:52","slug":"zyczenie-na-2020","status":"publish","type":"post","link":"https:\/\/htb.com.pl\/?p=15167","title":{"rendered":"\u017byczenie na 2020 rok"},"content":{"rendered":"\n<p>Pisz\u0105c mojego bloga staram si\u0119 wple\u015b\u0107 w  dyskurs publiczny narracj\u0119 Marysi. Niezwyk\u0142ej dziewczyny, kt\u00f3r\u0105 mia\u0142em szcz\u0119\u015bcie zna\u0107 i spotyka\u0107 si\u0119 z ni\u0105 przez 14 miesi\u0119cy w latach 1986-7. Marysia walczy\u0142a ze z\u0142em, kt\u00f3re jak twierdzi\u0142a jest na wschodzie i na zachodzie. Z\u0142o nie ma barw partyjnych, narodowych i zawsze wyst\u0119puje w parze z dobrem. Wa\u017cne, aby to dobro wygrywa\u0142o ze z\u0142em. Dzi\u015b nasi politycy z\u0142o widz\u0105 w koledze z konkurencyjnej partii i nie potrafi\u0105 zareagowa\u0107 na prowokacj\u0119 W\u0142adimira Putina, prezydenta Rosji, gdy ten przedwojennego ambasadora Polski w Berlinie  J\u00f3zefa Lipskiego nazywa draniem i antysemick\u0105 \u015bwini\u0105. Chodzi\u0142o o obietnic\u0119 postawienia pomnika Hitlerowi za zag\u0142ad\u0119 \u017byd\u00f3w &#8211; wtedy jeszcze  do Afryki mia\u0142 ich wys\u0142a\u0107. Ale nie tylko w polityce wygrywa z\u0142o. Wierni Ko\u015bcio\u0142a rzymskokatolickiego w znacznej cz\u0119\u015bci zostali zmanipulowani i te\u017c nie odr\u00f3\u017cniaj\u0105 dobra od z\u0142a. To mnie bardzo martwi, bo tak jak Marysia nale\u017c\u0119 to tego Ko\u015bcio\u0142a. Cz\u0119\u015b\u0107 hierarch\u00f3w Matk\u0119 Boga Mari\u0119 Maryj\u0105 nazywa, a dobro z\u0142em. Abp Marek J\u0119draszewski metropolita krakowski ruchy ekologiczne nazywa ;&#8221;Now\u0105 forma totalitaryzmu&#8221;, a Papie\u017c Franciszek przejawem chrze\u015bcija\u0144stwa. Ten dysonans przypomnia\u0142 mi jak byli\u015bmy z Marysia na \u015awi\u0119tej dla Prawos\u0142awia G\u00f3rze Grabarka. <img loading=\"lazy\" decoding=\"async\" width=\"150\" height=\"224\" class=\"wp-image-15176\" style=\"width: 150px;\" src=\"https:\/\/htb.com.pl\/wp-content\/uploads\/2019\/12\/Grab.jpg\" alt=\"\" srcset=\"https:\/\/htb.com.pl\/wp-content\/uploads\/2019\/12\/Grab.jpg 669w, https:\/\/htb.com.pl\/wp-content\/uploads\/2019\/12\/Grab-201x300.jpg 201w, https:\/\/htb.com.pl\/wp-content\/uploads\/2019\/12\/Grab-600x897.jpg 600w\" sizes=\"auto, (max-width: 150px) 100vw, 150px\" \/> Majka uwa\u017ca\u0142a, \u017ce woda z tamtejszego cudownego \u017ar\u00f3de\u0142ka <img loading=\"lazy\" decoding=\"async\" width=\"150\" height=\"187\" class=\"wp-image-15183\" style=\"width: 150px;\" src=\"https:\/\/htb.com.pl\/wp-content\/uploads\/2019\/12\/\u017ar\u00f3de\u0142ko.jpg\" alt=\"\" srcset=\"https:\/\/htb.com.pl\/wp-content\/uploads\/2019\/12\/\u017ar\u00f3de\u0142ko.jpg 945w, https:\/\/htb.com.pl\/wp-content\/uploads\/2019\/12\/\u017ar\u00f3de\u0142ko-240x300.jpg 240w, https:\/\/htb.com.pl\/wp-content\/uploads\/2019\/12\/\u017ar\u00f3de\u0142ko-819x1024.jpg 819w, https:\/\/htb.com.pl\/wp-content\/uploads\/2019\/12\/\u017ar\u00f3de\u0142ko-768x960.jpg 768w, https:\/\/htb.com.pl\/wp-content\/uploads\/2019\/12\/\u017ar\u00f3de\u0142ko-600x750.jpg 600w\" sizes=\"auto, (max-width: 150px) 100vw, 150px\" \/> daje m\u0105dro\u015b\u0107 i cz\u0119stowa\u0142a ni\u0105 swoich adwersarzy. Nie m\u00f3wi\u0142a, \u017ce to na rozum &#8211; nikt by nie wypi\u0142. M\u00f3wi\u0142a, \u017ce ludzie w 1710 roku pij\u0105c t\u0105 wod\u0119 pokonali epidemi\u0119 cholery. Gdy raz pojechali\u015bmy na Grabark\u0119 po wod\u0119, zostali\u015bmy &#8220;zaatakowani&#8221; przez naszych prawos\u0142awnych znajomych z Podlasia &#8211; \u015bmiali si\u0119, \u017ce wierzymy w nieomylno\u015b\u0107 Papie\u017ca.  Marysia wyja\u015bni\u0142a im, \u017ce Jan Pawe\u0142 II jest nieomylny, gdy ka\u017ce kocha\u0107 Boga i Bli\u017aniego jak siebie samego &#8211; i tylko tu. My Chrze\u015bcijanie mamy inny problem, m\u00f3wi\u0142a, wierzymy, \u017ce B\u00f3g kaza\u0142 czyni\u0107 sobie ziemi\u0119 poddan\u0105. Uczyni\u0107 kogo\u015b poddanym &#8211; to z\u0142o. Tu chodzi o to, aby uczyni\u0107 ziemi\u0119 na kt\u00f3rej b\u0119dzie mo\u017cna szcz\u0119\u015bliwie \u017cy\u0107, gdy to zrozumiemy, s\u0142owo poddan\u0105 b\u0119dzie dobre. Zacz\u0119li si\u0119 zastanawia\u0107 &#8211; u\u015bmiech znikn\u0105\u0142 z ich twarzy. Majka pola\u0142a wod\u0119 z Grabarki, wszyscy wypili\u015bmy, w naszych oczach pojawi\u0142y si\u0119 \u0142zy, padli\u015bmy sobie w ramiona. Cud? Jak kto\u015b chce &#8211; wtedy dla mnie nie by\u0142 to cud, ludzie wobec siebie byli \u017cyczliwi. A dzi\u015b? Czym dzi\u015b jest mi\u0142o\u015b\u0107 Bli\u017aniego? Czy dzi\u015b rozumiemy co znaczy czyni\u0107 sobie Ziemi\u0119 poddan\u0105? Gdyby\u015bmy to zrozumieli, by\u0142by to cud.<\/p>\n\n\n\n<p><strong>\u017bycz\u0119 Wam Kochani, aby ten Nowy 2020 rok by\u0142 takim cudownym rokiem, aby\u015bmy na nowo odkryli co jest dobro, a co z\u0142o &#8211; teraz b\u0119dzie to cud.<\/strong><\/p>\n\n\n\n<p>W moim \u017cyciu by\u0142by to ju\u017c drugi cud, ten pierwszy zacz\u0105\u0142 si\u0119 w <a href=\"https:\/\/htb.com.pl\/?p=2793\">Sylwestra 1986 roku<\/a>, a zako\u0144czy\u0142 podpisaniem porozumie\u0144 Okr\u0105g\u0142ego Sto\u0142u <img loading=\"lazy\" decoding=\"async\" width=\"150\" height=\"98\" class=\"wp-image-2709\" style=\"width: 150px;\" src=\"https:\/\/htb.com.pl\/wp-content\/uploads\/2018\/12\/st\u00f3l.jpg\" alt=\"\" srcset=\"https:\/\/htb.com.pl\/wp-content\/uploads\/2018\/12\/st\u00f3l.jpg 640w, https:\/\/htb.com.pl\/wp-content\/uploads\/2018\/12\/st\u00f3l-300x195.jpg 300w, https:\/\/htb.com.pl\/wp-content\/uploads\/2018\/12\/st\u00f3l-600x391.jpg 600w\" sizes=\"auto, (max-width: 150px) 100vw, 150px\" \/> (6 luty &#8211; 5 kwietnia 1989 roku). Wyg\u0142aszaj\u0105c toast podczas tego Sylwestra mia\u0142em \u017cyczenie, aby zwa\u015bnieni siadali przy okr\u0105g\u0142ym stole, a nie stawali do walki, bo i tak zawsze po walce do sto\u0142u trzeba usi\u0105\u015b\u0107. <a href=\"https:\/\/htb.com.pl\/?p=2699\">To \u017cyczenie spe\u0142ni\u0142o si\u0119 w znaczny stopniu dzi\u0119ki Marysi <\/a>ale ju\u017c po jej \u015bmierci. Zmar\u0142a 13 pa\u017adziernik 1987 roku, w 44 rocznic\u0119 Bitwy pod Lenino. Ten Sylwester zawsze b\u0119dzie mi si\u0119 kojarzy\u0142 z zespo\u0142em Teach In. To taka radziecka ABBA, wtedy ulubiony zesp\u00f3\u0142 tych co nas go\u015bcili, ch\u0142opak\u00f3w z razwietputa. Dzi\u015b te\u017c trzeba nimi zata\u0144czy\u0107, a nie walczy\u0107, bo znowu od Lenino trzeba b\u0119dzie zaczyna\u0107. Adam Mickiewicz po kl\u0119sce Powstania Listopadowego (30 listopad 1830-21 pa\u017adziernik 1831) te\u017c zrozumia\u0142, \u017ce walka to g\u0142upota i w &#8220;Dziadach&#8221; wieszczy\u0142 mesjasza, kt\u00f3rego imi\u0119 b\u0119dzie czterdzie\u015bci i cztery&#8221;. Dla mnie to by\u0142o <strong>jej<\/strong> imi\u0119, Maria &#8211; nie Maryja i nie wracajmy do sanacji Panie Putin &#8211; Teach In &#8211; pami\u0119ta Pan?<\/p>\n\n\n\n<div class=\"wp-block-group\"><div class=\"wp-block-group__inner-container is-layout-flow wp-block-group-is-layout-flow\">\n<figure class=\"wp-block-embed-youtube wp-block-embed is-type-video is-provider-youtube wp-embed-aspect-4-3 wp-has-aspect-ratio\"><div class=\"wp-block-embed__wrapper\">\n<iframe loading=\"lazy\" title=\"Teach In - Ding-A-Dong 1975 (Eurovision Song Contest) HQ\" width=\"848\" height=\"636\" src=\"https:\/\/www.youtube.com\/embed\/videoseries?list=PLUi9vdXLugMcLbbS1bQugOEHsSrvgCH0M\" frameborder=\"0\" allow=\"accelerometer; autoplay; encrypted-media; gyroscope; picture-in-picture\" allowfullscreen><\/iframe>\n<\/div><\/figure>\n<\/div><\/div>\n\n\n\n<p>Spr\u00f3bujmy razem za\u015bpiewa\u0107 dong-a-dong i jak wtedy rozwali\u0107 bombk\u0119.<\/p>\n","protected":false},"excerpt":{"rendered":"<p>Pisz\u0105c mojego bloga staram si\u0119 wple\u015b\u0107 w dyskurs publiczny narracj\u0119 Marysi. Niezwyk\u0142ej dziewczyny, kt\u00f3r\u0105 mia\u0142em szcz\u0119\u015bcie zna\u0107 i spotyka\u0107 si\u0119 z ni\u0105 przez 14 miesi\u0119cy w latach 1986-7. Marysia walczy\u0142a ze z\u0142em, kt\u00f3re jak twierdzi\u0142a jest na wschodzie i na zachodzie. Z\u0142o nie ma barw partyjnych, narodowych i zawsze wyst\u0119puje w parze z dobrem. Wa\u017cne, [&hellip;]<\/p>\n","protected":false},"author":1,"featured_media":15173,"comment_status":"open","ping_status":"open","sticky":false,"template":"","format":"standard","meta":{"_jetpack_memberships_contains_paid_content":false,"footnotes":""},"categories":[4],"tags":[],"class_list":["post-15167","post","type-post","status-publish","format-standard","has-post-thumbnail","hentry","category-daty-i-fakty-blog"],"jetpack_sharing_enabled":true,"jetpack_featured_media_url":"https:\/\/htb.com.pl\/wp-content\/uploads\/2019\/12\/grabarka.jpg","_links":{"self":[{"href":"https:\/\/htb.com.pl\/index.php?rest_route=\/wp\/v2\/posts\/15167","targetHints":{"allow":["GET"]}}],"collection":[{"href":"https:\/\/htb.com.pl\/index.php?rest_route=\/wp\/v2\/posts"}],"about":[{"href":"https:\/\/htb.com.pl\/index.php?rest_route=\/wp\/v2\/types\/post"}],"author":[{"embeddable":true,"href":"https:\/\/htb.com.pl\/index.php?rest_route=\/wp\/v2\/users\/1"}],"replies":[{"embeddable":true,"href":"https:\/\/htb.com.pl\/index.php?rest_route=%2Fwp%2Fv2%2Fcomments&post=15167"}],"version-history":[{"count":29,"href":"https:\/\/htb.com.pl\/index.php?rest_route=\/wp\/v2\/posts\/15167\/revisions"}],"predecessor-version":[{"id":15359,"href":"https:\/\/htb.com.pl\/index.php?rest_route=\/wp\/v2\/posts\/15167\/revisions\/15359"}],"wp:featuredmedia":[{"embeddable":true,"href":"https:\/\/htb.com.pl\/index.php?rest_route=\/wp\/v2\/media\/15173"}],"wp:attachment":[{"href":"https:\/\/htb.com.pl\/index.php?rest_route=%2Fwp%2Fv2%2Fmedia&parent=15167"}],"wp:term":[{"taxonomy":"category","embeddable":true,"href":"https:\/\/htb.com.pl\/index.php?rest_route=%2Fwp%2Fv2%2Fcategories&post=15167"},{"taxonomy":"post_tag","embeddable":true,"href":"https:\/\/htb.com.pl\/index.php?rest_route=%2Fwp%2Fv2%2Ftags&post=15167"}],"curies":[{"name":"wp","href":"https:\/\/api.w.org\/{rel}","templated":true}]}}