{"id":152,"date":"2018-04-22T07:57:51","date_gmt":"2018-04-22T07:57:51","guid":{"rendered":"http:\/\/htb.com.pl\/?p=152"},"modified":"2020-04-23T10:30:35","modified_gmt":"2020-04-23T10:30:35","slug":"arcybiskup-wojciech-polak-prymas-polski","status":"publish","type":"post","link":"https:\/\/htb.com.pl\/?p=152","title":{"rendered":"Arcybiskup Wojciech Polak Prymas Polski"},"content":{"rendered":"<div class=\"p_18_fpesjyd e_18_fpewi1u clearfix\">\n<div class=\"clearfix v_18_fpesitm\">\n<div class=\"clearfix _42ef\">\n<div class=\"c_18_fpesitl\">\n<div>\n<div class=\"_6a _5u5j\">\n<div class=\"_6a _5u5j _6b\">\n<div id=\"feed_subtitle_100001376195691;1505043906218135;;9\" class=\"_5pcp _5lel _2jyu _232_\">\n<p><span class=\"fsm fwn fcg\"><a class=\"_5pcq\" href=\"https:\/\/www.facebook.com\/jan.chmura.79\/posts\/1505043906218135\" target=\"\" rel=\"noopener noreferrer\"><abbr class=\"_5ptz\" title=\"31.10.2017 09:18\" data-utime=\"1509437930\" data-shorten=\"1\"><span class=\"timestampContent\">31 pa\u017adziernika 2017<\/span><\/abbr><\/a>\u00a0<\/span><\/p>\n<div id=\"u_0_16\" class=\"_6a _43_1 _4f-9 _nws _21p0 _fol\">\u00a0<img loading=\"lazy\" decoding=\"async\" class=\"alignnone size-medium wp-image-153\" src=\"http:\/\/htb.com.pl\/wp-content\/uploads\/2018\/04\/Wojciech-Polak-300x178.jpg\" alt=\"\" width=\"300\" height=\"178\" srcset=\"https:\/\/htb.com.pl\/wp-content\/uploads\/2018\/04\/Wojciech-Polak-300x178.jpg 300w, https:\/\/htb.com.pl\/wp-content\/uploads\/2018\/04\/Wojciech-Polak.jpg 600w\" sizes=\"auto, (max-width: 300px) 100vw, 300px\" \/><a href=\"https:\/\/htb.com.pl\/wp-content\/uploads\/2018\/12\/3Arcybisku-Wojciech-PolakPrumas-Polski.mp3\"><img loading=\"lazy\" decoding=\"async\" class=\"size-medium wp-image-2020 alignright\" src=\"https:\/\/htb.com.pl\/wp-content\/uploads\/2018\/04\/posluchaj-300x280.jpg\" alt=\"\" width=\"300\" height=\"280\" srcset=\"https:\/\/htb.com.pl\/wp-content\/uploads\/2018\/04\/posluchaj-300x280.jpg 300w, https:\/\/htb.com.pl\/wp-content\/uploads\/2018\/04\/posluchaj-768x716.jpg 768w, https:\/\/htb.com.pl\/wp-content\/uploads\/2018\/04\/posluchaj-1024x955.jpg 1024w, https:\/\/htb.com.pl\/wp-content\/uploads\/2018\/04\/posluchaj-600x560.jpg 600w, https:\/\/htb.com.pl\/wp-content\/uploads\/2018\/04\/posluchaj.jpg 1158w\" sizes=\"auto, (max-width: 300px) 100vw, 300px\" \/><\/a><\/div>\n<\/div>\n<\/div>\n<\/div>\n<\/div>\n<\/div>\n<\/div>\n<\/div>\n<\/div>\n<div class=\"_5pbx userContent _3576\" data-ft=\"{&quot;tn&quot;:&quot;K&quot;}\">\n<p>DATY I FAKTY Arcybiskup Wojciech Polak Prymas Polski<br \/>\nJest to m\u00f3j ostatni wpis odnosz\u0105cy si\u0119 do mojej wiary. Zapisuj\u0119 tu to, co jest dla mnie wa\u017cne. Boj\u0119 si\u0119 bowiem, \u017ce mog\u0119 zapomnie\u0107. Pami\u0119\u0107 jest ulotna. Opisz\u0119 tu ludzi naprawd\u0119 wybitnych , kt\u00f3rzy zapomnieli o nauce\u201d naszego\u201d Papie\u017ca. A Papie\u017c jest nieomylny. Tak nieomylny, bo g\u0142osi tylko dwa przykazania, o mi\u0142o\u015bci do Boga I Bli\u017aniego. To prawdy najwa\u017cniejsze dla Chrze\u015bcijan, Muzu\u0142man\u00f3w i wszystkich wierze\u0144. Odst\u0119pstwo od tych zasad we wszystkich wierzeniach prowadzi do z\u0142a. M\u00f3wi\u0142 o tym ksi\u0105dz w ostatni\u0105 niedziel\u0119. S\u0142ucha\u0142em patrz\u0105c na o\u0142tarz w mojej parafii. Przypomnia\u0142a mi si\u0119 kole\u017canka z poprzedniego wpisu. Jak opowiada\u0142a mi o swoim synu, jak ten powiedzia\u0142. Je\u017celi \u015bwiat uwa\u017ca inaczej ni\u017c moja mama, to \u015bwiat si\u0119 myli&#8230; Zazdroszcz\u0119. Ksi\u0105dz podgl\u0105dacz z poprzedniego wpisu, kt\u00f3ry m\u00f3wi\u0142. Cz\u0142owiek r\u00f3\u017cni si\u0119 od innych istot \u017cyj\u0105cych na ziemi, bo ma wiar\u0119. Ale czy rozumie t\u0105 swoj\u0105 wiar\u0119. Prosz\u0119 pos\u0142ucha\u0107 przepi\u0119knej pie\u015bni <a href=\"https:\/\/www.youtube.com\/watch?v=KajTXhPUqCM&amp;feature=share\">\u201eG\u00f3ralu czy ci nie \u017cal\u201d<\/a> Prosz\u0119 popatrze\u0107 na Papie\u017ca, dzi\u015b \u015awi\u0119tego Jana Paw\u0142a II i zapyta\u0107 siebie, czy pami\u0119tam jego nauk\u0119. No w\u0142a\u015bnie. Prosz\u0119 przeczyta\u0107 reszt\u0119, znalaz\u0142em przyczyn\u0119 tej amnezji i opisa\u0142em j\u0105. Znajd\u017acie j\u0105 Pa\u0144stwo w tek\u015bcie, dla u\u0142atwienia dodam, jest na trzy litery.<br \/>\nCzytaj\u0105c nie bierzcie moich zapisk\u00f3w dos\u0142ownie. Ja w odr\u00f3\u017cnieniu od mojej kole\u017canki, a ju\u017c nie m\u00f3wi\u0105c o Papie\u017cu, jestem omylny, jestem tylko zwyk\u0142ym mechanikiem. Szczeg\u00f3lnie ten dzisiejszy wpis. Porusz\u0119 tu bowiem w\u0105tek zwi\u0105zany z Radiem Maryja. Pisa\u0142em wcze\u015bniej o wywiadzie radzieckim, kt\u00f3ry sk\u0142\u00f3ci\u0142 Polak\u00f3w strasznie. Wykorzysta\u0142 do tego wspomniane Radio Maryja. Nie mo\u017cna mie\u0107 jednak pretensji do Ojca Tadeusza Rydzyka, czy innych wsp\u00f3\u0142pracownik\u00f3w tego radia, czy samych s\u0142uchaczy. Oni chc\u0105 dobrze. Jednak w konfrontacji z machin\u0105 GRU ( radziecki wywiad) s\u0105 bez szans. Wiem to, kiedy\u015b opisz\u0119. Dzi\u015b chcia\u0142bym jedynie nadmieni\u0107, i\u017c fakty opisane w ksi\u0105\u017cce Tomasza Pi\u0105taka \u201eMACIEREWICZ I JEGO TAJEMNICE\u201d wpisuj\u0105 si\u0119 jako\u015b w dzia\u0142ania tych s\u0142u\u017cb.<\/p>\n<p><a href=\"https:\/\/htb.com.pl\/?product=macierewicz-i-jego-tajemnice\"><img loading=\"lazy\" decoding=\"async\" class=\"size-full wp-image-671 alignleft\" src=\"https:\/\/htb.com.pl\/wp-content\/uploads\/2018\/06\/antoni.jpg\" alt=\"\" width=\"200\" height=\"286\" \/><\/a><\/p>\n<p>Ale do Pana Antoniego Macierewicza, te\u017c nie mo\u017cna mie\u0107 pretensji. Za brak do\u015bwiadczenia, czy zwyk\u0142\u0105 niewiedz\u0119, nie mo\u017cna nikogo pot\u0119pia\u0107.<br \/>\nA sytuacja jest powa\u017cna . Kiedy\u015b wiara ko\u015bcio\u0142a rzymskokatolickiego dla Nas Polak\u00f3w by\u0142a wsp\u00f3lnym mianownikiem. By\u0142a czym\u015b co nas \u0142\u0105czy\u0142o. To si\u0119 zmieni\u0142o i to jest \u017ale. Jak Leonid Brze\u017cniew dowiedzia\u0142 si\u0119, \u017ce Karol Wojty\u0142a Papie\u017c Jan Pawe\u0142 II ma przyjecha\u0107 do Polski z pielgrzymka, by\u0142 zdesperowany. Poprosi\u0142 Edwarda Gierka, by ten pogada\u0142 z Papie\u017cem, \u017ceby ten nie przyje\u017cd\u017ca\u0142. Powiedzia\u0142 &#8211; to m\u0105dry cz\u0142owiek, zrozumie. S\u0142u\u017cby GRU ostrzeg\u0142y, Lonia, to koniec. I ju\u017c wtedy zacz\u0119\u0142y pracowa\u0107 nad rozwaleniem tego co nas \u0142\u0105czy, wiary katolickiej.<br \/>\nJako\u015b nigdy nie s\u0142ucha\u0142em medi\u00f3w Ojca Tadeusza Rydzyka. Przeszkadza\u0142o mi to, \u017ce w modlitwie r\u00f3\u017ca\u0144cowej Matk\u0119 Boga nazywa si\u0119 tam Maryj\u0105, a nie jak ja j\u0105 nazywam Mari\u0105. Maria to pi\u0119kne imi\u0119, imi\u0119 mojej Mamy. Jej mama, a moja Babcia na chrzcie da\u0142a Mamie imi\u0119 Marianna. Kiedy\u015b zapyta\u0142em dlaczego. Us\u0142ysza\u0142em, \u017ce Maria to Matka Boga i nie mo\u017cna tak nazywa\u0107 zwyk\u0142ego \u015bmiertelnika. Troch\u0119 o tym poczyta\u0142em. Dowiedzia\u0142em si\u0119, \u017ce kult Maryi do V wieku by\u0142 nieznany. Ma\u0142o tego, Maryja jako Kr\u00f3lowa Nieba , przez Proroka Jeremiasza by\u0142a wr\u0119cz pot\u0119piana, jako b\u00f3stwo konkuruj\u0105ce z Bogiem, Jezusem Chrystusem. By\u0142o to kilka wiek\u00f3w przed narodzeniem Chrystusa. Dopiero w 1854 roku wprowadzono dogmat o Mari Matce Boga. Ale nie by\u0142a to Maryja Kr\u00f3lowa Niebios. Tylko Maria Matka Boga i tak to widz\u0119 i tak si\u0119 modl\u0119.<br \/>\nJednak to nie pisownia , czy wymowa imienia Maria jest problemem. Prymas Polski Arcybiskup Wojciech Polaki na Jasnej G\u00f3rze z okazji 300 \u2013 lecia koronacji Matki Boskiej Cz\u0119stochowskiej m\u00f3wi\u0142 mi\u0119dzy innymi:<br \/>\n\u201e- Potrzeba, jak wo\u0142a\u0142 wielki Prymas Tysi\u0105clecia, by\u015bmy si\u0119 prawdziwie<br \/>\nodmienili. Dokonuj\u0105c jednak tej przemiany, mamy zacz\u0105\u0107 od siebie, a nie od innych.<br \/>\nMamy przy tym szanowa\u0107 porz\u0105dek i \u0142ad spo\u0142eczny, a nie bezmy\u015blnie go burzy\u0107, dla takich czy innych racji. Mamy szanowa\u0107 \u0142ad konstytucyjny, kt\u00f3ry jest gwarantem naszego bycia razem i wsp\u00f3\u0142istnienia, a nie nadwyr\u0119\u017ca\u0107 go czy omija\u0107 \u2013 m\u00f3wi\u0142 prymas Polski.\u201d(koniec cytatu)<br \/>\nS\u0142ucha\u0142 tego Prezydent Pan Andrzej Duda, s\u0142ucha\u0142a Pani Premier Beata Szyd\u0142o, s\u0142ucha\u0142 Ojciec Tadeusz Rydzyk. I co? Nic, jak grochem o \u015bcian\u0119. S\u0142owo Prymasa Polski nic nie znaczy, to \u017ale, naprawd\u0119 \u017ale. Arcybiskup robi\u0142 swoje, tu by\u0142 na sowim miejscu. Chcia\u0142bym przytoczy\u0107 i om\u00f3wi\u0107 inn\u0105 wypowied\u017a Prymasa Polski. \u201eKa\u017cdy ksi\u0105dz z mojej diecezji, kt\u00f3ry pojedzie na manifestacj\u0119 antyuchod\u017acz\u0105, b\u0119dzie suspendowany.\u201d (zawieszony, koniec cytatu) M\u00f3wi to Prymas, nie Biskup, nie Proboszcz tylko Prymas.<br \/>\nJa nie zawsze naprawia\u0142em maszyny. Na prze\u0142omie lat 80 i 90 by\u0142em dyrektorem zak\u0142adu drzewnego (tartaku). By\u0142 to czas kiedy niszczono tartaki. Sposoby przerobu drewna jakie stosowano w tych zak\u0142adach, wypracowano jeszcze za Jagiellon\u00f3w, pisa\u0142em o tym. Taki tartak w \u015brodowisku wiejskim, to by\u0142a instytucja. Pe\u0142ni\u0142 role pomocy spo\u0142ecznej, wykonywa\u0142 us\u0142ugi, dostarcza\u0142 opa\u0142. Ludzie nie musieli pali\u0107 \u015bmieciami. Zdarzy\u0142o mi si\u0119 wtedy, \u017ce jako dyrektor musia\u0142em pom\u00f3c mistrzowi produkcji w uruchomieniu zmiany, ludzie ubzdurali sobie jaki\u015b strajk, czy co\u015b. Gdy praca ruszy\u0142a chcia\u0142em pomierzy\u0107 czy tarcica ma dobry wymiar. Poprosi\u0142em mistrza o suwmiark\u0119, nie mia\u0142, zgubi\u0142. Do pomieszczenia wszed\u0142 ostrzarz, starszy Pan, kt\u00f3ry pracowa\u0142 w tym zak\u0142adzie za \u017byda, Niemca, Gierka i wiedzia\u0142 wszystko. Takim ludziom nie trzeba by\u0142o wydawa\u0107 polece\u0144. Pyta\u0142em ich tylko, co z\u0142ego? Pan poda\u0142 mi swoj\u0105 suwmiark\u0119 i powiedzia\u0142 &#8211; to koniec. Wtedy mia\u0142em nadziej\u0119, \u017ce si\u0119 myli. Wkr\u00f3tce jednak zacz\u0105\u0142em naprawia\u0107 maszyny. Zwracam si\u0119 do ksi\u0119\u017cy, szczeg\u00f3lnie tych m\u0142odszych. Kochani &#8211; pom\u00f3\u017ccie Prymasowi, je\u017celi trzeba znajd\u017acie sw\u0105 zgubion\u0105 \u201esuwmiark\u0119\u201d. Bo razem te maszyny b\u0119dziemy naprawia\u0107.<br \/>\nA politycy, no c\u00f3\u017c, nie ukrywam, mam o nich bardzo z\u0142e zdanie i nie spodziewam si\u0119 po nich niczego dobrego. Ale jeste\u015bmy My, spo\u0142ecze\u0144stwo. Czemu jakie\u015b sowieckie GRU m\u0105ci nam tak strasznie. Dlaczego budujemy ci\u0105gle mury w naszych sercach. \u015awi\u0119ty Jan Pawe\u0142 II, Papie\u017c ostrzega\u0142. M\u00f3wi\u0142 &#8211; jeden mur run\u0105, ale ods\u0142oni\u0142 inny, mur w naszych sercach. Kto to jeszcze pami\u0119ta.<br \/>\nAle co tam, nie jest jeszcze tak \u017ale. Zawsze mo\u017ce by\u0107 gorzej. Trzeba jednak tak kombinowa\u0107, \u017ceby zacz\u0119\u0142o i\u015b\u0107 w dobr\u0105 stron\u0119. Napisa\u0142em i\u015b\u0107, no nie, tak dobrze to nie jest, mo\u017ce p\u0142yn\u0105\u0107, o p\u0142yn\u0105\u0107 w dobra stron\u0119, to dobre por\u00f3wnanie. Trzeba p\u0142yn\u0105\u0107 do portu. Je\u017celi mog\u0119 radzi\u0107, to nie do drzewnego portu.<br \/>\nCi\u0105gle pisz\u0119 o politykach, o tych dobrych jak MacArthur, i tych z\u0142ych. Nast\u0119pny wpis b\u0119dzie o najgorszym wsp\u00f3\u0142czesnym polskim polityku. Jest to oczywi\u015bcie moja klasyfikacja, wzgl\u0119dna, bo uwzgl\u0119dnia wykszta\u0142cenie. My\u015bl\u0119, \u017ce jego nazwisko zaskoczy Pa\u0144stwa.<\/p>\n<\/div>\n","protected":false},"excerpt":{"rendered":"<p>31 pa\u017adziernika 2017\u00a0 \u00a0 DATY I FAKTY Arcybiskup Wojciech Polak Prymas Polski Jest to m\u00f3j ostatni wpis odnosz\u0105cy si\u0119 do mojej wiary. Zapisuj\u0119 tu to, co jest dla mnie wa\u017cne. Boj\u0119 si\u0119 bowiem, \u017ce mog\u0119 zapomnie\u0107. Pami\u0119\u0107 jest ulotna. Opisz\u0119 tu ludzi naprawd\u0119 wybitnych , kt\u00f3rzy zapomnieli o nauce\u201d naszego\u201d Papie\u017ca. A Papie\u017c jest nieomylny. [&hellip;]<\/p>\n","protected":false},"author":1,"featured_media":0,"comment_status":"open","ping_status":"open","sticky":false,"template":"","format":"standard","meta":{"_jetpack_memberships_contains_paid_content":false,"footnotes":""},"categories":[4],"tags":[],"class_list":["post-152","post","type-post","status-publish","format-standard","hentry","category-daty-i-fakty-blog"],"jetpack_sharing_enabled":true,"jetpack_featured_media_url":"","_links":{"self":[{"href":"https:\/\/htb.com.pl\/index.php?rest_route=\/wp\/v2\/posts\/152","targetHints":{"allow":["GET"]}}],"collection":[{"href":"https:\/\/htb.com.pl\/index.php?rest_route=\/wp\/v2\/posts"}],"about":[{"href":"https:\/\/htb.com.pl\/index.php?rest_route=\/wp\/v2\/types\/post"}],"author":[{"embeddable":true,"href":"https:\/\/htb.com.pl\/index.php?rest_route=\/wp\/v2\/users\/1"}],"replies":[{"embeddable":true,"href":"https:\/\/htb.com.pl\/index.php?rest_route=%2Fwp%2Fv2%2Fcomments&post=152"}],"version-history":[{"count":16,"href":"https:\/\/htb.com.pl\/index.php?rest_route=\/wp\/v2\/posts\/152\/revisions"}],"predecessor-version":[{"id":22052,"href":"https:\/\/htb.com.pl\/index.php?rest_route=\/wp\/v2\/posts\/152\/revisions\/22052"}],"wp:attachment":[{"href":"https:\/\/htb.com.pl\/index.php?rest_route=%2Fwp%2Fv2%2Fmedia&parent=152"}],"wp:term":[{"taxonomy":"category","embeddable":true,"href":"https:\/\/htb.com.pl\/index.php?rest_route=%2Fwp%2Fv2%2Fcategories&post=152"},{"taxonomy":"post_tag","embeddable":true,"href":"https:\/\/htb.com.pl\/index.php?rest_route=%2Fwp%2Fv2%2Ftags&post=152"}],"curies":[{"name":"wp","href":"https:\/\/api.w.org\/{rel}","templated":true}]}}