{"id":155,"date":"2018-04-22T08:07:02","date_gmt":"2018-04-22T08:07:02","guid":{"rendered":"http:\/\/htb.com.pl\/?p=155"},"modified":"2018-12-06T07:54:11","modified_gmt":"2018-12-06T07:54:11","slug":"naszych-podzialow-ciag-dalszy","status":"publish","type":"post","link":"https:\/\/htb.com.pl\/?p=155","title":{"rendered":"Naszych podzia\u0142\u00f3w ci\u0105g dalszy"},"content":{"rendered":"<div class=\"p_18_fpesjyd e_18_fpewi1u clearfix\">\n<div class=\"clearfix v_18_fpesitm\">\n<div class=\"clearfix _42ef\">\n<div class=\"c_18_fpesitl\">\n<div>\n<div class=\"_6a _5u5j\">\n<div class=\"_6a _5u5j _6b\">\n<h5 class=\"_14f3 _14f5 _5pbw _5vra\" data-ft=\"{&quot;tn&quot;:&quot;C&quot;}\"><span class=\"fwn fcg\"><span class=\"fwb fcg\" data-ft=\"{&quot;tn&quot;:&quot;;&quot;}\"><img loading=\"lazy\" decoding=\"async\" class=\"alignnone size-medium wp-image-161\" src=\"http:\/\/htb.com.pl\/wp-content\/uploads\/2018\/04\/jbuzek-300x170.jpg\" alt=\"\" width=\"300\" height=\"170\" \/>\u00a0<a href=\"https:\/\/htb.com.pl\/wp-content\/uploads\/2018\/12\/4-Naszych-podzia\u0142\u00f3w-ci\u0105g-dalszy.mp3\"><img loading=\"lazy\" decoding=\"async\" class=\"size-medium wp-image-2020 alignright\" src=\"https:\/\/htb.com.pl\/wp-content\/uploads\/2018\/04\/posluchaj-300x280.jpg\" alt=\"\" width=\"300\" height=\"280\" srcset=\"https:\/\/htb.com.pl\/wp-content\/uploads\/2018\/04\/posluchaj-300x280.jpg 300w, https:\/\/htb.com.pl\/wp-content\/uploads\/2018\/04\/posluchaj-768x716.jpg 768w, https:\/\/htb.com.pl\/wp-content\/uploads\/2018\/04\/posluchaj-1024x955.jpg 1024w, https:\/\/htb.com.pl\/wp-content\/uploads\/2018\/04\/posluchaj-600x560.jpg 600w, https:\/\/htb.com.pl\/wp-content\/uploads\/2018\/04\/posluchaj.jpg 1158w\" sizes=\"auto, (max-width: 300px) 100vw, 300px\" \/><\/a><\/span><\/span><\/h5>\n<div id=\"feed_subtitle_100001376195691;1508527709203088;;9\" class=\"_5pcp _5lel _2jyu _232_\">\n<p><span class=\"fsm fwn fcg\"><a class=\"_5pcq\" href=\"https:\/\/www.facebook.com\/jan.chmura.79\/posts\/1508527709203088\" target=\"\"><abbr class=\"_5ptz\" title=\"4.11.2017 08:29\" data-utime=\"1509780573\" data-shorten=\"1\"><span class=\"timestampContent\">4 listopada 2017<\/span><\/abbr><\/a>\u00a0<\/span><\/p>\n<div id=\"u_0_15\" class=\"_6a _43_1 _4f-9 _nws _21p0 _fol\"><\/div>\n<\/div>\n<\/div>\n<\/div>\n<\/div>\n<\/div>\n<\/div>\n<\/div>\n<\/div>\n<div class=\"_5pbx userContent _3576\" data-ft=\"{&quot;tn&quot;:&quot;K&quot;}\">\n<p><a href=\"https:\/\/www.youtube.com\/watch?v=0PaBpeOqPSg&amp;feature=share\">Muzyka Andre Rieu<\/a> pokazuje \u015bwiat do kt\u00f3rego zawsze chcia\u0142em nale\u017ce\u0107. By\u0142o blisko. Ju\u017c na ulicach s\u0142ycha\u0107 by\u0142o ten radosny \u015bmiech. Tak \u015bmiej\u0105 si\u0119 ludzie szcz\u0119\u015bliwi. Poznali\u015bmy nowe s\u0142owo deflacja, oznacza spadek cen. Gdyby nie ten nieszcz\u0119sny zamach konstytucyjny, to ju\u017c dwa lata jak go dokonano. Znikn\u0105\u0142 \u015bmiech, zapomnieli\u015bmy co to deflacja, a na ulicy pojawi\u0142a si\u0119 inna muzyka \u201eWalc Kodu\u201d Te\u017c \u0142adny, ale smutny. Czemu u nas musi by\u0107 smutno. Opowiem \u015bmieszn\u0105 historyjk\u0119. Niemiec u kt\u00f3rego kiedy\u015b kupowa\u0142em u\u017cywane maszyny zapyta\u0142 mnie, Janek czy ty chcia\u0142by\u015b \u017cebym ja by\u0142 bogaty? Tak, odpar\u0142em. To ty nie jeste\u015b prawdziwy Polak, powiedzia\u0142. Widz\u0105c zdumienie na mojej twarzy, opowiedzia\u0142 mi stary dowcip. Jak polski baca \u017cali\u0142 si\u0119 Bogu, \u017ce jest biedny. B\u00f3g go wys\u0142ucha\u0142 i zaproponowa\u0142 , \u017ce da mu du\u017co owieczek. Ten jednak stwierdzi\u0142, \u017ce nie chce owieczek, chce \u017ceby s\u0105siadowi zdech\u0142y. Nie \u015bmia\u0142em si\u0119. Tak bardzo chcia\u0142bym przekona\u0107 Niemca, \u017ce si\u0119 myli. Nawet mam do niego spraw\u0119, ale wstydz\u0119 si\u0119 jecha\u0107.<br \/>\nPawlak w filmie \u201eKochaj albo rzu\u0107\u201d Stwierdzi\u0142, \u017ce ludzie nie dziel\u0105 si\u0119 na tych zza Buga i reszt\u0119, tylko m\u0105drych i g\u0142upich. Mia\u0142em napisa\u0107 o najgorszym polskim polityku. Kiedy jednak czyta\u0142em jego \u017cyciorys, dowiedzia\u0142em si\u0119 o czym\u015b, co nawet w \u017cartobliwej formie nie pozwala mi o nim tak pisa\u0107. Opisz\u0119 tylko wydarzenia kt\u00f3re s\u0105 jako\u015b zwi\u0105zane z t\u0105 postaci\u0105. Potrzebna mi b\u0119dzie klasyfikacja podobna do pawlakowej. Ale mo\u017ce nie a\u017c tak radykalna. Polityk\u00f3w, bo o nich b\u0119d\u0119 pisa\u0142, podziel\u0119 na dobrych i z\u0142ych. Podzia\u0142 na komunist\u00f3w i reszt\u0119, kt\u00f3ry istnieje w Polsce jest z\u0142y. Liczy si\u0119 bowiem tylko gospodarka rynkowa i praworz\u0105dno\u015b\u0107, czyli przestrzeganie Konstytucji. W Chinach, chyba najpot\u0119\u017cniejszym dzi\u015b pa\u0144stwie \u015bwiata, rz\u0105dz\u0105 komuni\u015bci, ale gospodarka jest rynkowa. Wybory parlamentarne, te w dzisiejszej Polsce, niczym nie r\u00f3\u017cni\u0105 si\u0119 od tych przed rokiem osiemdziesi\u0105tym. Te\u017c nie g\u0142osujemy na pos\u0142a tylko na list\u0119. O tym kto wejdzie do Sejmu decyduj\u0119 lider, kt\u00f3ry takiego przysz\u0142ego pos\u0142a umieszcza na pierwszym miejscu listy. Kiedy\u015b takich list by\u0142o trzy PZPR, PSL i SD. Teraz jest wi\u0119cej, a to w oczywisty spos\u00f3b u\u0142atwia wej\u015bcie do Sejmu z\u0142ym politykom.<br \/>\nTacy w\u0142a\u015bnie, \u017ali politycy obieli rz\u0105dy w Polsce 17 pa\u017adziernika 1997, po wyborach parlamentarnych, w kt\u00f3rych koalicja prawicowych formacji \u2013 Akcja Wyborcza Solidarno\u015b\u0107 \u2013 uzyska\u0142a 201 mandat\u00f3w w Sejmie. Pod koniec ich rz\u0105d\u00f3w, 6 lipca 2001 Jaros\u0142aw Bauc ujawni\u0142 gigantyczn\u0105 dziur\u0119 bud\u017cetow\u0105 \u2013 17 mld z\u0142otych. To by\u0142 Minister Finans\u00f3w. Dziwny minister, ta dziura raz wynosi\u0142a 17, a raz 100 miliard\u00f3w, szkoda gada\u0107. Pami\u0119tam, \u017ce moja Te\u015bciowa nie dosta\u0142a wtedy emerytury. Id\u0105c na kolejne wybory zapyta\u0142a mnie, Jasiu na kogo ja mam g\u0142osowa\u0107. Powiedzia\u0142em, Mamo na SLD. Ale m\u00f3wi\u0105, \u017ce to \u017ali politycy, odpar\u0142a. Mamo o mnie m\u00f3wi\u0105, \u017ce jestem dobrym cz\u0142owiekiem. Nie wiem czy Mam\u0119 przekona\u0142em ale SLD wygra\u0142o. 19 pa\u017adziernika 2001 Leszek Miller jako Premier zacz\u0105\u0142 rz\u0105dzi\u0107. Dobra\u0142 sobie dobrych polityk\u00f3w ze swojej listy, a czasy by\u0142y ci\u0119\u017ckie. Ludzie nie dostawali wyp\u0142at, rynek wewn\u0119trzny\u201d le\u017ca\u0142\u201d, nikt nic nie kupowa\u0142. Dostarcza\u0142em wtedy u\u017cywane maszyny dla stolarzy. Przywozi\u0142em je z Niemiec. Cz\u0119sto je\u017adzi\u0142em autostrad\u0105 A4 kt\u00f3r\u0105 wtedy prosz\u0119 sobie wyobrazi\u0107, z wielkimi sukcesami budowa\u0142 Minister rz\u0105du Millera, Marek Pol. Chcia\u0142 on wprowadzi\u0107 winiety na autostradach, nazwano go \u201eWinietu\u201d i wywalono. Dzi\u015b stoj\u0105c w kolejce do bramek na autostradzie, wspominam tego dobrego polityka.<br \/>\nMoimi klientami byli stolarze. Pami\u0119tam jednego takiego z rejonu Olesna \u015al\u0105skiego. Robi\u0142 meble dla Niemc\u00f3w. \u0141adne z litego drewna. Dostawa\u0142 za nie zap\u0142at\u0119 w EUR po kursie troch\u0119 ponad 3 PLN. ma\u0142o. Jako\u015b tak w lipcu 2002 roku Ministrem finans\u00f3w zosta\u0142 Grzegorz Ko\u0142odko dobry polityk. Pami\u0119tam, \u017ce w ka\u017cdy poniedzia\u0142ek w telewizji gada\u0142 straszne g\u0142upoty. Spowodowa\u0142o to dewaluacj\u0119 z\u0142otego. M\u00f3j stolarz za 1 EUR raz dosta\u0142 nawet ponad 5 PLN. Wyp\u0142aci\u0142 zaleg\u0142e pensje pracownikom a do mnie m\u00f3wi, Jasiu ty mi przywie\u017a nowsze maszyny, nie zielone, przywie\u017a nowoczesne takie siwe.. Zacz\u0119\u0142o i\u015b\u0107 w dobr\u0105 stron\u0119, ruszy\u0142 eksport. Ale wtedy sta\u0142o si\u0119 co\u015b strasznego.<br \/>\n22 lipca 2002 roku Lew Rywin i Adam Michnik co\u015b \u015bwi\u0119towali. No by\u0142o kiedy\u015b takie \u015bwi\u0119to 22 lipca, ale chyba co\u015b innego \u015bwi\u0119towali. Tak czy tak, Rywin zchla\u0142 si\u0119 strasznie, nagada\u0142 strasznych g\u0142upot, Chcia\u0142 17,5 miliona dolar\u00f3w za za\u0142atwienie ustawy zwi\u0105zanej z telewizj\u0105. Ca\u0142a telewizja nie by\u0142a wtedy tyle warta. Michnik to nagra\u0142 i zrobi\u0142a si\u0119 afera. Powsta\u0142a Komisja Sejmowa badaj\u0105ca t\u0105 afer\u0119. \u015aledzi\u0142em prace tej komisji, chcia\u0142em si\u0119 koniecznie dowiedzie\u0107 co oni pili. Nie zosta\u0142o to wyja\u015bnione. Ale rz\u0105d upad\u0142, a ustalenia komisji spowodowa\u0142y, \u017ce dobrzy politycy nie byli wpisywani na listy w wyborach parlamentarnych. Nie tylko na pierwsze miejsca nie byli wpisywani, wcale takiej listy nie by\u0142o. W ostatnich Wyborach Leszek Miller zrobi\u0142 tak\u0105 list\u0119. Ale dopisa\u0142 do niej Pana Palikota. Nie wiedzia\u0142 chyba kto to jest. A to by\u0142 przyw\u00f3dca jakiej\u015b partii, i lista Millera musia\u0142a zdoby\u0107 nie 5% tylko 8% g\u0142os\u00f3w. Miller dowiedzia\u0142 si\u0119 o tym przy og\u0142aszaniu wynik\u00f3w, jego lista nie wesz\u0142a bowiem do Sejmu. Zdoby\u0142 tam, 7,55% g\u0142os\u00f3w. Kiedy\u015b wyrolowa\u0142a go Komisja Rywina, teraz rachunki, a nie, procenty, to mo\u017ce ju\u017c matematyka. Szkoda bo zwykle na swoich listach Miller mia\u0142 dobrych polityk\u00f3w.<br \/>\nWczoraj s\u0142ucha\u0142em Ministra Finans\u00f3w Pana Morawieckiego, To z\u0142y polityk ale m\u0105dry, bardzo m\u0105dry cz\u0142owiek. Nasza gospodarka m\u00f3wi\u0142 minister, nie wysz\u0142a na plus, chocia\u017c mamy \u015bwiatow\u0105 koniunktur\u0119 i nie inwestujemy. Ale zad\u0142u\u017cy\u0142a si\u0119 mniej ni\u017c za naszych poprzednik\u00f3w. Tych co mieli \u015bwiatowy kryzys, a pomimo tego wybudowali autostrady, stadiony itp. Nawet w Warszawie autostrad\u0119 zarobili, i drug\u0105 lini\u0119 metra.<br \/>\nCiekawe co musia\u0142oby si\u0119 sta\u0107, \u017ceby\u015bmy wyszli na plus, skoro przy dobrej koniunkturze i nie robi\u0105c inwestycji dalej si\u0119 zad\u0142u\u017camy. To kiedy ten d\u0142ug b\u0119dziemy sp\u0142aca\u0107 co ? Panie Morawiecki.<br \/>\nNo tego minister nie wyja\u015bni\u0142. Bo si\u0119 nie da wyja\u015bni\u0107 Teraz si\u0119 nie da, mo\u017ce za par\u0119 lat. Jak &#8211; podpowiem. Trzeba zaanga\u017cowa\u0107 Pani\u0105 Minister O\u015bwiaty Ann\u0119 Zalewsk\u0105. Niech program nauczania matematyki zmieni. Wystarczy wywali\u0107 nauczanie odejmowania i dzielenia, pozostawi\u0107 nauczanie dodawania i mno\u017cenia. Nikt nie zbankrutuje, a absolwentom takich szk\u00f3\u0142 ka\u017cd\u0105 g\u0142upot\u0119 da si\u0119 wcisn\u0105\u0107. Bo teraz nie, policz\u0105 i b\u0119d\u0105 si\u0119 \u015bmia\u0107. Kochani \u2013 nie \u015bmiejcie si\u0119 z ministra, to to nie jego wina, a to naprawd\u0119 nie jest \u015bmieszne.<br \/>\nZa Tydzie\u0144 \u201eZaduszki\u201d w mojej ma\u0142ej Ojczy\u017anie. Odwiedzi\u0142em Lasy Ordynackie, opisz\u0119 to.<\/p>\n<\/div>\n","protected":false},"excerpt":{"rendered":"<p>\u00a0 4 listopada 2017\u00a0 Muzyka Andre Rieu pokazuje \u015bwiat do kt\u00f3rego zawsze chcia\u0142em nale\u017ce\u0107. By\u0142o blisko. Ju\u017c na ulicach s\u0142ycha\u0107 by\u0142o ten radosny \u015bmiech. Tak \u015bmiej\u0105 si\u0119 ludzie szcz\u0119\u015bliwi. Poznali\u015bmy nowe s\u0142owo deflacja, oznacza spadek cen. Gdyby nie ten nieszcz\u0119sny zamach konstytucyjny, to ju\u017c dwa lata jak go dokonano. Znikn\u0105\u0142 \u015bmiech, zapomnieli\u015bmy co to deflacja, [&hellip;]<\/p>\n","protected":false},"author":1,"featured_media":0,"comment_status":"open","ping_status":"open","sticky":false,"template":"","format":"standard","meta":{"_jetpack_memberships_contains_paid_content":false,"footnotes":""},"categories":[4],"tags":[],"class_list":["post-155","post","type-post","status-publish","format-standard","hentry","category-daty-i-fakty-blog"],"jetpack_sharing_enabled":true,"jetpack_featured_media_url":"","_links":{"self":[{"href":"https:\/\/htb.com.pl\/index.php?rest_route=\/wp\/v2\/posts\/155","targetHints":{"allow":["GET"]}}],"collection":[{"href":"https:\/\/htb.com.pl\/index.php?rest_route=\/wp\/v2\/posts"}],"about":[{"href":"https:\/\/htb.com.pl\/index.php?rest_route=\/wp\/v2\/types\/post"}],"author":[{"embeddable":true,"href":"https:\/\/htb.com.pl\/index.php?rest_route=\/wp\/v2\/users\/1"}],"replies":[{"embeddable":true,"href":"https:\/\/htb.com.pl\/index.php?rest_route=%2Fwp%2Fv2%2Fcomments&post=155"}],"version-history":[{"count":7,"href":"https:\/\/htb.com.pl\/index.php?rest_route=\/wp\/v2\/posts\/155\/revisions"}],"predecessor-version":[{"id":2539,"href":"https:\/\/htb.com.pl\/index.php?rest_route=\/wp\/v2\/posts\/155\/revisions\/2539"}],"wp:attachment":[{"href":"https:\/\/htb.com.pl\/index.php?rest_route=%2Fwp%2Fv2%2Fmedia&parent=155"}],"wp:term":[{"taxonomy":"category","embeddable":true,"href":"https:\/\/htb.com.pl\/index.php?rest_route=%2Fwp%2Fv2%2Fcategories&post=155"},{"taxonomy":"post_tag","embeddable":true,"href":"https:\/\/htb.com.pl\/index.php?rest_route=%2Fwp%2Fv2%2Ftags&post=155"}],"curies":[{"name":"wp","href":"https:\/\/api.w.org\/{rel}","templated":true}]}}