{"id":15552,"date":"2020-01-04T05:36:44","date_gmt":"2020-01-04T05:36:44","guid":{"rendered":"https:\/\/htb.com.pl\/?p=15552"},"modified":"2020-01-04T20:18:53","modified_gmt":"2020-01-04T20:18:53","slug":"zwyciestwo","status":"publish","type":"post","link":"https:\/\/htb.com.pl\/?p=15552","title":{"rendered":"&#8220;Zwyci\u0119stwo&#8221;"},"content":{"rendered":"\n<p><\/p>\n\n\n\n<figure class=\"wp-block-image size-large\"><img loading=\"lazy\" decoding=\"async\" width=\"200\" height=\"191\" src=\"https:\/\/htb.com.pl\/wp-content\/uploads\/2018\/12\/ziemia.gif\" alt=\"\" class=\"wp-image-2506\"\/><\/figure>\n\n\n\n<p>Pan Prezydent Andrzej Duda na 2020 rok, \u017cyczy\u0142 nam osobistych  zwyci\u0119stw.  My\u015bl\u0119, \u017ce nie m\u00f3wi\u0142 z g\u0142owy, bo jego przem\u00f3wienie by\u0142o bardzo dobre. S\u0142owo zwyci\u0119stwo wybrzmia\u0142o dopiero na ko\u0144cu, wcze\u015bniej by\u0142 to &#8220;sukces&#8221; &#8211; i jak zwykle dali\u015bmy si\u0119 nabra\u0107.  Prezydent wie, \u017ce zwyci\u0119stwo o kt\u00f3rym m\u00f3wi, w jego ustach jest k\u0142amstwem, czyli z\u0142em, wi\u0119c por\u00f3wnuje go do zwyci\u0119stw w sporcie, kt\u00f3re s\u0105 dobre.  Zwyci\u0119stwo o kt\u00f3rym my\u015bli prezydent, to Bitwa Warszawska, z sierpnia 1920 roku, kt\u00f3ra ma by\u0107 symbolem naszych zwyci\u0119stw w tym roku.  Mamy stu lecie tej bitwy. Ale czy prezydent Andrzej Duda ma prawo uto\u017csamia\u0107 si\u0119 z tamtym zwyci\u0119stwem? Post\u0119puje tu jak J\u00f3zef Pi\u0142sudski, kt\u00f3ry sobie przypisa\u0142 &#8220;Cud nad Wis\u0142\u0105&#8221; &#8211; chocia\u017c z bitw\u0105 t\u0105 mia\u0142 tyle wsp\u00f3lnego, \u017ce j\u0105 spowodowa\u0142. To jego polityka sprawi\u0142a, \u017ce ruscy znale\u017ali si\u0119 pod Warszaw\u0105. Dzi\u015b piewcy jego &#8220;geniuszu&#8221; sprawili, \u017ce nas obra\u017caj\u0105. Ja rozumiem, \u017ce trzeba odwo\u0142ywa\u0107 si\u0119 do historii ale tej prawdziwej. To Wincenty Witos pokona\u0142 komunizm w dwudziestym roku, a potem odm\u00f3wi\u0142 Niemcom stani\u0119cia na czele rz\u0105du kolaboracyjnego i to jego stawiajmy sobie za wz\u00f3r, a nie Pi\u0142sudskiego. Wtedy nasza historia naprawd\u0119 b\u0119dzie pi\u0119kna. Wtedy oparli\u015bmy si\u0119 komunizmowi i faszyzmowi, a dzi\u015b ulegli\u015bmy populizmowi, kt\u00f3ry symbolizuje tamte totalitaryzmy. To zwyci\u0119stwo? Naprawd\u0119? \u015amiesz\u0105 mnie wypowiedzi naszych polityk\u00f3w, gdy odpowiadaj\u0105c na prowokacje W\u0142adimira Putina, prezydenta Rosji m\u00f3wi\u0105, \u017ce Polaka jako jedyny kraj w Europie, nie kolaborowa\u0142a z Niemcami. Naprawd\u0119? <a href=\"https:\/\/htb.com.pl\/?p=196\">To co sprawi\u0142o, \u017ce w 1944 roku zgin\u0119\u0142o 200 tysi\u0119cy warszawiak\u00f3w<\/a>, <a href=\"https:\/\/htb.com.pl\/?p=1247\">kto sk\u0142ada\u0142 kwiaty na grobie \u017co\u0142nierzy Brygady \u015awi\u0119tokrzyskiej,<\/a> kto <a href=\"https:\/\/htb.com.pl\/?p=6994\">obj\u0105\u0142 honorowym patronatem rocznic\u0119 jej powstania!? <\/a> <a href=\"https:\/\/htb.com.pl\/?p=185\">O Zaolziu te\u017c trzeba pami\u0119ta\u0107<\/a>. To co nas r\u00f3\u017cni od dawnych kolaborant\u00f3w to to, \u017ce oni obalili kult jednostki jako form\u0119 rz\u0105dzenia, a my obalili\u015bmy demokracj\u0119 i przywracamy kult jednostki. Ja wiem jak to si\u0119 mo\u017ce  sko\u0144czy\u0107, wiem, bo zna\u0142em Marysi\u0119. Ona w 1986-7 roku, opowiada\u0142a mi o generale Francisco Franko &#8211; hiszpa\u0144skim dyktatorze, kt\u00f3ry po II wojnie \u015bwiatowej robi\u0142 dok\u0142adnie to, co nasi dzisiejsi politycy. Stworzy\u0142 dla siebie kult jednostki, oparty na propagandzie i przywilejach dla kleru. Sko\u0144czy\u0142o si\u0119 terrorystami ETA i bliznami na ciele Marysi. Ale te blizny by\u0142y r\u00f3wnie\u017c w jej psychice i ujawnia\u0142y si\u0119, gdy kto\u015b przekroczy\u0142 &#8220;granic\u0119&#8221;. Wtedy my\u015bla\u0142em, \u017ce to by\u0142o z\u0142e, dzi\u015b wiem, \u017ce nie. Pami\u0119tam co zrobi\u0142a jednemu z hiszpa\u0144skich agent\u00f3w, kt\u00f3ry j\u0105 zaatakowa\u0142. Wymy\u015bli\u0142, \u017ce poder\u017cnie Majce gard\u0142o, za jej dzia\u0142ania w Kraju Bask\u00f3w i w ten spos\u00f3b os\u0142abi pozycj\u0119 genera\u0142a  Jaruzelskiego w Watykanie. Gdy musia\u0142 b\u0142aga\u0107 o lito\u015b\u0107, chwali genera\u0142a Franko, twierdzi\u0142, \u017ce to jego bohater,  jest pochowany w Dolinie Poleg\u0142ych (Valle de los Caidos) &#8211; to mauzoleum hiszpa\u0144skiej wojny domowej. Majka mu odpowiedzia\u0142a &#8211; le\u017c\u0105 tam 33,8 tysi\u0105ce ofiar tej wojny, wywo\u0142anej polityk\u0105 genera\u0142a Franco. Gdyby nie jej ludzie, zat\u0142uk\u0142a by ch\u0142opaka. W\u0142a\u015bnie przeniesiono stamt\u0105d cia\u0142o genera\u0142a Franco, skremowano i pochowano w madryckiej katedrze Almudena. My robimy dok\u0142adnie odwrotnie.<\/p>\n\n\n\n<div class=\"wp-block-group\"><div class=\"wp-block-group__inner-container is-layout-flow wp-block-group-is-layout-flow\">\n<div class=\"wp-block-group\"><div class=\"wp-block-group__inner-container is-layout-flow wp-block-group-is-layout-flow\">\n<figure class=\"wp-block-image size-large\"><a href=\"https:\/\/htb.com.pl\/?product=wojna-hybrydowa\"><img loading=\"lazy\" decoding=\"async\" width=\"200\" height=\"287\" src=\"https:\/\/htb.com.pl\/wp-content\/uploads\/2020\/01\/hebryd.jpg\" alt=\"\" class=\"wp-image-15579\"\/><\/a><\/figure>\n<\/div><\/div>\n<\/div><\/div>\n\n\n\n<p>Wojna s\u0142u\u017cb &#8211; o kt\u00f3rej pisz\u0119 od lat ci\u0105gle trwa. My\u015bl\u0119, \u017ce jest brutalna jak wtedy, gdy mog\u0142em j\u0105 obserwowa\u0107. I tu nale\u017cy \u017cyczy\u0107 Polsce zwyci\u0119stwa. W\u0105tpi\u0119, czy prezydent Andrzej Duda i premier Mateusz Morawiecki wiedz\u0105 o czym pisz\u0119. Honorowy patronat nad rocznic\u0105 powstania Brygady \u015awi\u0119tokrzyskiej i kwiaty na grobie jej \u017co\u0142nierzy pod Monachium, \u015bwiadcz\u0105, \u017ce nie wiedz\u0105 ale jest co\u015b gorszego.<\/p>\n\n\n\n<p>Donald Trump, prezydent USA w\u0142a\u015bnie si\u0119 pochwali\u0142, \u017ce jego agenci zabili w Iraku ira\u0144skiego genera\u0142a Kasemi Sulejmaniego &#8211; podobno by\u0142 jak cie\u0144.  Major Mari te\u017c tak  nazywali, bo jak do niej strzelali,  nie trafiali. Prezydent Andrzej Duda ma nadziej\u0119 na deeskalacj\u0119 konfliktu. Mamy w Polsce powiedzenie, czyj\u0105 matk\u0105 jest nadzieja&#8230;  Zapomnia\u0142 pan jak w Warszawie<a href=\"https:\/\/htb.com.pl\/?p=3114\"> konferencj\u0119 bliskowschodni\u0105 dla Amerykan\u00f3w organizowa\u0142.<\/a><\/p>\n\n\n\n<p>Znowu \u017ale napisa\u0142em &#8211; teraz b\u0119dzie dobrze, jedno zdanie. Jest nadzieja Kochani &#8211; naprawd\u0119, mo\u017ce nie na ten rok ale na t\u0105 dekad\u0119, kt\u00f3ra si\u0119 zacz\u0119\u0142a. T\u0105 nadziej\u0105 s\u0105 m\u0142odzi ludzie, kt\u00f3rych teraz zaraz\u0105 nazywaj\u0105. Musz\u0105 pokona\u0107 populizm i uratowa\u0107 Ziemi\u0119 &#8211; innego wyj\u015bcia nie maj\u0105. I tego zwyci\u0119stwa tej Ziemi \u017cycz\u0119.<\/p>\n","protected":false},"excerpt":{"rendered":"<p>Pan Prezydent Andrzej Duda na 2020 rok, \u017cyczy\u0142 nam osobistych zwyci\u0119stw. My\u015bl\u0119, \u017ce nie m\u00f3wi\u0142 z g\u0142owy, bo jego przem\u00f3wienie by\u0142o bardzo dobre. S\u0142owo zwyci\u0119stwo wybrzmia\u0142o dopiero na ko\u0144cu, wcze\u015bniej by\u0142 to &#8220;sukces&#8221; &#8211; i jak zwykle dali\u015bmy si\u0119 nabra\u0107. Prezydent wie, \u017ce zwyci\u0119stwo o kt\u00f3rym m\u00f3wi, w jego ustach jest k\u0142amstwem, czyli z\u0142em, wi\u0119c [&hellip;]<\/p>\n","protected":false},"author":1,"featured_media":2506,"comment_status":"closed","ping_status":"open","sticky":false,"template":"","format":"standard","meta":{"_jetpack_memberships_contains_paid_content":false,"footnotes":""},"categories":[4],"tags":[545,544,543],"class_list":["post-15552","post","type-post","status-publish","format-standard","has-post-thumbnail","hentry","category-daty-i-fakty-blog","tag-donald-trump","tag-zaraza","tag-zwyciestwo"],"jetpack_sharing_enabled":true,"jetpack_featured_media_url":"https:\/\/htb.com.pl\/wp-content\/uploads\/2018\/12\/ziemia.gif","_links":{"self":[{"href":"https:\/\/htb.com.pl\/index.php?rest_route=\/wp\/v2\/posts\/15552","targetHints":{"allow":["GET"]}}],"collection":[{"href":"https:\/\/htb.com.pl\/index.php?rest_route=\/wp\/v2\/posts"}],"about":[{"href":"https:\/\/htb.com.pl\/index.php?rest_route=\/wp\/v2\/types\/post"}],"author":[{"embeddable":true,"href":"https:\/\/htb.com.pl\/index.php?rest_route=\/wp\/v2\/users\/1"}],"replies":[{"embeddable":true,"href":"https:\/\/htb.com.pl\/index.php?rest_route=%2Fwp%2Fv2%2Fcomments&post=15552"}],"version-history":[{"count":26,"href":"https:\/\/htb.com.pl\/index.php?rest_route=\/wp\/v2\/posts\/15552\/revisions"}],"predecessor-version":[{"id":15658,"href":"https:\/\/htb.com.pl\/index.php?rest_route=\/wp\/v2\/posts\/15552\/revisions\/15658"}],"wp:featuredmedia":[{"embeddable":true,"href":"https:\/\/htb.com.pl\/index.php?rest_route=\/wp\/v2\/media\/2506"}],"wp:attachment":[{"href":"https:\/\/htb.com.pl\/index.php?rest_route=%2Fwp%2Fv2%2Fmedia&parent=15552"}],"wp:term":[{"taxonomy":"category","embeddable":true,"href":"https:\/\/htb.com.pl\/index.php?rest_route=%2Fwp%2Fv2%2Fcategories&post=15552"},{"taxonomy":"post_tag","embeddable":true,"href":"https:\/\/htb.com.pl\/index.php?rest_route=%2Fwp%2Fv2%2Ftags&post=15552"}],"curies":[{"name":"wp","href":"https:\/\/api.w.org\/{rel}","templated":true}]}}