{"id":1575,"date":"2018-09-07T04:47:31","date_gmt":"2018-09-07T04:47:31","guid":{"rendered":"https:\/\/htb.com.pl\/?p=1575"},"modified":"2020-02-24T08:29:50","modified_gmt":"2020-02-24T08:29:50","slug":"nikt-nam-nie-zrobi-nic-bo-z-nami-smigly-rydz","status":"publish","type":"post","link":"https:\/\/htb.com.pl\/?p=1575","title":{"rendered":"Nikt nam nie zrobi nic Bo z nami, \u015amig\u0142y-Rydz"},"content":{"rendered":"<p>Te s\u0142owa pie\u015bni o Naczelnym Wodzu Sanacyjnej\u00a0 Polski \u015bpiewanej w dniach kl\u0119ski wrze\u015bniowej 1939 roku, doskonale oddaj\u0105 tamten czas. Na dzie\u0144 przed wybuchem tej strasznej hekatomby, jak\u0105 by\u0142a II wojna \u015bwiatowa, nikt w Polsce nie wierzy\u0142, \u017ce na taki wspania\u0142y, bohaterski nar\u00f3d mo\u017ce kto\u015b napa\u015b\u0107. <a href=\"https:\/\/htb.com.pl\/?product=ii-wojna-swiatowa-w-polsce-piec-dramatycznych-lat-w-historii-polski\"><img loading=\"lazy\" decoding=\"async\" class=\"size-full wp-image-1572 alignright\" src=\"https:\/\/htb.com.pl\/wp-content\/uploads\/2018\/09\/wojna.jpg\" alt=\"\" width=\"200\" height=\"272\" \/><\/a>To co wtedy dzia\u0142o si\u0119 w polskiej polityce, bardzo przypomina dzisiejsz\u0105 nasz\u0105 sytuacj\u0119. Kompletna amatorszczyzna, brak jakiejkolwiek logicznej strategii, planu. Nie tylko obrony, jakiegokolwiek planu. Wszystko by\u0142o robione pod wp\u0142ywem sonda\u017cy, a co ludzie powiedz\u0105. To dok\u0142adnie jak dzi\u015b. Niemcy zajmuj\u0105c Czechy i Morawy okr\u0105\u017cy\u0142y praktycznie Polsk\u0119. D\u0142ugo\u015b\u0107 granicy z Niemcami wynosi\u0142a ponad 1600 kilometr\u00f3w. Nasza armia uczestniczy\u0142a razem z hitlerowskimi Niemcami\u00a0 w tej operacji zajmuj\u0105c Zaolzie. (2 pa\u017adziernik 1938 rok) To by\u0142o tak durne, \u017ce nawet dzisiejsza pr\u00f3ba wyprowadzenia Polski z Unii Europejskiej przez z\u0142ych polityk\u00f3w tego nie przebije. My\u015bl\u0119 jednak, \u017ce wtedy byli\u015bmy w lepszej sytuacji jak teraz.<\/p>\n<p>Po \u015bmierci J\u00f3zefa Pi\u0142sudskiego (12 maja 1935) upad\u0142 kult jednostki. Dzi\u015b to jest g\u0142\u00f3wny nasz problem. Zacz\u0119to unowocze\u015bnia\u0107 armi\u0119.<img loading=\"lazy\" decoding=\"async\" class=\"size-medium wp-image-1614 alignleft\" src=\"https:\/\/htb.com.pl\/wp-content\/uploads\/2018\/09\/kawaleria-300x217.jpg\" alt=\"\" width=\"300\" height=\"217\" srcset=\"https:\/\/htb.com.pl\/wp-content\/uploads\/2018\/09\/kawaleria-300x217.jpg 300w, https:\/\/htb.com.pl\/wp-content\/uploads\/2018\/09\/kawaleria-768x556.jpg 768w, https:\/\/htb.com.pl\/wp-content\/uploads\/2018\/09\/kawaleria-600x435.jpg 600w, https:\/\/htb.com.pl\/wp-content\/uploads\/2018\/09\/kawaleria.jpg 990w\" sizes=\"auto, (max-width: 300px) 100vw, 300px\" \/> Pogl\u0105d Pi\u0142sudskiego, \u017ce bro\u0144 pancerna jest jedynie dodatkiem do kawalerii, upad\u0142 wraz z jego \u015bmierci\u0105.\u00a0 Nam dzi\u015b ci\u0105gle si\u0119 wmawia, \u017ce partyzantka &#8211; etos \u017co\u0142nierzy wykl\u0119tych to to, co nas wyr\u00f3\u017cni na wsp\u00f3\u0142czesnym polu walki. Inwestuje si\u0119 w Obron\u0119 Terytorialn\u0105.<\/p>\n<p>Po \u015bmierci J\u00f3zefa Pi\u0142sudskiego powsta\u0142y w Polsce naprawd\u0119 nowoczesne elementy uzbrojenia , cho\u0107by: Pistolet VIS nosi nazw\u0119 \u2013 wz\u00f3r 35,\u00a0\u00a0Karabin przeciwpancerny \u2013 wz\u00f3r 35,\u00a0Granatnik 46 mm \u2013 wz\u00f3r 36,\u00a0Armata przeciwpancerna \u2013 wz\u00f3r 36,\u00a0 Armata przeciwlotnicza 40 mm \u2013 wz\u00f3r 36.<\/p>\n<p>Polityka tamtego okresu pomijaj\u0105c zaj\u0119cie Zaolzia z hitlerowcami,\u00a0 nie by\u0142a taka z\u0142a. No &#8211;\u00a0 jak j\u0105 do dzisiejszej por\u00f3wnamy. Jak por\u00f3wnamy armie Polski i Niemiec tamtego okresu,\u00a0 wygl\u0105da\u0142o to tak:<\/p>\n<ul>\n<li>\u00a0 \u00a0 \u00a0 \u00a0 \u00a0 \u00a0 \u00a0 \u00a0 \u00a0 \u00a0 \u00a0 \u00a0 POLSKA\u00a0 \u00a0 \u00a0 \u00a0 \u00a0 \u00a0 \u00a0 \u00a0 \u00a0 \u00a0 \u00a0 \u00a0 \u00a0 \u00a0 \u00a0 \u00a0 \u00a0 \u00a0 \u00a0 \u00a0 \u00a0 \u00a0 \u00a0 \u00a0 \u00a0 \u00a0 \u00a0 \u00a0 \u00a0 \u00a0 \u00a0 NIEMCU<\/li>\n<\/ul>\n<p>\u017bO\u0141NIERZE\u00a0 \u00a0 \u00a0 \u00a0 \u00a0 \u00a0 \u00a0 \u00a0 \u00a0 950 tys.\u00a0 \u00a0 \u00a0 \u00a0 \u00a0 \u00a0 \u00a0 \u00a0 \u00a0 \u00a0 \u00a0 \u00a0 \u00a0 \u00a0 \u00a0 \u00a0 \u00a0 \u00a0 \u00a0 \u00a0 \u00a0 \u00a0 \u00a0 \u00a0 \u00a0 \u00a0 \u00a0 \u00a0 \u00a0 \u00a0 \u00a0 1850 tys..<\/p>\n<p>DZIA\u0141A\u00a0 \u00a0 \u00a0 \u00a0 \u00a0 \u00a0 \u00a0 \u00a0 \u00a0 \u00a0 \u00a0 \u00a0 \u00a0 \u00a04,8 tys.\u00a0 \u00a0 \u00a0 \u00a0 \u00a0 \u00a0 \u00a0 \u00a0 \u00a0 \u00a0 \u00a0 \u00a0 \u00a0 \u00a0 \u00a0 \u00a0 \u00a0 \u00a0 \u00a0 \u00a0 \u00a0 \u00a0 \u00a0 \u00a0 \u00a0 \u00a0 \u00a0 \u00a0 \u00a0 \u00a0 \u00a0 \u00a0 11 tys.<\/p>\n<p>CZO\u0141GI\u00a0 \u00a0 \u00a0 \u00a0 \u00a0 \u00a0 \u00a0 \u00a0 \u00a0 \u00a0 \u00a0 \u00a0 700\u00a0 \u00a0 \u00a0 \u00a0 \u00a0 \u00a0 \u00a0 \u00a0 \u00a0 \u00a0 \u00a0 \u00a0 \u00a0 \u00a0 \u00a0 \u00a0 \u00a0 \u00a0 \u00a0 \u00a0 \u00a0 \u00a0 \u00a0 \u00a0 \u00a0 \u00a0 \u00a0 \u00a0 \u00a0 \u00a0 \u00a0 \u00a0 \u00a0 \u00a0 \u00a0 \u00a0 \u00a02800<\/p>\n<p>SAMOLOTY\u00a0 \u00a0 \u00a0 \u00a0 \u00a0 \u00a0 \u00a0 \u00a0 \u00a0 400\u00a0 \u00a0 \u00a0 \u00a0 \u00a0 \u00a0 \u00a0 \u00a0 \u00a0 \u00a0 \u00a0 \u00a0 \u00a0 \u00a0 \u00a0 \u00a0 \u00a0 \u00a0 \u00a0 \u00a0 \u00a0 \u00a0 \u00a0 \u00a0 \u00a0 \u00a0 \u00a0 \u00a0 \u00a0 \u00a0 \u00a0 \u00a0 \u00a0 \u00a0 \u00a0 \u00a0 \u00a02000<\/p>\n<p>Ta ogromna przewaga by\u0142a jeszcze spot\u0119gowana ucieczka Naczelnego Wodza, Rydz \u015amig\u0142ego, gdy Niemcy napad\u0142y na Polsk\u0119. Chaos jaki powsta\u0142 w dowodzeniu, spowodowa\u0142, \u017ce na g\u0142\u00f3wnych kierunkach uderzenia Niemcy mieli druzgoc\u0105c\u0105 przewag\u0119. Jak widz\u0119 naszych dzisiejszych z\u0142ych polityk\u00f3w, odgradzaj\u0105cych si\u0119 od spo\u0142ecze\u0144stwa barierkami, jakimi\u015b szmatami, ochron\u0105 uzbrojona po z\u0119by &#8211; wiem, \u017ce te\u017c jak tamci sanacyjni\u00a0 boj\u0105 si\u0119. Wiem, \u017ce te\u017c spieprz\u0105 jakby co.\u00a0 Z wojskowego punktu widzenia nale\u017ca\u0142o skoncentrowa\u0107 si\u0142y obronne\u00a0 na linii Wis\u0142y i Sanu. Jednak sanacyjni politycy uznali, \u017ce Niemcy zajm\u0105 tereny \u015al\u0105ska,\u00a0 Pomorza i zako\u0144cz\u0105 walki. Uznaj\u0105c, \u017ce zosta\u0142y naprawione ich krzywdy wynikaj\u0105ce z Traktatu Wersalskiego. Nie potrafi\u0119 i nie chc\u0119 tego ocenia\u0107. Wiem jedno, jak jest wojna, ma decydowa\u0107 wojsko a nie politycy. No w\u0142asnie a dzi\u015b co jest, wojna czy pok\u00f3j? GRU &#8211; rosyjski wywiad rozwala nam kraj, nasi politycy tego nie zauwa\u017cyli. wi\u0119c pok\u00f3j, politycy decyduj\u0105. Zdecydowali, \u017ce ze \u015brodk\u00f3w na wojsko kupi\u0105 samoloty da VIP-\u00f3w. Fajnie to wygl\u0105da na papierze, mo\u017cna si\u0119 chwali\u0107, \u017ce wydajemy 2 % PKB na wojsko.\u00a0 Tylko \u017ce to propaganda jest, sami w ni\u0105 kochani nie wierzycie, a jak wierzycie to&#8230;<\/p>\n<p>W 1976 roku gdy Wy lub Wasi Rodzice krzyczeli &#8220;Pomo\u017cemy&#8221; na wezwanie Edwarda Gierka,\u00a0 Marysia, m\u0142oda dziewczyna po maturze, postanowi\u0142a pom\u015bci\u0107 krzywd\u0119 swego \u0141emkowskiego Narodu. kt\u00f3ry w akcji Wis\u0142a (1947-1950) zosta\u0142 wygnany ze swojej Ma\u0142ej Ojczyzny. Uzna\u0142a, \u017ce winien jest terror, nie W\u0142adys\u0142aw Gom\u00f3\u0142ka, nie politycy tylko terror, ludzka g\u0142upota. W Polsce terroru nie by\u0142o, na Wyspach Brytyjskich IRA dokonywa\u0142a zamach\u00f3w terrorystycznych, tam postanowi\u0142a wype\u0142ni\u0107\u00a0 sw\u0105 powinno\u015b\u0107. Potem walczy\u0142a z ETA w Hiszpanii. <a href=\"https:\/\/htb.com.pl\/?p=18549\"><img loading=\"lazy\" decoding=\"async\" class=\"size-full wp-image-1621 alignleft\" src=\"https:\/\/htb.com.pl\/wp-content\/uploads\/2018\/09\/Wojciech-J.jpg\" alt=\"\" width=\"200\" height=\"299\" \/><\/a>Gdy wr\u00f3ci\u0142a do Polski w 1986 roku, genera\u0142 Wojciech Jaruzelski oddal jej honor a ona jemu. Spotka\u0142o si\u0119 dwoje ludzi walcz\u0105cych z ludzk\u0105 g\u0142upot\u0105. <a href=\"https:\/\/htb.com.pl\/?p=143\">Papie\u017c Jan Pawe\u0142 II te\u017c szanowa\u0142 Genera\u0142a Jaruzelskiego<\/a>, to on spowodowa\u0142, \u017ce <a href=\"https:\/\/htb.com.pl\/?p=1391\">ci dwoje spotkali si\u0119<\/a>. To by\u0142a w\u0142a\u015bciwa droga. Atak\u00a0 na Irak i destabilizacja Afryki P\u00f3\u0142nocnej, rozpieprzenie polskiego wywiadu doprowadzi\u0142o do tego, \u017ce \u017ali politycy obj\u0119li w\u0142adz\u0119 w Polsce i nie tylko. Ale czy tylko to? My te\u017c nie jeste\u015bmy bez winy.\u00a0 W Dniu \u015awi\u0119ta Wojska Polskiego nikt nie wspomina LWP ani genera\u0142a Wojciecha Jaruzelskiego.\u00a0 To nasza historia jest. Mo\u017ce i nie ma si\u0119 czym chwali\u0107, ale to nasza historia. Ka\u017cdy kraj, Nar\u00f3d ma w swojej historii momenty, kt\u00f3rymi nie mo\u017cna si\u0119 chwali\u0107 ale nie mo\u017cna ich przemilcza\u0107. Puknijcie si\u0119 wreszcie w \u0142eb, tylko nie za mocno, bo kto\u015b pomy\u015bli, \u017ce bij\u0105 w tarabany. To powiedzenie Marysi.<\/p>\n<p>Pami\u0119tam 1987 rok, Marysia \u015bmiertelnie chora, le\u017ca\u0142a w szpitalu i pracowa\u0142a. Jej pisma w kwestii wolnych wybor\u00f3w, kt\u00f3re Papie\u017c Jan Pawe\u0142 II kaza\u0142 Jaruzelskiemu przeprowadzi\u0107 wskazywa\u0142y, \u017ce najpierw nale\u017cy przeprowadzi\u0107 zmiany w edukacji. Historii nie mo\u017cna uczy\u0107\u00a0 zaczynaj\u0105c zawsze od staro\u017cytno\u015bci i potem ile si\u0119 da. Trzeba uczy\u0107 tak, \u017ceby b\u0142\u0119dy z naszej przesz\u0142o\u015bci nie zosta\u0142y znowu pope\u0142nione. Kiedy\u015b po jej kolejnej k\u0142\u00f3tni z m\u0142odym ksi\u0119dzem, przedstawicielem Episkopatu, Majka p\u0142aka\u0142a.\u00a0 Jestem bezsilna Jasiu i nie chodzi o moj\u0105 chorob\u0119. Ty masz racj\u0119, to wszystko jest chore. Powiedz co ja robi\u0119 \u017ale? Chc\u0119 aby Polacy zanim b\u0119d\u0105 mogli wybiera\u0107 w wolnych wyborach, mieli wyobra\u017ani\u0119. Sam m\u00f3wi\u0142e\u015b, \u017ce brak wyobra\u017ani to g\u0142\u00f3wna przyczyna wypadk\u00f3w przy pracy\u00a0 w twoim tartaku. Jak to sprawdzi\u0107 Marysiu, jak sprawdzi\u0107 czy ju\u017c mamy wyobra\u017ani\u0119? Wypadk\u00f3w b\u0119dzie mniej a uczniowie w szko\u0142ach nie b\u0119d\u0105 \u015bci\u0105ga\u0107.\u00a0 Zawsze si\u0119 \u015bci\u0105ga\u0142o, powiedzia\u0142em. Gdy studiowa\u0142am za granic\u0105, tam nikt nie \u015bci\u0105ga\u0142, oni maj\u0105 wyobra\u017ani\u0119, potrafi\u0105 sobie wyobrazi\u0107, \u017ce jak b\u0119d\u0105 \u015bci\u0105ga\u0107 to nic si\u0119 nie naucz\u0105 i b\u0119d\u0105 g\u00f3wno warci.<\/p>\n<p>Gdy to m\u00f3wi\u0142a karmi\u0142em j\u0105, szpitalnego jedzenia nie tkn\u0119\u0142a. Zrobi\u0142em jej kark\u00f3wk\u0119 w sosie pomidorowym zag\u0119szczonym \u015bmietan\u0105 i ziemniaki. Podawa\u0142em jej rozgotowan\u0105 kark\u00f3wk\u0119, specjalnie rozgotowywa\u0142em, wcze\u015bniej podsma\u017cy\u0142em.\u00a0 Strasznie jej posmakowa\u0142o, nawet nie zauwa\u017cy\u0142a, \u017ce podawa\u0142em jej r\u00f3wnie\u017c\u00a0 ziemniaki, kt\u00f3rych nie lubi\u0142a. Marysia wyliza\u0142a talerz, temat o naszym braku wyobra\u017ani upad\u0142.\u00a0 Znowu jem, znaczy jeszcze nie umr\u0119 Jasiu. Podesz\u0142a piel\u0119gniarka &#8211; daj Janek te gary, pomyj\u0119. Zjad\u0142a ca\u0142y ten sos, to pomidory, potas. wiem ju\u017c czemu jak zje twojego, jej wyniki si\u0119 poprawiaj\u0105. Na s\u0142oninie robi\u0119, ju\u017c \u015bpi. A nasze jest na oleju. Piel\u0119gniarka wytar\u0142a upierdzielon\u0105 sosem buzi\u0119 Marysi, ta otworzy\u0142a oczy i m\u00f3wi, nie podrywaj mojego ch\u0142opaka &#8211; Sanacja wraca.<\/p>\n<p>No i wr\u00f3ci\u0142a. Ogl\u0105da\u0142am w\u0142a\u015bnie konwencj\u0119 ugrupowa\u0144 prawicowych. To pocz\u0105tek kampanii samorz\u0105dowej. Pan Jaros\u0142aw Kaczy\u0144ski ze swoj\u0105 teori\u0105 ka\u017cdemu naszemu wed\u0142ug jego potrzeb postraszy\u0142, \u017ce jak wybierzemy nie tych co trzeba, to on nie da\u00a0 pieni\u0119dzy. \u017beby by\u0107 wiarygodnym, kaza\u0142 to powt\u00f3rzy\u0107 premierowi Mateuszowi Morawieckiemu, gdzie si\u0119 tylko da. Ten \u017ceby zrobi\u0107 to dobrze, zer\u017cn\u0105 pomys\u0142 Donalda Tuska, wsiad\u0142 do autokaru i teraz b\u0119dzie udawa\u0142 Tuska z kampanii parlamentarnej 2011 roku. &#8220;Mate-Mor Bus&#8221;:) Dopiero teraz zrozumia\u0142em, czemu Marysia tak ba\u0142a si\u0119 powrotu Sanacji, ludzi bez wyobra\u017ani jak ich okre\u015bla\u0142a.<\/p>\n<ul>\n<li>Katastrofa Smole\u0144ska, to brak wyobra\u017ani.<\/li>\n<li>Prokurator Generalny Andrzej Seremet, kt\u00f3ry pozwoli\u0142 na tak beznadziejn\u0105 polityk\u0119 informacyjn\u0105 o wyja\u015bnianiu Katastrofy Smole\u0144skiej, \u017ce &#8230; To przedstawiciel Sanacji, nominowany przez Lecha Kaczy\u0144skiego.<\/li>\n<li>Ma\u0142gorzata Gersdorf, kt\u00f3ra uzna\u0142a wa\u017cno\u015b\u0107 wybor\u00f3w parlamentarnych 2015 roku, bo nie zauwa\u017cy\u0142a, \u017ce PiS korumpowa\u0142 grupy spo\u0142eczne &#8211;\u00a0 wynikiem tych wybor\u00f3w\u00a0 by\u0142 zamach konstytucyjny. Pani Gersdorf te\u017c na S\u0119dziego S\u0105du Najwy\u017cszego, by\u0142a nominowana przez Lecha Kaczy\u0144skiego.\u00a0 \u00a0 \u00a0 \u00a0 \u00a0 \u00a0 \u00a0 \u00a0 \u00a0 \u00a0 \u00a0 \u00a0 \u00a0 \u00a0 \u00a0 \u00a0 \u00a0 \u00a0 \u00a0 \u00a0 \u00a0 \u00a0 \u00a0 \u00a0 \u00a0 \u00a0 \u00a0 \u00a0 \u00a0 \u00a0 \u00a0 \u00a0 \u00a0 \u00a0 \u00a0 \u00a0 \u00a0 \u00a0 \u00a0 \u00a0 \u00a0 \u00a0 \u00a0 \u00a0 \u00a0 \u00a0 \u00a0 \u00a0 \u00a0 \u00a0 \u00a0 \u00a0 \u00a0 \u00a0 \u00a0 \u00a0 \u00a0 \u00a0 \u00a0 \u00a0 \u00a0 \u00a0 \u00a0 \u00a0 \u00a0 \u00a0 \u00a0 \u00a0 Rzeczywi\u015bcie ludzie popieraj\u0105cy Sanacj\u0119 nie maj\u0105 wyobra\u017ani,\u00a0 nie potrafi\u0105 sobie wyobrazi\u0107 skutk\u00f3w swoich dzia\u0142a\u0144. Te trzy fakty z naszej najnowszej historii s\u0105 dla mnie jak czarny sen Marysi. S\u0105 tym czego Ona\u00a0 tak si\u0119 ba\u0142a. Ludzie, kt\u00f3rzy nie potrafi\u0105 przewidzie\u0107 skutk\u00f3w swoich dzia\u0142a\u0144, nie powinni rz\u0105dzi\u0107 Jasiu &#8211; m\u00f3wi\u0142a cicho, cichutko, coraz ciszej.\u00a0 \u00a0 \u00a0 \u00a0 \u00a0 \u00a0 \u00a0 \u00a0 \u00a0 \u00a0 \u00a0 \u00a0 \u00a0 Ju\u017c po jej \u015bmierci zorganizowano cz\u0119\u015bciowo wolne wybory 4 czerwca 1989 roku\u00a0 i potem nast\u0119pne ju\u017c ca\u0142kiem demokratyczne 27 pa\u017adziernika 1991 roku. Uznano, \u017ce nie ma na co czeka\u0107, co inni powiedz\u0105, w pozosta\u0142ych krajach dawnego bloku wschodniego, wolne wybory odby\u0142y si\u0119 dawno. Oczywi\u015bcie wygrywali ludzie zwi\u0105zani z Sanacj\u0105, ba\u0142agan w kraju by\u0142 coraz wi\u0119kszy. Dosz\u0142o do tego, \u017ce 31 maja 1993 roku \u017ali politycy sami zrozumieli, \u017ce s\u0105 g\u00f3wno warci i skr\u00f3cili kadencj\u0119 Sejmu. Prezydent Lech Wa\u0142\u0119sa rozpisa\u0142 nowe wybory na 19 wrze\u015bnia 1993 rok. By\u0142 taki burdel w kraju, \u017ce wyobra\u017ania nie by\u0142a potrzebna \u017ceby wybra\u0107 w\u0142a\u015bciwie. Sanacja przegra\u0142a, rz\u0105d utworzy\u0142o SLD i PSL. Uspokoi\u0142o si\u0119, uchwalono Konstytucj\u0119 (2 kwietnia 1997). Teraz znowu \u017ceby dobrze wybra\u0107 potrzebna by\u0142a wyobra\u017ania a tej zabrak\u0142o.\u00a0W wyborach 21 wrze\u015bnia 1997 roku Sanacja tryumfuje. Akcja Wyborcza Solidarno\u015b\u0107 w koalicji z Uni\u0105 Wolno\u015bci z premierem Jerzym Buzkiem i Marianem Krzaklewskim udaj\u0105cym dawnego Pi\u0142sudskiego a dzisiejszego Jaros\u0142awa Kaczy\u0144skiego doprowadzili do dziury Bauca, do katastrofy. Kolejne wybory odby\u0142y si\u0119 23 wrze\u015bnia 2001 roku. Znowu wygra\u0142o SLD i UP, znowu wyobra\u017ania nie by\u0142a potrzebna, \u017ceby zag\u0142osowa\u0107 m\u0105drze.\u00a0 Sanacja zrozumia\u0142a, \u017ce uczciwie si\u0119 nie da.<a href=\"https:\/\/htb.com.pl\/?p=155\"> Afera Rywina<\/a>. Sta\u0142o si\u0119 jednak w mi\u0119dzyczasie co\u015b pozytywnego, zostali\u015bmy przyj\u0119ci do Unii Europejskiej. (1 maja 2004) Teraz wiele naszych dzia\u0142a\u0144 by\u0142o podyktowane dyrektywami z Brukseli.\u00a0 To w po\u0142\u0105czeniu z dotacjami spowodowa\u0142o, \u017ce zacz\u0119\u0142o i\u015b\u0107 w dobr\u0105 stron\u0119. W wyborach 25 wrze\u015bnia 2005 roku uznali\u015bmy, \u017ce teraz mo\u017ce rz\u0105dzi\u0107 kto che. <a href=\"https:\/\/htb.com.pl\/?p=208\">Wygra\u0142 PiS. Co nawywijali opisa\u0142em.<\/a> Dzi\u015b jednak historia zatoczy\u0142a ko\u0142o. Jeste\u015bmy w punkcie naszego wej\u015bcia do UE, znaczy teraz to wychodzimy. Znowu potrzebna jest wyobra\u017ania. to od nas zale\u017cy co si\u0119 stanie z Nasz\u0105 Polsk\u0105.\u00a0 \u00a0 \u00a0 \u00a0 \u00a0 \u00a0 \u00a0 \u00a0 \u00a0 \u00a0 \u00a0 \u00a0 \u00a0 \u00a0 \u00a0 \u00a0 \u00a0 \u00a0 \u00a0 \u00a0 \u00a0 \u00a0 \u00a0 \u00a0 \u00a0 \u00a0 \u00a0 \u00a0 \u00a0 \u00a0 \u00a0 \u00a0 \u00a0 \u00a0 \u00a0 \u00a0 \u00a0 \u00a0 \u00a0 \u00a0 Otrzymuj\u0119 od Pa\u0144stwa wiele informacji o Marysi, bardzo za nie dzi\u0119kuj\u0119. Jednak nie b\u0119d\u0119 ich przytacza\u0142. Tak &#8211; to prawda, robi\u0142a wiele dobrego. Ja zapyta\u0142em j\u0105 kiedy\u015b, czemu nie m\u00f3wisz o tym co robisz? M\u00f3wi\u0119\u00a0&#8211; tobie i Papie\u017cowi, a on Bogu, to wystarczy. Gdybym si\u0119 chwali\u0142a, \u017ce robi\u0119 dobre rzeczy, by\u0142aby to polityka, czyli z\u0142o. To z\u0142o jest potrzebne, \u017ceby dobro mog\u0142o go zwyci\u0119\u017ca\u0107. Fajnie to B\u00f3g wymy\u015bli\u0142, to od nas zale\u017cy, czy zwyci\u0119\u017cy dobro.<\/li>\n<\/ul>\n","protected":false},"excerpt":{"rendered":"<p>Te s\u0142owa pie\u015bni o Naczelnym Wodzu Sanacyjnej\u00a0 Polski \u015bpiewanej w dniach kl\u0119ski wrze\u015bniowej 1939 roku, doskonale oddaj\u0105 tamten czas. Na dzie\u0144 przed wybuchem tej strasznej hekatomby, jak\u0105 by\u0142a II wojna \u015bwiatowa, nikt w Polsce nie wierzy\u0142, \u017ce na taki wspania\u0142y, bohaterski nar\u00f3d mo\u017ce kto\u015b napa\u015b\u0107. To co wtedy dzia\u0142o si\u0119 w polskiej polityce, bardzo przypomina [&hellip;]<\/p>\n","protected":false},"author":1,"featured_media":1613,"comment_status":"open","ping_status":"open","sticky":false,"template":"","format":"standard","meta":{"_jetpack_memberships_contains_paid_content":false,"footnotes":""},"categories":[4],"tags":[222,223],"class_list":["post-1575","post","type-post","status-publish","format-standard","has-post-thumbnail","hentry","category-daty-i-fakty-blog","tag-nikt-nam-nie-zrobi-nic-bo-z-nami","tag-smigly-rydz"],"jetpack_sharing_enabled":true,"jetpack_featured_media_url":"https:\/\/htb.com.pl\/wp-content\/uploads\/2018\/09\/szlaban.jpg","_links":{"self":[{"href":"https:\/\/htb.com.pl\/index.php?rest_route=\/wp\/v2\/posts\/1575","targetHints":{"allow":["GET"]}}],"collection":[{"href":"https:\/\/htb.com.pl\/index.php?rest_route=\/wp\/v2\/posts"}],"about":[{"href":"https:\/\/htb.com.pl\/index.php?rest_route=\/wp\/v2\/types\/post"}],"author":[{"embeddable":true,"href":"https:\/\/htb.com.pl\/index.php?rest_route=\/wp\/v2\/users\/1"}],"replies":[{"embeddable":true,"href":"https:\/\/htb.com.pl\/index.php?rest_route=%2Fwp%2Fv2%2Fcomments&post=1575"}],"version-history":[{"count":52,"href":"https:\/\/htb.com.pl\/index.php?rest_route=\/wp\/v2\/posts\/1575\/revisions"}],"predecessor-version":[{"id":18577,"href":"https:\/\/htb.com.pl\/index.php?rest_route=\/wp\/v2\/posts\/1575\/revisions\/18577"}],"wp:featuredmedia":[{"embeddable":true,"href":"https:\/\/htb.com.pl\/index.php?rest_route=\/wp\/v2\/media\/1613"}],"wp:attachment":[{"href":"https:\/\/htb.com.pl\/index.php?rest_route=%2Fwp%2Fv2%2Fmedia&parent=1575"}],"wp:term":[{"taxonomy":"category","embeddable":true,"href":"https:\/\/htb.com.pl\/index.php?rest_route=%2Fwp%2Fv2%2Fcategories&post=1575"},{"taxonomy":"post_tag","embeddable":true,"href":"https:\/\/htb.com.pl\/index.php?rest_route=%2Fwp%2Fv2%2Ftags&post=1575"}],"curies":[{"name":"wp","href":"https:\/\/api.w.org\/{rel}","templated":true}]}}