{"id":16234,"date":"2020-01-18T07:16:18","date_gmt":"2020-01-18T07:16:18","guid":{"rendered":"https:\/\/htb.com.pl\/?p=16234"},"modified":"2020-02-25T10:05:23","modified_gmt":"2020-02-25T10:05:23","slug":"polacy-jestesmy-wielcy","status":"publish","type":"post","link":"https:\/\/htb.com.pl\/?p=16234","title":{"rendered":"Polacy &#8211; jeste\u015bmy wielcy"},"content":{"rendered":"\n<figure class=\"wp-block-image size-large\"><img loading=\"lazy\" decoding=\"async\" width=\"648\" height=\"430\" src=\"https:\/\/htb.com.pl\/wp-content\/uploads\/2020\/01\/Swiate\u0142ko.jpg\" alt=\"\" class=\"wp-image-16401\" srcset=\"https:\/\/htb.com.pl\/wp-content\/uploads\/2020\/01\/Swiate\u0142ko.jpg 648w, https:\/\/htb.com.pl\/wp-content\/uploads\/2020\/01\/Swiate\u0142ko-300x199.jpg 300w, https:\/\/htb.com.pl\/wp-content\/uploads\/2020\/01\/Swiate\u0142ko-600x398.jpg 600w\" sizes=\"auto, (max-width: 648px) 100vw, 648px\" \/><\/figure>\n\n\n\n<p>  Gra\u0142a <strong>WIELKA ORKIESTRA \u015aWI\u0104TECZNEJ POMOCY<\/strong>, to ju\u017c 28 fina\u0142, zebrano 115 milion\u00f3w na aparatur\u0119 dla zapewnienia najwy\u017cszych standard\u00f3w diagnostycznych i leczniczych w dzieci\u0119cej medycynie zabiegowej. Ostateczny wynik zostanie podany w marcu  ale ju\u017c dzi\u015b mo\u017cna powiedzie\u0107, \u017ce jeste\u015bmy wielcy. Teraz oby\u0142o si\u0119 bez wi\u0119kszych incydent\u00f3w, Jurek Owsiak po \u015bwiate\u0142ku do nieba do domu wr\u00f3ci\u0142 metrem. Hejt, nieprzychylna postawa cz\u0119\u015bci kleru i polityk\u00f3w bez wyobra\u017ani, nie tylko nie przeszkadzaj\u0105 ale pomagaj\u0105 w zbieraniu pieni\u0119dzy i to jest ta Nasza wielko\u015b\u0107.<\/p>\n\n\n\n<p>Odby\u0142 si\u0119 Marsz Tysi\u0105ca T\u00f3g &#8211; S\u0119dziowie ci\u0105gle si\u0119 nie daj\u0105, ci\u0105gle walcz\u0105 o sw\u0105 niezale\u017cno\u015b\u0107. W sobotnim marszu na ulicach Warszawy mieli wsparcie nie tylko swoich zagranicznych koleg\u00f3w S\u0119dzi\u00f3w z 21 kraj\u00f3w ale tak\u017ce zwyk\u0142ych Polak\u00f3w. To oni sprawili, \u017ce nie by\u0142 to marsz tysi\u0105ca &#8211; maszerowa\u0142o kilkana\u015bcie tysi\u0119cy ludzi i chod\u017a wi\u0119kszo\u015b\u0107 nie by\u0142a w togach, to wszyscy maszerowali w ciszy. Rok temu pisa\u0142em o ciszy. Marysia (wcze\u015bniejsze wpisy) m\u00f3wi\u0142a, \u017ce trzeba by\u0107 dobrym, \u017ceby nie ba\u0107 si\u0119 ciszy.  Nie mo\u017cna niszczy\u0107 S\u0105du Najwy\u017cszego tworz\u0105c Izb\u0119 Dyscyplinarn\u0105 dla S\u0119dzi\u00f3w oraz ustaw\u0119 &#8220;kaga\u0144cow\u0105&#8221;, czy dyscyplinuj\u0105c\u0105 jak j\u0105 jej tw\u00f3rcy nazywaj\u0105 i opowiada\u0107, \u017ce S\u0119dziowie to &#8220;komuni\u015bci&#8221;. Premier Mateusz Morawiecki zapytany przez dziennikarza &#8220;Die Welt&#8221;, jak mog\u0105 by\u0107 komunistami, skoro komuny nie pami\u0119taj\u0105 &#8211; odpowiedzia\u0142, \u017ce byli kszta\u0142ceni przez komunist\u00f3w. Pan Morawiecki reprezentuje tych polityk\u00f3w, kt\u00f3rzy tak\u017ce kszta\u0142cili si\u0119 w tych samych czasach co obecni S\u0119dziowie. Zapami\u0119ta\u0142, \u017ce w\u0142adz\u0105 najwy\u017csz\u0105 by\u0142 Sejm ale nie zauwa\u017cy\u0142, \u017ce mamy inny ustr\u00f3j i teraz w\u0142adz\u0105 najwy\u017csz\u0105 jest Konstytucja, kt\u00f3ra gwarantuje tr\u00f3jpodzia\u0142 w\u0142adzy; na ustawodawcz\u0105, wykonawcz\u0105 i s\u0105downicz\u0105. Ten podzia\u0142 zosta\u0142 zachwiany w wyniku zamachu stanu w 2015 roku i tylko S\u0119dziowie pozostali na pacu boju. Trzeba im pom\u00f3c &#8211; \u017ceby nie ba\u0107 si\u0119 ciszy.<\/p>\n\n\n\n<figure class=\"wp-block-embed-youtube wp-block-embed is-type-video is-provider-youtube wp-embed-aspect-4-3 wp-has-aspect-ratio\"><div class=\"wp-block-embed__wrapper\">\n<iframe loading=\"lazy\" title=\"Najbardziej wzruszaj\u0105cy moment wiecu po \u015bmierci prezydenta Adamowicza w Gda\u0144sku\" width=\"848\" height=\"636\" src=\"https:\/\/www.youtube.com\/embed\/OkseW5UOtz4?feature=oembed\" frameborder=\"0\" allow=\"accelerometer; autoplay; encrypted-media; gyroscope; picture-in-picture\" allowfullscreen><\/iframe>\n<\/div><\/figure>\n\n\n\n<p>No ale tytu\u0142 zobowi\u0105zuje &#8211; do\u015b\u0107 polityki teraz odrobina kultury. Flm &#8220;Bo\u017ce Cia\u0142o&#8221; <a href=\"https:\/\/htb.com.pl\/?product=boze-cialo-dvd\"><img loading=\"lazy\" decoding=\"async\" width=\"150\" height=\"209\" class=\"wp-image-18638\" style=\"width: 150px;\" src=\"https:\/\/htb.com.pl\/wp-content\/uploads\/2020\/02\/bO\u017bE-CIALO.jpg\" alt=\"\"><\/a> w re\u017cyserii Jana Komasy zdoby\u0142 nominacj\u0119 do Oscara. Po Noblu dla Olgi Tokarczuk, to kolejny sukces naszej kultury. Szkoda, \u017ce kolejny raz jej minister  Piotr Gli\u0144ski nie b\u0119dzie \u015bwi\u0119towa\u0142. Film ten bowiem \u0142\u0105czy, a nie dzieli, pyta o postaw\u0119 ksi\u0119dza w dzisiejszym \u015bwiecie. Warto zobaczy\u0107 histori\u0119 inspirowan\u0105 faktami autentycznymi, dziej\u0105c\u0105 si\u0119 na podkarpackiej wsi. I na takiej w\u0142a\u015bnie wsi, przy pomocy mieszka\u0144c\u00f3w zrealizowano ten film &#8211; w Ja\u015bliskach. To tam by\u0142a wiejska plebania, bardzo wa\u017cna w filmie. Takie plebanie by\u0142y wa\u017cne tak\u017ce dla Marysi. Ile\u017c to razy wspominaj\u0105c j\u0105 na moim blogu, opisywa\u0142em r\u00f3\u017cne sytuacje, kt\u00f3re dzia\u0142y si\u0119 na plebaniach. Majka wiedzia\u0142a, \u017ce front walki dobra ze z\u0142em jest tam, gdzie g\u0142osi si\u0119 S\u0142owo Bo\u017ce i jak zwykle si\u0119  nie myli\u0142a. Uwa\u017ca\u0142a, \u017ce trzeba znie\u015b\u0107 celibat ksi\u0119\u017cy, dzi\u015b coraz cz\u0119\u015bciej si\u0119 o tym m\u00f3wi ale czy to wszystko idzie w dobr\u0105 stron\u0119? Film &#8220;Bo\u017ce Cia\u0142o daje odpowied\u017a na to pytanie &#8211; warto j\u0105 pozna\u0107.<\/p>\n\n\n\n<p>Energetyka &#8211; tu zaczyna i\u015b\u0107 w dobr\u0105 stron\u0119. Co prawda ceny energii rosn\u0105, a wraz z nimi inflacja ale jest &#8220;\u015bwiate\u0142ko&#8221;. Pisa\u0142em jak przeciwnicy elektrowni atomowej w \u017barnowcu nazwali Marysi\u0119 czerwona szmat\u0105. Bardzo to prze\u017cy\u0142a. Odwioz\u0142a mnie wtedy do domu ale wcze\u015bniej &#8220;zarz\u0105dzili\u015bmy&#8221; w Hotelu Rzesz\u00f3w &#8211; dzi\u015b Galeria Rzesz\u00f3w. W Wide\u0142ce, to taka miejscowo\u015b\u0107 przed Rzeszowem Majka postanowi\u0142a zrobi\u0107 mi zdj\u0119cie &#8211; dzi\u015b wiem, \u017ce nie mnie robi\u0142a to zdj\u0119cie, tylko linii wysokiego napi\u0119cia Wide\u0142ka- Chmielnicka (wtedy ZSRR dzi\u015b Ukraina) <\/p>\n\n\n\n<figure class=\"wp-block-image size-medium\"><img loading=\"lazy\" decoding=\"async\" width=\"225\" height=\"300\" src=\"https:\/\/htb.com.pl\/wp-content\/uploads\/2020\/01\/S\u0142up_przelotowy_linii_750_kV-225x300.jpg\" alt=\"\" class=\"wp-image-16392\" srcset=\"https:\/\/htb.com.pl\/wp-content\/uploads\/2020\/01\/S\u0142up_przelotowy_linii_750_kV-225x300.jpg 225w, https:\/\/htb.com.pl\/wp-content\/uploads\/2020\/01\/S\u0142up_przelotowy_linii_750_kV-768x1024.jpg 768w, https:\/\/htb.com.pl\/wp-content\/uploads\/2020\/01\/S\u0142up_przelotowy_linii_750_kV-1152x1536.jpg 1152w, https:\/\/htb.com.pl\/wp-content\/uploads\/2020\/01\/S\u0142up_przelotowy_linii_750_kV-600x800.jpg 600w, https:\/\/htb.com.pl\/wp-content\/uploads\/2020\/01\/S\u0142up_przelotowy_linii_750_kV.jpg 1200w\" sizes=\"auto, (max-width: 225px) 100vw, 225px\" \/><\/figure>\n\n\n\n<p>Wiedzia\u0142a, \u017ce nie wybudujemy \u017barnowca ale mamy pot\u0119\u017cn\u0105  lini\u0119 750 kV do elektrowni atomowej Chmielnicka <img loading=\"lazy\" decoding=\"async\" width=\"150\" height=\"69\" class=\"wp-image-16393\" style=\"width: 150px;\" src=\"https:\/\/htb.com.pl\/wp-content\/uploads\/2020\/01\/Chmielnicka-scaled.jpg\" alt=\"\" srcset=\"https:\/\/htb.com.pl\/wp-content\/uploads\/2020\/01\/Chmielnicka-scaled.jpg 2560w, https:\/\/htb.com.pl\/wp-content\/uploads\/2020\/01\/Chmielnicka-300x137.jpg 300w, https:\/\/htb.com.pl\/wp-content\/uploads\/2020\/01\/Chmielnicka-1024x469.jpg 1024w, https:\/\/htb.com.pl\/wp-content\/uploads\/2020\/01\/Chmielnicka-768x352.jpg 768w, https:\/\/htb.com.pl\/wp-content\/uploads\/2020\/01\/Chmielnicka-1536x703.jpg 1536w, https:\/\/htb.com.pl\/wp-content\/uploads\/2020\/01\/Chmielnicka-2048x937.jpg 2048w, https:\/\/htb.com.pl\/wp-content\/uploads\/2020\/01\/Chmielnicka-600x275.jpg 600w\" sizes=\"auto, (max-width: 150px) 100vw, 150px\" \/> . To by\u0142a alternatywa i ci\u0105gle jest &#8211; linia stoi ale pr\u0105d w niej nie p\u0142ynie. Na Ukrainie 1 kWh kosztuje poni\u017cej 8 eurocent\u00f3w, w Polsce wytworzenie 1 kWh to 18 groszy. Por\u00f3wnywalnie? <strong>Nie!<\/strong> Nasz pr\u0105d jest z w\u0119gla, smog codziennie zabija ponad stu Polak\u00f3w, ja otr\u0119bami z konopi indyjskich si\u0119 ratuj\u0119. <a href=\"https:\/\/htb.com.pl\/?product=kolacz-konopny-250-g\"><img loading=\"lazy\" decoding=\"async\" width=\"150\" height=\"150\" class=\"wp-image-7171\" style=\"width: 150px;\" src=\"https:\/\/htb.com.pl\/wp-content\/uploads\/2019\/08\/Ko\u0142acz.png\" alt=\"\" srcset=\"https:\/\/htb.com.pl\/wp-content\/uploads\/2019\/08\/Ko\u0142acz.png 800w, https:\/\/htb.com.pl\/wp-content\/uploads\/2019\/08\/Ko\u0142acz-150x150.png 150w, https:\/\/htb.com.pl\/wp-content\/uploads\/2019\/08\/Ko\u0142acz-300x300.png 300w, https:\/\/htb.com.pl\/wp-content\/uploads\/2019\/08\/Ko\u0142acz-768x768.png 768w, https:\/\/htb.com.pl\/wp-content\/uploads\/2019\/08\/Ko\u0142acz-600x600.png 600w, https:\/\/htb.com.pl\/wp-content\/uploads\/2019\/08\/Ko\u0142acz-100x100.png 100w\" sizes=\"auto, (max-width: 150px) 100vw, 150px\" \/><\/a> Prosz\u0119 nie chrzani\u0107, \u017ce winne s\u0105&#8221;&#8216;kopciuchy&#8221;. Winni jeste\u015bmy my &#8211; ja pami\u0119tam demonstracje z transparentem \u017bARNOBYL. Dzi\u015b politycy wyro\u015bli na tamtych idea\u0142ach pytani czemu linia Wide\u0142ka-Chmielnicka jest nieczynna pal\u0105 g\u0142upa, opowiadaj\u0105 jakie\u015b bzdury, \u017ce tam inny system jest. Ka\u017cdy pr\u0105d zmienny AC, mo\u017cna przetworzy\u0107 na sta\u0142y DC i ponownie na zmienny AC dostosowany do naszego systemu. To kosztuje ale  Ursula von der Leyen przewodnicz\u0105ca Komisji Europejskiej da pieni\u0105dze. To m\u0105dra kobieta, r\u00f3wie\u015bniczka Marysi, te\u017c studiowa\u0142a w Londynie i te\u017c uwielbia\u0142a dyskoteki, mo\u017ce nawet si\u0119 zna\u0142y. I to jest to \u015bwiate\u0142ko.<\/p>\n\n\n\n<p>Na koniec wr\u00f3\u0107my jednak do ciemno\u015bci &#8211; do naszej polityki. Pan Jaros\u0142aw Kaczy\u0144ski og\u0142osi\u0142 kolejn\u0105 wojn\u0119 &#8211; suwerenno\u015bci mamy broni\u0107. &#8220;Naczelnikowi&#8221; marzy si\u0119 powr\u00f3t do tego co bu\u0142o. \u015awiat si\u0119 zmienia Panie Jaros\u0142awie, tego co by\u0142o ju\u017c nie ma. Waszym argumentem w walce z S\u0119dziami jest to, \u017ce w Niemczech, Hiszpanii jest tak jak chcecie zrobi\u0107 &#8211; to prawda, tam niekt\u00f3re rozwi\u0105zania polityczne pozosta\u0142y po dyktatorach ale nie trzeba ich zmienia\u0107, bo nie ma dyktator\u00f3w. W Polsce \u017ali ludzie, kt\u00f3rzy zrobili Pana swoj\u0105 twarz\u0105, teraz robi\u0105 dyktatorem. Pogo\u0144 Pan te \u0142ajzy Panie Jaros\u0142awie. Zapal Pan \u015bwiate\u0142ko w polityce &#8211; to b\u0119dzie Panu dobrze zapami\u0119tane.<\/p>\n\n\n\n<p><\/p>\n","protected":false},"excerpt":{"rendered":"<p>Gra\u0142a WIELKA ORKIESTRA \u015aWI\u0104TECZNEJ POMOCY, to ju\u017c 28 fina\u0142, zebrano 115 milion\u00f3w na aparatur\u0119 dla zapewnienia najwy\u017cszych standard\u00f3w diagnostycznych i leczniczych w dzieci\u0119cej medycynie zabiegowej. Ostateczny wynik zostanie podany w marcu ale ju\u017c dzi\u015b mo\u017cna powiedzie\u0107, \u017ce jeste\u015bmy wielcy. Teraz oby\u0142o si\u0119 bez wi\u0119kszych incydent\u00f3w, Jurek Owsiak po \u015bwiate\u0142ku do nieba do domu wr\u00f3ci\u0142 metrem. [&hellip;]<\/p>\n","protected":false},"author":1,"featured_media":16401,"comment_status":"open","ping_status":"open","sticky":false,"template":"","format":"standard","meta":{"_jetpack_memberships_contains_paid_content":false,"footnotes":""},"categories":[4],"tags":[550,551],"class_list":["post-16234","post","type-post","status-publish","format-standard","has-post-thumbnail","hentry","category-daty-i-fakty-blog","tag-swiatelko","tag-szansa-dla-polski"],"jetpack_sharing_enabled":true,"jetpack_featured_media_url":"https:\/\/htb.com.pl\/wp-content\/uploads\/2020\/01\/Swiate\u0142ko.jpg","_links":{"self":[{"href":"https:\/\/htb.com.pl\/index.php?rest_route=\/wp\/v2\/posts\/16234","targetHints":{"allow":["GET"]}}],"collection":[{"href":"https:\/\/htb.com.pl\/index.php?rest_route=\/wp\/v2\/posts"}],"about":[{"href":"https:\/\/htb.com.pl\/index.php?rest_route=\/wp\/v2\/types\/post"}],"author":[{"embeddable":true,"href":"https:\/\/htb.com.pl\/index.php?rest_route=\/wp\/v2\/users\/1"}],"replies":[{"embeddable":true,"href":"https:\/\/htb.com.pl\/index.php?rest_route=%2Fwp%2Fv2%2Fcomments&post=16234"}],"version-history":[{"count":32,"href":"https:\/\/htb.com.pl\/index.php?rest_route=\/wp\/v2\/posts\/16234\/revisions"}],"predecessor-version":[{"id":18643,"href":"https:\/\/htb.com.pl\/index.php?rest_route=\/wp\/v2\/posts\/16234\/revisions\/18643"}],"wp:featuredmedia":[{"embeddable":true,"href":"https:\/\/htb.com.pl\/index.php?rest_route=\/wp\/v2\/media\/16401"}],"wp:attachment":[{"href":"https:\/\/htb.com.pl\/index.php?rest_route=%2Fwp%2Fv2%2Fmedia&parent=16234"}],"wp:term":[{"taxonomy":"category","embeddable":true,"href":"https:\/\/htb.com.pl\/index.php?rest_route=%2Fwp%2Fv2%2Fcategories&post=16234"},{"taxonomy":"post_tag","embeddable":true,"href":"https:\/\/htb.com.pl\/index.php?rest_route=%2Fwp%2Fv2%2Ftags&post=16234"}],"curies":[{"name":"wp","href":"https:\/\/api.w.org\/{rel}","templated":true}]}}