{"id":16922,"date":"2020-02-01T05:53:19","date_gmt":"2020-02-01T05:53:19","guid":{"rendered":"https:\/\/htb.com.pl\/?p=16922"},"modified":"2021-08-30T20:30:13","modified_gmt":"2021-08-30T20:30:13","slug":"nie-badz-obojetny","status":"publish","type":"post","link":"https:\/\/htb.com.pl\/?p=16922","title":{"rendered":"Nie b\u0105d\u017a oboj\u0119tny"},"content":{"rendered":"\n<p><\/p>\n\n\n\n<figure class=\"wp-block-image size-thumbnail\"><a href=\"http:\/\/radiomaria.com.pl\/wp-content\/uploads\/2021\/01\/Nie-b\u0105d\u017a-obojetny.mp3\"><img loading=\"lazy\" decoding=\"async\" width=\"150\" height=\"150\" src=\"https:\/\/htb.com.pl\/wp-content\/uploads\/2018\/04\/posluchaj-150x150.jpg\" alt=\"\" class=\"wp-image-2020\" srcset=\"https:\/\/htb.com.pl\/wp-content\/uploads\/2018\/04\/posluchaj-150x150.jpg 150w, https:\/\/htb.com.pl\/wp-content\/uploads\/2018\/04\/posluchaj-300x300.jpg 300w, https:\/\/htb.com.pl\/wp-content\/uploads\/2018\/04\/posluchaj-100x100.jpg 100w\" sizes=\"auto, (max-width: 150px) 100vw, 150px\" \/><\/a><\/figure>\n\n\n\n<p>Tak m\u00f3wi\u0142  Marian Turski, by\u0142y wi\u0119zie\u0144  niemieckiego obozu koncentracyjnego KL Auschwitz, przed brama tego strasznego miejsca  27 stycznia, podczas obchod\u00f3w 75-tej  rocznicy wyzwolenia obozu przez Armi\u0119 Czerwon\u0105. Dzie\u0144 ten jest obchodzony jako Mi\u0119dzynarodowy Dzie\u0144 Pami\u0119ci o Ofiarach Holokaustu.&nbsp; <\/p>\n\n\n\n<p>Ja us\u0142ysza\u0142em te s\u0142owa w 2015 roku &#8211; od mojego Anio\u0142ka <a href=\"https:\/\/htb.com.pl\/?p=1334\"><img loading=\"lazy\" decoding=\"async\" width=\"150\" height=\"200\" class=\"wp-image-16774\" style=\"width: 150px;\" src=\"https:\/\/htb.com.pl\/wp-content\/uploads\/2020\/01\/anio\u0142ek.jpg\" alt=\"\" srcset=\"https:\/\/htb.com.pl\/wp-content\/uploads\/2020\/01\/anio\u0142ek.jpg 450w, https:\/\/htb.com.pl\/wp-content\/uploads\/2020\/01\/anio\u0142ek-225x300.jpg 225w\" sizes=\"auto, (max-width: 150px) 100vw, 150px\" \/><\/a>, gdy podczas mszy \u015bwi\u0119tej &#8220;us\u0142ysza\u0142em jej \u015bpiew&#8221;. Dziewczyny z Ukrainy, \u015bpiewa\u0142y &#8220;Matko moja ja wiem&#8221; &#8211; jak Marysia mojej Mamie. Wtedy zrozumia\u0142em, \u017ce musz\u0119 o niej pisa\u0107, nie mog\u0119 by\u0107 oboj\u0119tny. W Polsce dokonano zamachu stanu, zaczyna\u0142 si\u0119 problem z uchod\u017acami z Afryki P\u00f3\u0142nocnej &#8211; nagle byli\u015bmy im przeciwni, chocia\u017c jeszcze miesi\u0105c wcze\u015bniej wi\u0119kszo\u015b\u0107 chcia\u0142a tym ludziom pomaga\u0107. Ulegli\u015bmy narracji, \u017ce przynios\u0105 nam choroby, tak jak Niemcy, gdy Hitler to samo m\u00f3wi\u0142 o \u017bydach! To nie historia si\u0119 powtarza &#8211; m\u00f3wi\u0142a Marysia, to my powtarzamy te same b\u0142\u0119dy. Mam nadziej\u0119, \u017ce zrozumia\u0142 to prezydent Andrzej Duda, obecny na uroczysto\u015bciach w O\u015bwi\u0119cimiu i my. Trzeba to zrozumie\u0107, \u017ceby ju\u017c nigdy nie pyta\u0107, gdzie jest B\u00f3g? Na wszelki wypadek dopiszmy do jego dziesi\u0119ciu przykaza\u0144 jeszcze to;<strong> &#8220;Nie b\u0105d\u017a oboj\u0119tny&#8221;.<\/strong> Prosi\u0142 o to w swoim przem\u00f3wieniu Marian Turski. Pos\u0142uchajmy tych co pami\u0119taj\u0105, p\u00f3ki jeszcze opowiadaj\u0105.<\/p>\n\n\n\n<div class=\"wp-block-media-text alignwide\"><figure class=\"wp-block-media-text__media\"><img loading=\"lazy\" decoding=\"async\" width=\"200\" height=\"312\" src=\"https:\/\/htb.com.pl\/wp-content\/uploads\/2020\/01\/Prze\u017cy\u0142am.jpg\" alt=\"\" class=\"wp-image-16942\" srcset=\"https:\/\/htb.com.pl\/wp-content\/uploads\/2020\/01\/Prze\u017cy\u0142am.jpg 200w, https:\/\/htb.com.pl\/wp-content\/uploads\/2020\/01\/Prze\u017cy\u0142am-192x300.jpg 192w\" sizes=\"auto, (max-width: 200px) 100vw, 200px\" \/><\/figure><div class=\"wp-block-media-text__content\">\n<p class=\"has-medium-font-size\"><a href=\"https:\/\/htb.com.pl\/?product=przezylam-oswiecim\">Przeczytaj &#8211; \u017ceby nie by\u0107 oboj\u0119tnym<\/a><\/p>\n<\/div><\/div>\n\n\n\n<p><\/p>\n\n\n\n<p> Viera Jourova <img loading=\"lazy\" decoding=\"async\" width=\"150\" height=\"100\" class=\"wp-image-16988\" style=\"width: 150px;\" src=\"https:\/\/htb.com.pl\/wp-content\/uploads\/2020\/01\/Viera.jpg\" alt=\"\" srcset=\"https:\/\/htb.com.pl\/wp-content\/uploads\/2020\/01\/Viera.jpg 1024w, https:\/\/htb.com.pl\/wp-content\/uploads\/2020\/01\/Viera-300x200.jpg 300w, https:\/\/htb.com.pl\/wp-content\/uploads\/2020\/01\/Viera-768x512.jpg 768w, https:\/\/htb.com.pl\/wp-content\/uploads\/2020\/01\/Viera-600x400.jpg 600w\" sizes=\"auto, (max-width: 150px) 100vw, 150px\" \/> wiceszefowa KE spotka\u0142a si\u0119 z polskimi.  S\u0119dziami i politykami. Moje  serce ro\u015bnie, gdy patrz\u0119 na Pani\u0105 komisarz. Ona czesze si\u0119 jak Marysia i ten jej przemi\u0142y spos\u00f3b bycia &#8211; bardzo mi j\u0105 przypomina, nawet g\u0142os, \u0142agodny ale zdecydowany. Pan Zbigniew Ziobro zaproponowa\u0142 jej kompromis przy wprowadzaniu refom wymiaru sprawiedliwo\u015bci. Pa\u0144ska wizja sprawiedliwo\u015bci jest opisana powy\u017cej, panie ministrze. Wasze strefy wolne od LGBT, s\u0105 jak strefy wolne od \u017byd\u00f3w &#8211; od tego si\u0119 zacz\u0119\u0142o. Stare pa\u0144stwa UE da\u0142y sobie z tym rad\u0119 i nie pozwol\u0105, aby kto\u015b w ich rodzinie do tego powr\u00f3ci\u0142. W UE rz\u0105dz\u0105 kobiety, a to oznacza, \u017ce nie zrobi\u0105 nam krzywdy.  Ale tu ko\u0144cz\u0105 si\u0119 analogie z tym jak major Mari dowodzi\u0142a.Ona inaczej te problemy rozwi\u0105zywa\u0142a, chocia\u017c k\u0142opot by\u0142 by\u0142 podobny. Mafi\u0119 mo\u017cna pokona\u0107, odcinaj\u0105c j\u0105 od pieni\u0119dzy &#8211; innego sposobu nie ma, m\u00f3wi\u0142a Marysia ale tylko tu  Ursul\u0105&nbsp;von der Leyen si\u0119 z ni\u0105 zgodzi\u0142a.  Jest projekt, aby \u015brodki unijne przekazywa\u0107 do polskich samorz\u0105d\u00f3w, z pomini\u0119ciem rz\u0105du.  Dzi\u015b s\u0105 inne czasy? W latach 1986-7, kt\u00f3re opisuj\u0119 wspominaj\u0105c Marysi\u0119 te\u017c mafia chcia\u0142a przej\u0105\u0107 rz\u0105dy w Polsce. Jej twarz\u0105 mieli by\u0107 politycy, przeciwni Wojciechowi Jaruzelskiemu, a popieraj\u0105cy by\u0142ego sekretarz KC PZPR Stanis\u0142awa Kani\u0119. Majka postanowi\u0142a odci\u0105\u0107 im finansowanie i zorganizowa\u0142a w lokalu z dyskotek\u0105 spotkanie. Do naszego stolika podeszli dwaj m\u0142odzi Rosjanie. Wtedy to mnie zdziwi\u0142o. Przekonywali, \u017ce wsp\u00f3\u0142praca Jaruzelskiego z Watykanem to b\u0142\u0105d i oni chc\u0105 go naprawi\u0107. Majka mia\u0142a zawsze ten sam argument na takie gadanie. Morduj\u0105c i zastraszaj\u0105c ksi\u0119\u017cy, zapyta\u0142a. Musimy mie\u0107 swoich ksi\u0119\u017cy, odpowiedzieli. To b\u0119dziecie musieli ze mn\u0105 zata\u0144czy\u0107, ju\u017c raz ta\u0144czyli\u015bmy w Libanie, mam zdj\u0119cia z tamtej imprezy. Na stoliku pojawi\u0142y si\u0119 zdj\u0119cia umieraj\u0105cego terrorysty z odci\u0119tym pr\u0105ciem w ustach. Majka mi o tym opowiada\u0142a. Porwano trzech radzieckich dyplomat\u00f3w, jednego zabito ale jak terrory\u015bci zobaczyli te w\u0142a\u015bnie zdj\u0119cia, wypu\u015bcili zak\u0142adnik\u00f3w. Nigdy nie zapomn\u0119 tych zdj\u0119\u0107. Do naszego stolika podeszli ludzie Majki z dziewczynami. Jeden posk\u0142ada\u0142 fotografie i m\u00f3wi &#8211; lepiej zata\u0144czy na parkiecie. Wszyscy ruszyli\u015bmy do ta\u0144ca, pami\u0119tam nawet, \u017ce gra\u0142  Goombay Dance Band&nbsp; &#8220;Siedem \u0142ez&#8221;<\/p>\n\n\n\n<p>Marysia  mocno mnie w ta\u0144cu przytuli\u0142a i na ucho polskie s\u0142owa utworu m\u00f3wi\u0142a. Zdziwi\u0142em si\u0119, bo o mnie m\u00f3wi\u0142a &#8211; jak p\u0142aka\u0142em w wakacje 1977 roku stoj\u0105c sam nad brzegiem rzeki. P\u0142aka\u0142em, bo chcia\u0142em \u017ceby Pani Maria tu by\u0142a. Gdy \u0142z\u0119 w moim oku zobaczy\u0142a, odgad\u0142a moje my\u015bli i powiedzia\u0142a. Twoja Maria ze z\u0142em walczy\u0142a ale teraz ju\u017c ci\u0119 nie opuszcz\u0119. Opu\u015bci\u0142a?<\/p>\n\n\n\n<p>Nie &#8211; chocia\u017c Marysia nie \u017cyje, to ja j\u0105 widz\u0119 i czuj\u0119 i dlatego opisuj\u0119, bo wiem jak bardzo jej brakuje. Ci co razem z ni\u0105 w Libanie &#8220;ta\u0144czyli&#8221;, teraz Anglik\u00f3w z UE wyprowadzili, a nas jako nast\u0119pnych w kolejce ustawili, czym mechanizm Europy bez wojen zniszczyli. Jest jak przed wybuchem II wojny \u015bwiatowej, gdy po pierwszej <a href=\"https:\/\/htb.com.pl\/?p=3702\">Amerykanie Hitlerowi zamiast Niemcom dolary dali, \u017ceby si\u0119 odbudowali<\/a>, a Polska nie chcia\u0142a zaakceptowa\u0107 Rosjan w koalicji antyhitlerowskiej. Dzi\u015b Donald Trump nasz\u0105 UE traktuje jak wroga, a my jeste\u015bmy jego koalicjantem. W\u0142a\u015bnie podpisali\u015bmy umow\u0119 na zakup ofensywnych samolot\u00f3w F35. Oby nasze wnuki  kiedy\u015b nie by\u0142y zdziwione jak my dzi\u015b, \u017ce kraje zjednoczone nie chc\u0105 nas widzie\u0107 w swoim gronie. Bo tak zosta\u0142 potraktowany nasz prezydent Andrzej Dyda  w Jerozolimie, podczas V \u015awiatowego Forum Holokaustu, gdzie g\u0142os mogli zabra\u0107 jedynie Alianci &#8211; pa\u0144stwa walcz\u0105ce  przeciwko Osi. Po ich Deklaracji Narod\u00f3w Zjednoczonych z 1 stycznia 1942 roku powsta\u0142o ONZ. &#8220;<em>To nie historia si\u0119 powtarza, to my powtarzamy te same b\u0142\u0119dy&#8221;<\/em> Mia\u0142a\u015b racj\u0119 Anio\u0142ku. <\/p>\n\n\n\n<p>Marysia by\u0142a osoba g\u0142\u0119boki wierz\u0105c\u0105 &#8211; B\u00f3g daje nam znaki, m\u00f3wi\u0142a i kieruj\u0105c si\u0119 nimi ze z\u0142em walczy\u0142a. Jestem dobra dziewczynka? Pyta\u0142a, gdy kogo\u015b pobi\u0142a. Potwierdza\u0142em, a Ona bardzo si\u0119 cieszy\u0142a. Chyba wiem co przezywa\u0142a, gdy wroga w \u015bmiertelnym boju zabija\u0142a&#8230;<\/p>\n\n\n\n<p>W chi\u0144skim mie\u015bcie &nbsp;Wuhan, dosz\u0142o do wybuchu epidemii koronawirusa. Dla Marysi to by\u0142by znak. \u015awiat dzi\u015b to globalna wioska, ka\u017cde z\u0142o natychmiast roznosi si\u0119 po ca\u0142e kuli ziemskiej i \u015bwiat si\u0119 broni. Nasz kult jednostki te\u017c jest z\u0142em, bo niszczy demokracj\u0119 pozwalaj\u0105c rz\u0105dzi\u0107 ludziom bez wyobra\u017ani, a to zabija. Dzi\u015b umrze ponad setka Polak\u00f3w z powodu smogu. Pom\u00f3dlmy si\u0119 s\u0142owami Marysi za ich dusze. &#8220;<strong>Panie Bo\u017ce ja wiem, \u017ale walczymy ze z\u0142em. Przyjmij dusze zmar\u0142ych to &#8211; POKONAMY Z\u0141O.<\/strong><\/p>\n\n\n\n<p> Ta jej modlitwa kiedy\u015b mnie dziwi\u0142a &#8211; jest jak szanta\u017c. Marysia mi to wyja\u015bni\u0142a. W roku 1983 w Ugandzie, podczas walk Narodowego Ruchu Oporu (NRA) z wojskami prezydenta Miltona Obote, zagro\u017cone by\u0142o \u017cycie misjonarza. Gdy tam ze swoimi lud\u017ami wyl\u0105dowa\u0142a zobaczy\u0142a ogrom tragedii. Do\u015b\u0107 ofiar powiedzia\u0142a i bro\u0144 schowa\u0142a. Tubylcy chcieli zabi\u0107 ksi\u0119dza, bo ten nie chcia\u0142 pomodli\u0107 si\u0119 za dusze ich wsp\u00f3\u0142plemie\u0144c\u00f3w, t\u0142umaczy\u0142, \u017ce to mordercy. Wtedy Majka t\u0105 w\u0142asnie modlitw\u0119 nad cia\u0142ami w j\u0119zyku Suahili  odm\u00f3wi\u0142a. Duchowny przemy\u015bla\u0142 i rano odprawi\u0142 msz\u0119 za poleg\u0142ych. Za\u015b Marysia \u015bpiewaj\u0105c &#8220;Czarn\u0105 Madonn\u0119&#8221;, wszystkich na kilka dni  pogodzi\u0142a.<\/p>\n\n\n\n<p>Pos\u0142uchajmy tej pie\u015bni i  poczujmy si\u0119 jak lud Bantu w 1983 roku &#8211; oni te\u017c nie wszystko rozumieli co Marysia \u015bpiewa ale wiedzieli, \u017ce w niej jest dobro &#8211; B\u00f3g, kt\u00f3ry ich opu\u015bci\u0142 gdy strzelali, teraz \u017ceby zosta\u0142 g\u0142o\u015bno z Marysi\u0105 \u015bpiewali i chat\u0119 dla niej budowali. Ta chata tam zosta\u0142a, gdy Majka wyjecha\u0142a. Ksi\u0105dz dzi\u0119kuj\u0105c za kolejne czeki pisa\u0142 Marysi jak uczy w jej chacie czym jest dobro, a jego uczni\u00f3w miejscowi nazywaj\u0105 dzie\u0107mi Marii, bo na chacie napisali w j\u0119zyku kt\u00f3rym do nich m\u00f3wi\u0142a; <img loading=\"lazy\" decoding=\"async\" width=\"150\" height=\"91\" class=\"wp-image-22353\" style=\"width: 150px;\" src=\"https:\/\/htb.com.pl\/wp-content\/uploads\/2020\/02\/ChataM.jpg\" alt=\"\" srcset=\"https:\/\/htb.com.pl\/wp-content\/uploads\/2020\/02\/ChataM.jpg 1024w, https:\/\/htb.com.pl\/wp-content\/uploads\/2020\/02\/ChataM-300x182.jpg 300w, https:\/\/htb.com.pl\/wp-content\/uploads\/2020\/02\/ChataM-768x467.jpg 768w, https:\/\/htb.com.pl\/wp-content\/uploads\/2020\/02\/ChataM-600x364.jpg 600w\" sizes=\"auto, (max-width: 150px) 100vw, 150px\" \/>  <br><strong>MARIA ALIKUWA HAPA<\/strong> (MARIA TU BY\u0141A). Za\u015bpiewajmy i my &#8211; \u017ceby dzi\u015b do nas wr\u00f3ci\u0142a.<\/p>\n\n\n\n<figure class=\"wp-block-embed-youtube wp-block-embed is-type-video is-provider-youtube wp-embed-aspect-4-3 wp-has-aspect-ratio\"><div class=\"wp-block-embed__wrapper\">\n<iframe loading=\"lazy\" title=\"Czarna Madonna by Brittany Mruczek\" width=\"848\" height=\"636\" src=\"https:\/\/www.youtube.com\/embed\/ZeSB9hm59Ls?feature=oembed\" frameborder=\"0\" allow=\"accelerometer; autoplay; encrypted-media; gyroscope; picture-in-picture\" allowfullscreen><\/iframe>\n<\/div><\/figure>\n\n\n\n<p><\/p>\n","protected":false},"excerpt":{"rendered":"<p>Tak m\u00f3wi\u0142 Marian Turski, by\u0142y wi\u0119zie\u0144 niemieckiego obozu koncentracyjnego KL Auschwitz, przed brama tego strasznego miejsca 27 stycznia, podczas obchod\u00f3w 75-tej rocznicy wyzwolenia obozu przez Armi\u0119 Czerwon\u0105. Dzie\u0144 ten jest obchodzony jako Mi\u0119dzynarodowy Dzie\u0144 Pami\u0119ci o Ofiarach Holokaustu.&nbsp; Ja us\u0142ysza\u0142em te s\u0142owa w 2015 roku &#8211; od mojego Anio\u0142ka , gdy podczas mszy \u015bwi\u0119tej &#8220;us\u0142ysza\u0142em [&hellip;]<\/p>\n","protected":false},"author":1,"featured_media":17161,"comment_status":"open","ping_status":"open","sticky":false,"template":"","format":"standard","meta":{"_jetpack_memberships_contains_paid_content":false,"footnotes":""},"categories":[4],"tags":[],"class_list":["post-16922","post","type-post","status-publish","format-standard","has-post-thumbnail","hentry","category-daty-i-fakty-blog"],"jetpack_sharing_enabled":true,"jetpack_featured_media_url":"https:\/\/htb.com.pl\/wp-content\/uploads\/2020\/02\/O\u015bwi\u0119cim.jpg","_links":{"self":[{"href":"https:\/\/htb.com.pl\/index.php?rest_route=\/wp\/v2\/posts\/16922","targetHints":{"allow":["GET"]}}],"collection":[{"href":"https:\/\/htb.com.pl\/index.php?rest_route=\/wp\/v2\/posts"}],"about":[{"href":"https:\/\/htb.com.pl\/index.php?rest_route=\/wp\/v2\/types\/post"}],"author":[{"embeddable":true,"href":"https:\/\/htb.com.pl\/index.php?rest_route=\/wp\/v2\/users\/1"}],"replies":[{"embeddable":true,"href":"https:\/\/htb.com.pl\/index.php?rest_route=%2Fwp%2Fv2%2Fcomments&post=16922"}],"version-history":[{"count":41,"href":"https:\/\/htb.com.pl\/index.php?rest_route=\/wp\/v2\/posts\/16922\/revisions"}],"predecessor-version":[{"id":54645,"href":"https:\/\/htb.com.pl\/index.php?rest_route=\/wp\/v2\/posts\/16922\/revisions\/54645"}],"wp:featuredmedia":[{"embeddable":true,"href":"https:\/\/htb.com.pl\/index.php?rest_route=\/wp\/v2\/media\/17161"}],"wp:attachment":[{"href":"https:\/\/htb.com.pl\/index.php?rest_route=%2Fwp%2Fv2%2Fmedia&parent=16922"}],"wp:term":[{"taxonomy":"category","embeddable":true,"href":"https:\/\/htb.com.pl\/index.php?rest_route=%2Fwp%2Fv2%2Fcategories&post=16922"},{"taxonomy":"post_tag","embeddable":true,"href":"https:\/\/htb.com.pl\/index.php?rest_route=%2Fwp%2Fv2%2Ftags&post=16922"}],"curies":[{"name":"wp","href":"https:\/\/api.w.org\/{rel}","templated":true}]}}