{"id":17327,"date":"2020-02-08T07:59:05","date_gmt":"2020-02-08T07:59:05","guid":{"rendered":"https:\/\/htb.com.pl\/?p=17327"},"modified":"2020-06-02T11:17:52","modified_gmt":"2020-06-02T11:17:52","slug":"klamstwo","status":"publish","type":"post","link":"https:\/\/htb.com.pl\/?p=17327","title":{"rendered":"K\u0142amstwo"},"content":{"rendered":"\n<figure class=\"wp-block-image size-large\"><img loading=\"lazy\" decoding=\"async\" width=\"458\" height=\"458\" src=\"https:\/\/htb.com.pl\/wp-content\/uploads\/2020\/02\/Dama-z-wag.jpg\" alt=\"\" class=\"wp-image-17629\" srcset=\"https:\/\/htb.com.pl\/wp-content\/uploads\/2020\/02\/Dama-z-wag.jpg 458w, https:\/\/htb.com.pl\/wp-content\/uploads\/2020\/02\/Dama-z-wag-300x300.jpg 300w, https:\/\/htb.com.pl\/wp-content\/uploads\/2020\/02\/Dama-z-wag-150x150.jpg 150w, https:\/\/htb.com.pl\/wp-content\/uploads\/2020\/02\/Dama-z-wag-100x100.jpg 100w\" sizes=\"auto, (max-width: 458px) 100vw, 458px\" \/><\/figure>\n\n\n\n<p>Opisuj\u0105c  z\u0142o, z kt\u00f3rym Marysia walczy\u0142a, zauwa\u017cam, \u017ce k\u0142amstwo jest wsp\u00f3lnym mianownikiem. Ka\u017cda nasza tragedia od k\u0142amstwa si\u0119 zacz\u0119\u0142a. K\u0142amstwo o <strong>geniuszu Pi\u0142sudskiego<\/strong> &#8211; to tragedia roku trzydziestego dziewi\u0105tego ale te\u017c i dzisiejsza.  Nawet rz\u0105dz\u0105cy nazywaj\u0105 j\u0105 anarchi\u0105. W\u0142a\u015bnie prezydent Andrzej Duda ustaw\u0119 maj\u0105c\u0105 dyscyplinowa\u0107 S\u0119dzi\u00f3w podpisa\u0142. Ale nie tylko tym si\u0119 popisa\u0142. W wywiadzie dla tygodnika &#8220;Wprost&#8221; powiedzia\u0142; \u201eje\u017celi s\u0119dzia otrzyma\u0142 nominacj\u0119 od prezydenta, a nast\u0119pnie z\u0142o\u017cy\u0142 przed nim \u015blubowanie, to jest s\u0119dzi\u0105 i koniec\u201d.  To prawda, to jest koniec &#8211; demokracji.<strong> K\u0142amstw o Czarnobylu <\/strong>&#8211;<a href=\"https:\/\/htb.com.pl\/?p=1184\"> to nasza energetyka j\u0105drowa do demobilu.<\/a> Jest  kolejna okazja, aby o tym napisa\u0107. Do Polski przyby\u0142 &#8211; wreszcie prezydent Francji Emanuel Macron i proponuje, \u017ce nam  elektrowni\u0105 atomow\u0105 wybuduje. Za p\u00f3\u017ano &#8211; Fran\u00e7ois Mitterrand (prezydent Francji w latach 1981-1995) pokona\u0142 Marysi\u0119 w walce o \u017barnowiec. Gdyby nie to, dzi\u015b byliby\u015bmy pot\u0119g\u0105 atomow\u0105, jak Francuzi, jedyne mocarstwo w UE, kt\u00f3re mo\u017ce odstrasza\u0107 broni\u0105 j\u0105drow\u0105, a prezydent Francji bez obaw m\u00f3g\u0142by do Polski przyby\u0107 z Ma\u0142\u017conk\u0105, bo ameryka\u0144skich wzorc\u00f3w by\u015bmy nie uznawali, kobiet nie obra\u017cali, tylko w d\u0142o\u0144 ca\u0142owali. Przera\u017cone m\u0142odsze Panie uspokoj\u0119, \u017ce nie tak  jak&#8230; Spe\u0142ni\u0142o si\u0119 to, co Marysia m\u00f3wi\u0142a &#8211; <a href=\"https:\/\/htb.com.pl\/?p=3995\">Francuzi b\u0119d nam sprzedawa\u0107 pr\u0105d. bo w niszczeniu \u017barnowca s\u0105 konsekwentni<\/a>. Nam te\u017c niszczenie si\u0119 spodoba\u0142o i uznali\u015bmy, \u017ce zniszczenie \u017barnowca to ma\u0142o. Powsta\u0142 rz\u0105d premiera Tadeusza Mazowieckiego. Wyprzeda\u017c maj\u0105tku polskiego, to  g\u0142\u00f3wne dzie\u0142o jego. Legitymizowane k\u0142amstwem &#8211; jakoby wolno\u015b\u0107 1918-stego, to zas\u0142uga Pi\u0142sudskiego, a wszystko co teraz b\u0119dzie, opiera si\u0119 na geniuszu jego. A tak naprawd\u0119, chodzi\u0142o o poparcie g\u00f3rnik\u00f3w i tu Francuzi pomogli rz\u0105dowi naszemu. Razem nam wm\u00f3wili, \u017ce tylko w\u0119giel kopa\u0107 &#8220;umimy&#8221;, dzi\u015b coraz bardziej tamten sw\u00f3j b\u0142\u0105d &#8220;rozumimy&#8221;.<\/p>\n\n\n\n<p>Ale nie zawsze Francuzi \u017ali byli &#8211; pami\u0119tam jak o armii Hallera, (b\u0142\u0119kitnej armii) co we Francji dzi\u0119ki Paderewskiemu powsta\u0142a, Marysia mi opowiada\u0142a, jednak samego Hallera za zamach na Narutowicza obwinia\u0142a. S\u0142u\u017cy\u0142 tam kpt. De Gaulle, p\u00f3\u017aniejszy prezydent Francji. Szkoli\u0142 on polskich oficer\u00f3w w 1920 roku. By\u0142 zachwycony odwag\u0105 m\u0142odych podchor\u0105\u017cych i zniesmaczony postaw\u0105 J\u00f3zefa Pi\u0142sudskiego, kt\u00f3ry nienawidzi\u0142 imiennika swojego, genera\u0142a Hallera i sk\u0142\u00f3ca\u0142 wszystkich ze wszystkimi. Tu Marysia Francuz\u00f3w chwali\u0142a &#8211; wielu zna\u0142a, bo  rami\u0119 w rami\u0119 z ich Legi\u0105 Cudzoziemska z terrorystami walczy\u0142a. Opowiada\u0142a, jak si\u0119 z francuskim oficerem pobi\u0142a, bo ten nazwa\u0142. j\u0105 z\u0142odziejk\u0105.  Gdy sprawa si\u0119 wyja\u015bni\u0142a, nie przeprosi\u0142 &#8211; twierdzi\u0142, \u017ce Polacy to z\u0142odzieje, gdy Majka dalej go gn\u0119bi\u0142a, opowiedzia\u0142, jak ich by\u0142y prezydent genera\u0142 Charles de Gaulle (1890-1970) zosta\u0142 okradziony w Polsce, w czasie wojny 1920 roku. Polacy go okradli, a on potem walczy\u0142 u ich boku i nawet Orderem Virtuti Militari zosta\u0142 odznaczony. Majka w to uwierzy\u0142a i mu odpu\u015bci\u0142a.<\/p>\n\n\n\n<p> Ja dzi\u015b patrz\u0119 jak obra\u017cany przez nas  Emanuel Macron, na Krakowskim Uniwersytecie Jagiello\u0144skim m\u00f3wi do m\u0142odych Polak\u00f3w, aby nie bali si\u0119 Europy.  Mam nadziej\u0119, \u017ce tak b\u0119dzie, bo jak nie, to  Polski nie b\u0119dzie. Dzi\u015b si\u0119 boimy &#8211; poniewierany S\u0119dzia Juszczyszyn naszego wsparcia nie ma, a my w wi\u0119kszo\u015bci si\u0119 cieszymy z jego zawieszenia przez &#8220;Izb\u0119 Dyscyplinarn\u0105 SN&#8221;. Oby nie by\u0142o za p\u00f3\u017ano, gdy sw\u00f3j b\u0142\u0105d &#8220;zrozumimy&#8221;.<\/p>\n\n\n\n<p>Przyzwolenie dziennikarzy &#8211; to jest dzi\u015b przyczyn\u0105 tego, \u017ce k\u0142amstwo polityk\u00f3w prowadzi do z\u0142ego.  K\u0142amstwa o  mordzie na naszych oficerach w Katyniu, <a href=\"https:\/\/htb.com.pl\/?product=katyn-zbrodnia-i-klamstwo\"><img loading=\"lazy\" decoding=\"async\" width=\"150\" height=\"221\" class=\"wp-image-17579\" style=\"width: 150px;\" src=\"https:\/\/htb.com.pl\/wp-content\/uploads\/2020\/02\/Katy\u0144-k\u0142amstwo.jpg\" alt=\"\"><\/a> (jest 80 rocznica) zwi\u0105zana z tym tragedia Smole\u0144ska z 10 kwietnia 2010 i k\u0142amstwo smole\u0144skie, by\u0142o pocz\u0105tkiem obecnego z\u0142a. Teraz na maj dziesi\u0105tego, marsza\u0142ek Sejmu El\u017cbieta Wite og\u0142osi\u0142a wybory prezydenta naszego.  Tak p\u00f3\u017ane og\u0142oszenie i zbie\u017cno\u015b\u0107 dat, (10-tego) ma jeszcze raz sprawi\u0107, \u017ce  wybierzemy tego co wtedy &#8211; z\u0142ego, zamiast naszego &#8211; dobrego.  Pami\u0119tajcie Kochani &#8211; aby w maju dziesi\u0105tego, wybra\u0107 prezydenta swojego, bo tylko wtedy wybierzemy dobrego &#8211; naszego.<\/p>\n\n\n\n<p>Teraz b\u0119dzie dowcip &#8211; o ludo\u017cercach. To dla prezydenta Andrzeja Dudy, mo\u017ce zostanie wykorzystany w jego kampanii. \u017bycz\u0119 mu tego. Rzecz dzieje si\u0119 w Nowej Gwinei, bo tam byli ludo\u017cercy. To wyspa nale\u017c\u0105ca do Oceanii, le\u017cy bli\u017cej Australii &#8211; nie w Afryce:)<em> &#8220;Trzej rozbitkowie Amerykanin, Rosjanin i Polak zostali pojmani przez ludo\u017cerc\u00f3w. \u017beby nie by\u0107 zjedzonym, mieli poda\u0107 s\u0142owo, kt\u00f3rego tubylcy nie znaj\u0105. Amerykanin powiedzia\u0142 atom &#8211; znali i go ugotowali. Rosjanin powiedzia\u0142 kosmos, te\u017c znali &#8211; do kot\u0142a. Polak powiedzia\u0142 egzekutywa. Nie znali i mu \u017cycie darowali. Po uczcie, \u017cegnaj\u0105c naszego rodaka, zapytali &#8211; co to EGZEKUTYWA? To tak jak u was, w kilku si\u0119 zbior\u0105 i jednego wpi&#8230;ol\u0105.&#8221; <\/em> To dowcip z czas\u00f3w m\u0142odo\u015bci <a href=\"https:\/\/htb.com.pl\/?p=2699\">Andrzeja Zybertowicza<\/a>, doradcy prezydenta &#8211; naszego?<\/p>\n\n\n\n<p>Izba Dyscyplinarna, jest tak\u0105 egzekutyw\u0105 w S\u0105dzie Najwy\u017cszym. Co\u015b na co prezes tego S\u0105du nie ma wp\u0142ywu. ten mechanizm w czasach s\u0142usznie minionych, wyst\u0119powa\u0142 w wielu dziedzinach polityki i gospodarki, by\u0142 g\u0142\u00f3wn\u0105 przyczyn\u0105 tego, \u017ce \u017ale wtedy by\u0142o. Dobrze wybierzmy, \u017ceby tamto z\u0142o nie powr\u00f3ci\u0142o.<\/p>\n\n\n\n<p>07.02.2010 &#8211; zmar\u0142 Romuald Lipko z Budki Suflera. Niezwyk\u0142y muzyk niezwyk\u0142ego zespo\u0142u. <a href=\"https:\/\/htb.com.pl\/?product=cien-wielkiej-gory-vinyl\">&#8220;Cie\u0144 wielkiej g\u00f3ry&#8221;, z ich pierwszej p\u0142yty<\/a>, to muzyka, kt\u00f3ra \u0142\u0105czy &#8211; u\u015bwiadamia, \u017ce ka\u017cdy ma sw\u00f3j szczyt i ka\u017cdy kiedy\u015b od \u015bciany odpadnie.  Marysia ten utw\u00f3r bardzo lubi\u0142a, jest jak w niebie &#8211; m\u00f3wi\u0142a i odwa\u017cnie  na sw\u00f3j szczyt wchodzi\u0142a, by\u0142 jednak zbyt stromy. Gdy odpad\u0142a nikt ju\u017c jej szlakiem nie poszed\u0142. Ja wiem, \u017ce gdyby poszed\u0142, do nieba by doszed\u0142 &#8211; tam gdzie Romuald Lipko &#8220;Cie\u0144 wielkiej g\u00f3ry&#8221; gra. On ju\u017c szlak do nieba zna&#8230;  <\/p>\n\n\n\n<figure class=\"wp-block-embed-youtube wp-block-embed is-type-video is-provider-youtube wp-embed-aspect-4-3 wp-has-aspect-ratio\"><div class=\"wp-block-embed__wrapper\">\n<iframe loading=\"lazy\" title=\"Budka Suflera - Cie\u0144 Wielkiej G\u00f3ry\" width=\"848\" height=\"636\" src=\"https:\/\/www.youtube.com\/embed\/-Yryq4DytYY?feature=oembed\" frameborder=\"0\" allow=\"accelerometer; autoplay; encrypted-media; gyroscope; picture-in-picture\" allowfullscreen><\/iframe>\n<\/div><\/figure>\n","protected":false},"excerpt":{"rendered":"<p>Opisuj\u0105c z\u0142o, z kt\u00f3rym Marysia walczy\u0142a, zauwa\u017cam, \u017ce k\u0142amstwo jest wsp\u00f3lnym mianownikiem. Ka\u017cda nasza tragedia od k\u0142amstwa si\u0119 zacz\u0119\u0142a. K\u0142amstwo o geniuszu Pi\u0142sudskiego &#8211; to tragedia roku trzydziestego dziewi\u0105tego ale te\u017c i dzisiejsza. Nawet rz\u0105dz\u0105cy nazywaj\u0105 j\u0105 anarchi\u0105. W\u0142a\u015bnie prezydent Andrzej Duda ustaw\u0119 maj\u0105c\u0105 dyscyplinowa\u0107 S\u0119dzi\u00f3w podpisa\u0142. Ale nie tylko tym si\u0119 popisa\u0142. W wywiadzie [&hellip;]<\/p>\n","protected":false},"author":1,"featured_media":17629,"comment_status":"open","ping_status":"open","sticky":false,"template":"","format":"standard","meta":{"_jetpack_memberships_contains_paid_content":false,"footnotes":""},"categories":[4],"tags":[562,561],"class_list":["post-17327","post","type-post","status-publish","format-standard","has-post-thumbnail","hentry","category-daty-i-fakty-blog","tag-budka-suflera","tag-klamstwo"],"jetpack_sharing_enabled":true,"jetpack_featured_media_url":"https:\/\/htb.com.pl\/wp-content\/uploads\/2020\/02\/Dama-z-wag.jpg","_links":{"self":[{"href":"https:\/\/htb.com.pl\/index.php?rest_route=\/wp\/v2\/posts\/17327","targetHints":{"allow":["GET"]}}],"collection":[{"href":"https:\/\/htb.com.pl\/index.php?rest_route=\/wp\/v2\/posts"}],"about":[{"href":"https:\/\/htb.com.pl\/index.php?rest_route=\/wp\/v2\/types\/post"}],"author":[{"embeddable":true,"href":"https:\/\/htb.com.pl\/index.php?rest_route=\/wp\/v2\/users\/1"}],"replies":[{"embeddable":true,"href":"https:\/\/htb.com.pl\/index.php?rest_route=%2Fwp%2Fv2%2Fcomments&post=17327"}],"version-history":[{"count":41,"href":"https:\/\/htb.com.pl\/index.php?rest_route=\/wp\/v2\/posts\/17327\/revisions"}],"predecessor-version":[{"id":24404,"href":"https:\/\/htb.com.pl\/index.php?rest_route=\/wp\/v2\/posts\/17327\/revisions\/24404"}],"wp:featuredmedia":[{"embeddable":true,"href":"https:\/\/htb.com.pl\/index.php?rest_route=\/wp\/v2\/media\/17629"}],"wp:attachment":[{"href":"https:\/\/htb.com.pl\/index.php?rest_route=%2Fwp%2Fv2%2Fmedia&parent=17327"}],"wp:term":[{"taxonomy":"category","embeddable":true,"href":"https:\/\/htb.com.pl\/index.php?rest_route=%2Fwp%2Fv2%2Fcategories&post=17327"},{"taxonomy":"post_tag","embeddable":true,"href":"https:\/\/htb.com.pl\/index.php?rest_route=%2Fwp%2Fv2%2Ftags&post=17327"}],"curies":[{"name":"wp","href":"https:\/\/api.w.org\/{rel}","templated":true}]}}