{"id":17410,"date":"2020-02-05T13:41:43","date_gmt":"2020-02-05T13:41:43","guid":{"rendered":"https:\/\/htb.com.pl\/?p=17410"},"modified":"2020-02-05T13:45:34","modified_gmt":"2020-02-05T13:45:34","slug":"polacy-nie-sa-tacy-glupi","status":"publish","type":"post","link":"https:\/\/htb.com.pl\/?p=17410","title":{"rendered":"POLACY NIE SA TACY G\u0141UPI"},"content":{"rendered":"\n<p><\/p>\n\n\n\n<p><\/p>\n\n\n\n<figure class=\"wp-block-image size-large\"><img loading=\"lazy\" decoding=\"async\" width=\"315\" height=\"177\" src=\"https:\/\/htb.com.pl\/wp-content\/uploads\/2020\/02\/Lo\u017ca.jpg\" alt=\"\" class=\"wp-image-17411\" srcset=\"https:\/\/htb.com.pl\/wp-content\/uploads\/2020\/02\/Lo\u017ca.jpg 315w, https:\/\/htb.com.pl\/wp-content\/uploads\/2020\/02\/Lo\u017ca-300x169.jpg 300w\" sizes=\"auto, (max-width: 315px) 100vw, 315px\" \/><\/figure>\n\n\n\n<p>Tak ze zdziwieniem wypowiedzia\u0142 si\u0119 o nas jeden z go\u015bci Ma\u0142gorzaty \u0141aszcz w programie TVN \u201eLo\u017ca prasowa\u201d. Pozostali w tym prowadz\u0105ca na to przystali\u2026<\/p>\n\n\n\n<p>Mo\u017ce czas aby\u015bcie o tym napisali \u2013 tylko jak? Sk\u0105d skopiowa\u0107 i\nwklei\u0107 materia\u0142y? Te z czas\u00f3w Jagiellon\u00f3w w wersji cyfrowej nie powsta\u0142y, nadal\nwiec o Pi\u0142sudskim wstawia si\u0119 dyrdyma\u0142y.<\/p>\n\n\n\n<p>Jak pot\u0119g\u0119 Jagiellon\u00f3w przywr\u00f3ci\u0107, dwa zadania \u201ewasz niezbyt g\u0142upi\u201d napisze, mo\u017ce niech wype\u0142ni\u0105 wasz\u0105 sanacyjn\u0105 intelektualn\u0105 nisz\u0119: Prezydent jak dobry kr\u00f3l, nie super premier, samorz\u0105dowiec jak magnat i tolerancja. \u017beby tak by\u0142o, trzeba zrobi\u0107 krok w ty\u0142, schowa\u0107 bro\u0144 i poda\u0107 d\u0142o\u0144. B\u0119dzie jak za Jagiellon\u00f3w, a nie za sanacji, bo wtedy jak dzi\u015b by\u0142o i \u017ale si\u0119 sko\u0144czy\u0142o.<\/p>\n\n\n\n<p> Ps. Je\u017celi znajdziecie w historii, \u017ce za Jagiellon\u00f3w \u017ale by\u0142o, to puknijcie si\u0119 w czo\u0142o &#8211; tylko nie za mocno, bo kto\u015b pomy\u015bli, \u017ce bij\u0105 w tarabany <\/p>\n","protected":false},"excerpt":{"rendered":"<p>Tak ze zdziwieniem wypowiedzia\u0142 si\u0119 o nas jeden z go\u015bci Ma\u0142gorzaty \u0141aszcz w programie TVN \u201eLo\u017ca prasowa\u201d. Pozostali w tym prowadz\u0105ca na to przystali\u2026 Mo\u017ce czas aby\u015bcie o tym napisali \u2013 tylko jak? Sk\u0105d skopiowa\u0107 i wklei\u0107 materia\u0142y? Te z czas\u00f3w Jagiellon\u00f3w w wersji cyfrowej nie powsta\u0142y, nadal wiec o Pi\u0142sudskim wstawia si\u0119 dyrdyma\u0142y. Jak [&hellip;]<\/p>\n","protected":false},"author":1,"featured_media":17411,"comment_status":"open","ping_status":"open","sticky":false,"template":"","format":"standard","meta":{"_jetpack_memberships_contains_paid_content":false,"footnotes":""},"categories":[528],"tags":[554],"class_list":["post-17410","post","type-post","status-publish","format-standard","has-post-thumbnail","hentry","category-rower","tag-polacy"],"jetpack_sharing_enabled":true,"jetpack_featured_media_url":"https:\/\/htb.com.pl\/wp-content\/uploads\/2020\/02\/Lo\u017ca.jpg","_links":{"self":[{"href":"https:\/\/htb.com.pl\/index.php?rest_route=\/wp\/v2\/posts\/17410","targetHints":{"allow":["GET"]}}],"collection":[{"href":"https:\/\/htb.com.pl\/index.php?rest_route=\/wp\/v2\/posts"}],"about":[{"href":"https:\/\/htb.com.pl\/index.php?rest_route=\/wp\/v2\/types\/post"}],"author":[{"embeddable":true,"href":"https:\/\/htb.com.pl\/index.php?rest_route=\/wp\/v2\/users\/1"}],"replies":[{"embeddable":true,"href":"https:\/\/htb.com.pl\/index.php?rest_route=%2Fwp%2Fv2%2Fcomments&post=17410"}],"version-history":[{"count":3,"href":"https:\/\/htb.com.pl\/index.php?rest_route=\/wp\/v2\/posts\/17410\/revisions"}],"predecessor-version":[{"id":17414,"href":"https:\/\/htb.com.pl\/index.php?rest_route=\/wp\/v2\/posts\/17410\/revisions\/17414"}],"wp:featuredmedia":[{"embeddable":true,"href":"https:\/\/htb.com.pl\/index.php?rest_route=\/wp\/v2\/media\/17411"}],"wp:attachment":[{"href":"https:\/\/htb.com.pl\/index.php?rest_route=%2Fwp%2Fv2%2Fmedia&parent=17410"}],"wp:term":[{"taxonomy":"category","embeddable":true,"href":"https:\/\/htb.com.pl\/index.php?rest_route=%2Fwp%2Fv2%2Fcategories&post=17410"},{"taxonomy":"post_tag","embeddable":true,"href":"https:\/\/htb.com.pl\/index.php?rest_route=%2Fwp%2Fv2%2Ftags&post=17410"}],"curies":[{"name":"wp","href":"https:\/\/api.w.org\/{rel}","templated":true}]}}