{"id":1765,"date":"2018-09-22T06:10:47","date_gmt":"2018-09-22T06:10:47","guid":{"rendered":"https:\/\/htb.com.pl\/?p=1765"},"modified":"2018-09-24T14:40:15","modified_gmt":"2018-09-24T14:40:15","slug":"na-krawedzi","status":"publish","type":"post","link":"https:\/\/htb.com.pl\/?p=1765","title":{"rendered":"Na kraw\u0119dzi"},"content":{"rendered":"<p>&nbsp;<\/p>\n<p>W sobot\u0119 15 wrze\u015bnia 2018 roku ogl\u0105da\u0142em wyst\u0105pienie Pana Jaros\u0142awa Kaczy\u0144skiego na konwencji wyborczej do wybor\u00f3w samorz\u0105dowych. Konwencja ta odbywa\u0142a si\u0119 w <a href=\"https:\/\/htb.com.pl\/?p=255\">Zielonej G\u00f3rze, mie\u015bcie Marysi, kiedy\u015b mojej dziewczyny<\/a>. To ona w 1976 roku wyja\u015bni\u0142a mi jaka Polska b\u0119dzie, jak b\u0119dzie wolna. Powiedzia\u0142a, \u017ce polityk b\u0119dzie\u00a0 do administrowania naszymi pieni\u0119dzmi z podatk\u00f3w i stwarzania warunk\u00f3w do naszego rozwoju. Na polityk\u00f3w b\u0119dziemy wybiera\u0107 ludzi, kt\u00f3rym ufamy. Ca\u0142a reszta b\u0119dzie domen\u0105 ludzi, kt\u00f3rzy za swoj\u0105 &#8220;dzia\u0142k\u0119&#8221; b\u0119d\u0105 odpowiada\u0107 ale nie politycznie.\u00a0 Lekarze, Nauczyciele,\u00a0 Milicjanci, Dyrektorzy przedsi\u0119biorstw. B\u0119d\u0105 odpowiada\u0107 przed Edwardem Gierkiem, zapyta\u0142em.\u00a0 Teraz tak jest ale jak Polska b\u0119dzie wolna, b\u0119d\u0105 odpowiada\u0107 przed S\u0105dem.\u00a0 A S\u0105d? S\u0119dziowie s\u0105 jak Ksi\u0119\u017ca, tylko oni reprezentuj\u0105 w\u0142asne sumienie &#8211; nie Boga, B\u00f3g jest mi\u0142osierny, S\u0119dzia musi by\u0107 sprawiedliwy. S\u0119dzia jak Ksi\u0105dz, musi si\u0119 du\u017co uczy\u0107, zanim za\u0142o\u017cy tog\u0119, wygl\u0105da w niej nawet troch\u0119 jak Ksi\u0105dz. Fajnie by by\u0142o, gdyby tak by\u0142o, czemu nie mo\u017ce tak by\u0107, zapyta\u0142em. Wyja\u015bni\u0142a mi, \u017ce na razie nie mo\u017ce tak by\u0107, bo wolno\u015b\u0107 to demokracja a w demokracji ka\u017cdy mo\u017ce doj\u015b\u0107 do w\u0142adzy, nawet Sanacja. To \u017ce Sanacja jest z\u0142a wiedzia\u0142em, Dziadek i Babcia\u00a0 mi powiedzieli. Mia\u0142em wtedy 15 lat. To wyja\u015bnienie Marysi zapami\u0119ta\u0142em do dzi\u015b. Opisuj\u0105c w moich wpisach g\u0142upot\u0119 polityk\u00f3w, opieram si\u0119 na tym w\u0142a\u015bnie wyja\u015bnieniu. Potem ju\u017c w moim doros\u0142ym \u017cyciu Marysia utwierdzi\u0142a we mnie przekonanie, \u017ce l\u0119k przed Sanacj\u0105 to w\u0142a\u015bciwa droga. Jednak w 1987 roku moja Marysia odesz\u0142a . Na jej grobie napisali s\u0142owa kt\u00f3rymi j\u0105 po\u017cegna\u0142em&#8221;B\u00f3g tak chcia\u0142&#8221;<\/p>\n<p>Brakuje mi jej prostych rad,\u00a0 mam w\u0105tpliwo\u015bci czy ja dzi\u015b\u00a0 dobrze postrzegam \u015bwiat. Gdy s\u0142ucham Pana Kaczy\u0144skiego wygaduj\u0105cego tak straszne g\u0142upoty,\u00a0 Pana Mateusza Morawieckiego m\u00f3wi\u0105cego, \u017ce poprzednicy nie zbudowali dr\u00f3g, pr\u00f3buj\u0105cego wyrolowa\u0107 Pani\u0105 Prezes Gersdorf, Przewodnicz\u0105cego Komisji Europejskiej Jeana-Claude Junckera i widz\u0119 tych s\u0142uchaj\u0105cych ich ludzi, bij\u0105cych brawo &#8211; zastanowi\u0142em si\u0119. A mo\u017ce oni maj\u0105 racj\u0119, mo\u017ce to tak ma by\u0107. Te bzdury s\u0105 potem odpowiednio obrabiane w telewizji, kt\u00f3ra kiedy\u015b by\u0142a publiczna i przedstawiane jako prawda.<\/p>\n<p>Pan Kaczy\u0144ski twierdzi, \u017ce to nie S\u0105dy s\u0105 od wymierzania sprawiedliwo\u015bci tylko on, partia kt\u00f3r\u0105 wybra\u0142 suweren. Likwiduje S\u0105downictwo bo S\u0119dziowie nie s\u0105 apolityczni, wyst\u0119puj\u0105 w mediach broni\u0105c swej niezale\u017cno\u015bci. Jednocze\u015bni m\u00f3wi, \u017ce kiedy\u015b S\u0119dziowie siedzieli cicho, nie bronili swojej niezale\u017cno\u015bci, ferowali wyroki pod dyktando w\u0142adzy. No to kiedy oni byli \u017ali, wtedy czy teraz?<\/p>\n<p>13 grudnia 1986 rok by\u0142a sobota. Z moj\u0105 Marysi\u0105 w Warszawie &#8220;troch\u0119&#8221; popili\u015bmy. Majka zarz\u0105dzi\u0142a, \u017ce p\u00f3jdziemy pod dom Wojciecha Jaruzelskiego. Mia\u0142a by\u0107 demonstracja w rocznic\u0119 og\u0142oszenia stanu wojennego (13.12.1981). Jasiu chod\u017a poka\u017c\u0119 ci jak walczy\u0142am z\u00a0 ludzka g\u0142upot\u0105. Gdy dotarli\u015bmy na ulicy by\u0142o pusto. Mia\u0142a by\u0107 demonstracja przeciwko Genera\u0142owi, s\u0142ysza\u0142am jak psy gada\u0142y. Szed\u0142 jaki\u015b pan, zapytali\u015bmy. Wczoraj wasi byli, sp\u00f3\u017anili\u015bcie si\u0119, nie trza tyle chla\u0107 doda\u0142. Majka uca\u0142owa\u0142a go . My przyszli rozpieprzy\u0107 toto, za rok przyjdziemy na trze\u017awo, bo teraz co\u015b nam si\u0119 poki\u0107ka\u0142o. Zapraszamy jakby chcia\u0142 pan popatrze\u0107, b\u0119dzie na co. Facet odwzajemni\u0142 u\u015bcisk, przyjd\u0119 prosz\u0119 pani. Ale teraz zapraszam na nalewk\u0119, tu mieszkam. Mocne by\u0142o to co postawi\u0142, zapami\u0119ta\u0142em tylko jak\u00a0 on i Majak pokazywali sobie blizny. Majka ze star\u0107\u00a0 z boj\u00f3wkami IRA i ETA a on z II wojny \u015bwiatowej. Tak si\u0119 pisze histori\u0119 &#8211; krzyczeli. Nie do ko\u0144ca wiem jak to si\u0119 sta\u0142o ale obudzili\u015bmy si\u0119 we tr\u00f3jk\u0119 w naszym mieszkaniu. Majka da\u0142a panu konserwy, to taki jej zwyczaj by\u0142, \u017cywno\u015b\u0107 by\u0142a na kartki, zam\u00f3wi\u0142a taryf\u0119 i m\u00f3wi, ale\u015b si\u0119 zchla\u0142 Jasiu a kto nas tu przywi\u00f3z\u0142? Zam\u00f3wi\u0142a\u015b taryf\u0119 Marysia, powiedzia\u0142 pan a Janek mnie zaci\u0105gn\u0105\u0142.\u00a0 Powiedzia\u0142, \u017ce musz\u0119 spr\u00f3bowa\u0107 jego pieczeni wo\u0142owej w sosie grzybowym, super by\u0142a. Majka zajrza\u0142a do rondla &#8211; by\u0142 pusty. Sam to zjad\u0142a\u015b? Nie, wszyscy jedli\u015bmy. Janek pozmywa\u0142. Z chlebem zjedli\u015bmy, zapyta\u0142em. Nie kasz\u0119 ugotowa\u0142e\u015b, tak\u0105 w woreczkach. W\u0142\u0105czyli\u015bmy telewizor, nie byli\u015bmy do ko\u0144ca pewni, czy jest niedziela, czy poniedzia\u0142ek. Jednak niedziela, na ekranie pojawili si\u0119 Lechowie Wa\u0142\u0119sa i Kaczy\u0144ski. O &#8211; ten ma brata bli\u017aniaka, powiedzia\u0142 pan, grali Jacka i Placka w filmie &#8220;O dw\u00f3ch takich co ukradli ksi\u0119\u017cyc&#8221;. Podjecha\u0142a taryfa, po\u017cegnali\u015bmy go\u015bcia. Ogl\u0105da\u0142e\u015b Jasiu ten film? <a href=\"https:\/\/htb.com.pl\/?product=szatan-z-siodmej-klasy\"><img loading=\"lazy\" decoding=\"async\" class=\"size-full wp-image-1799 alignright\" src=\"https:\/\/htb.com.pl\/wp-content\/uploads\/2018\/09\/szatan.jpg\" alt=\"\" width=\"200\" height=\"280\" \/><\/a>Nie, ksi\u0105\u017ck\u0119 czyta\u0142em, to Kornel Makuszy\u0144ski napisa\u0142. Wiesz &#8211; nigdy nie pozwoli\u0142abym naszemu synowi gra\u0107 w takim filmie. Czemu &#8211; bli\u017aniacy powr\u00f3cili do Zapiecka i pomagali rodzicom. Ale wcze\u015bniej ukradli im chleb i ksi\u0119\u017cyc ukradli, \u017ceby nie pracowa\u0107. Dziecko zapami\u0119tuje z\u0142e rzeczy, nie dobre. Ten Lech daleko zajdzie, ma mentalno\u015b\u0107 Napoleona. Wa\u0142\u0119sa, zapyta\u0142em. Nie Kaczy\u0144ski. Napoleon kl\u0119ski przedstawia\u0142 jako zwyci\u0119stwa i w ten spos\u00f3b pisa\u0142 fa\u0142szyw\u0105 histori\u0119, cho\u0107by\u00a0 jego walki w Afryce, sk\u0105d zwia\u0142, spod Moskwy te\u017c zwia\u0142, jak rasowy sanacyjny przyw\u00f3dca. Zobaczysz jak za rok b\u0119d\u0105 zwiewa\u0107 demonstranci spod domu Jaruzelskiego. Pobijesz ich? Nie &#8211; poka\u017ce im to. Wysypa\u0142a\u00a0 z torebki straszliwe zdj\u0119cia porozrywanych ludzi przez bomby terroryst\u00f3w. Musia\u0142em do \u0142azienki. Rzygaj, rzygaj, gdyby nie Jaruzelski mo\u017cliwe, \u017ceby\u015b nie rzyga\u0142. Trup nie rzyga, nie ma jak. Pokaza\u0142a mi cia\u0142o bez g\u0142owy, jeszcze co\u015b mia\u0142em w \u017co\u0142\u0105dku.<\/p>\n<p>Nie wiem dlaczego mi si\u0119 to przypomnia\u0142o w\u0142a\u015bnie podczas ogl\u0105dania transmisji przem\u00f3wienia Pana Jaros\u0142awa Kaczy\u0144skiego na konwencji wyborczej w Zielonej G\u00f3rze i w Szczecinie &#8211; a mo\u017ce wiem&#8230;<\/p>\n<p>Pan Kaczy\u0144ski nie rozumie, \u017ce ludzie nie s\u0105 idealni. Chce pisa\u0107 now\u0105 histori\u0119. Zwyci\u0119\u017cyli\u015bmy m\u00f3w a zwyci\u0119zcy powinni pisa\u0107 histori\u0119.\u00a0 Wy macie rz\u0105dzi\u0107 a nie histori\u0119 pisa\u0107, ta sama si\u0119 napisze.<\/p>\n<p>W ka\u017cdym \u015brodowisku s\u0105 ludzie dobrzy i \u017ali. Trzeba stwarza\u0107 takie warunki, \u017ceby tych dobrych by\u0142o wi\u0119cej i \u017ceby to ci dobrzy mieli decyduj\u0105cy g\u0142os.\u00a0 To jest rz\u0105dzenie. Niezale\u017cne s\u0105downictwo jest jedynym sposobem na stworzenie takich warunk\u00f3w. To procentuje &#8211; ludzie czuj\u0105 si\u0119 bezpiecznie, gospodarka si\u0119 rozwija a na ulicach s\u0142ycha\u0107 radosny \u015bmiech. Teraz s\u0142ycha\u0107 wyzwiska,\u00a0 to \u017ale &#8211; chyba.<\/p>\n<p>Europejska Sie\u0107 Rad S\u0105downictwa ENCJ zawiesi\u0142a polsk\u0105 Krajow\u0105 Rad\u0119 S\u0105downictwa w prawach cz\u0142onka. W tajnym g\u0142osowaniu tylko 6 g\u0142os\u00f3w na 100\u00a0 by\u0142o przeciwko wywaleniu nas z organizacji, kt\u00f3r\u0105 zak\u0142adali\u015bmy. My\u015bl\u0119, \u017ce to byli\u00a0 polscy delegaci. Gdyby kto\u015b obcy by\u0142 przeciw, oznacza\u0142oby to, \u017ce jaki\u015b Polak zag\u0142osowa\u0142 za wywaleniem nas. Znowu jak przed wybuchem II wojny \u015bwiatowej jeste\u015bmy sami. To ma\u0142o ciekawe.<\/p>\n<p>Wr\u00f3\u0107my do roku 1986. Gdy sko\u0144czy\u0142em rzyga\u0107, zrobi\u0142o mi si\u0119 jako\u015b lepiej. O Jasiu ju\u017c nie jeste\u015b blady. Chod\u017a do sypialni, trzeba jeszcze\u00a0 co\u015b zrobi\u0107 ze mn\u0105.\u00a0 W sypialni znalaz\u0142em ukryta mich\u0119, talerz Majki. Zawsze w nim jad\u0142a, to by\u0142a taka miska na sa\u0142atki, prawie p\u00f3\u0142 gara zupy wchodzi\u0142o. Zapomnia\u0142em umy\u0107 chyba. Nie &#8211; teraz sobie przypomnia\u0142am, to ja wy\u017car\u0142am sos, grzybki i reszt\u0119 wo\u0142owiny, pami\u0119tam, wy z dziadkiem trenowali\u015bcie zapasy w salonie, chod\u017a teraz my powalczymy ale tu na \u0142\u00f3\u017cku. Gdy ju\u017c Marysia nabra\u0142a rumie\u0144c\u00f3w, umy\u0142em mich\u0119, \u0142y\u017ck\u0119, \u015bwiat wr\u00f3ci\u0142 do pionu. Jeszcze tylko ciuchy do pralki a my do wanny. Super by\u0142o powiedzia\u0142a Marysia. Nie poszli\u015bmy do ko\u015bcio\u0142a Papie\u017c by tego nie pochwali\u0142. E &#8211; da\u0142 mi wolna r\u0119k\u0119. I Majka opowiedzia\u0142a jak pierwszy raz od wyjazdu do Anglii w 1976 roku przylecia\u0142a do Polski.<\/p>\n<p>By\u0142o to na pocz\u0105tku listopada 1984 roku. <a href=\"https:\/\/htb.com.pl\/?p=1391\">Posz\u0142am do &#8220;mojej siostry&#8221; w Watykanie po polskie gazety<\/a>. Gazet nie by\u0142o, Papie\u017c czeka powiedzia\u0142a siostra. Gdy wesz\u0142am do Ojca \u015awi\u0119tego modli\u0142 si\u0119, na stoliku obok le\u017ca\u0142a Trybuna Ludu (gazeta) <a href=\"https:\/\/htb.com.pl\/?p=205\">By\u0142o w niej zdj\u0119cie Martwego Ksi\u0119dza Jerzego Popie\u0142uszki i informacja, \u017ce 30 pa\u017adziernika jego zw\u0142oki wy\u0142owiono z Wis\u0142y<\/a>. Papie\u017c by\u0142 za\u0142amany. Nasz genera\u0142 sta\u0142 si\u0119 politykiem, to moja wina, sam go o to prosi\u0142em &#8211; za wcze\u015bnie. Polecisz ty kwiatuszku, w mundurze. Ubij\u0105 &#8211; za wcze\u015bnie powiedzia\u0142am. Nagle zrozumia\u0142am, \u017ce odmawiam Ojcu \u015awi\u0119temu. Tak jest &#8211; wykrzykn\u0119\u0142am przyjmuj\u0105c postaw\u0119 zasadnicz\u0105 (baczno\u015b\u0107). Pomy\u015bla\u0142am wtedy Jasiu, \u017ce ju\u017c\u00a0 ci\u0119 nie zobacz\u0119. Gdy si\u0119 okaza\u0142o, \u017ce nie da si\u0119 za\u0142atwi\u0107 papier\u00f3w dla mnie i musz\u0119 lecie\u0107 jako cywil, pomy\u015bla\u0142am, \u017ce B\u00f3g chce \u017ceby\u015bmy si\u0119 spotkali. Tyle razy wysz\u0142am z opresji, teraz te\u017c si\u0119 uda. Nast\u0119pnego dnia mia\u0142am odpraw\u0119 z GAL. <a href=\"https:\/\/htb.com.pl\/?p=1391\">To by\u0142a specjalna grupa do zwalczania terroryst\u00f3w z ETA<\/a>. Hiszpa\u0144scy politycy oficjalnie og\u0142osili amnesti\u0119, tylko ich wywiad nas wspiera\u0142. Gdy wesz\u0142am przywita\u0142am si\u0119 s\u0142owami &#8220;Panowie Oficerowie&#8221;, ci wstali, politycy siedzieli. Przedstawi\u0142am zadania, wys\u0142ucha\u0142am uwag i wyda\u0142am rozkazy. Oficerowie wyszli. Nie zauwa\u017cy\u0142a Pani, \u017ce jeszcze my tu jeste\u015bmy, powiedzia\u0142 jeden z polityk\u00f3w. Wy jeste\u015bcie z\u0142o a z\u0142o trzeba dobrem zwyci\u0119\u017ca\u0107,\u00a0 Polacy tak robi\u0105. Rzuci\u0142am na st\u00f3\u0142 gazet\u0119 ze zdj\u0119ciem martwego Ksi\u0119dza Jerzego i doda\u0142am, teraz\u00a0 im musz\u0119 pom\u00f3c. Ju\u017c dawno nasze odprawy\u00a0 powinny tak wygl\u0105da\u0107, wielu niewinnych ludzi nie straci\u0142oby \u017cycia w zamachach. Dobra do\u015b\u0107 polityki, powiedzia\u0142a Marysia, chocia\u017c w wanie fajnie politykowa\u0107. Oj &#8211; a co to si\u0119 sta\u0142o? Woda jest zimna. Jejku &#8211; no to wy\u0142a\u017a, dawaj, to trzeba ogrza\u0107.<\/p>\n<p>&#8220;Panowie Oficerowie&#8221; &#8211; w\u0142a\u015bnie, gdzie oni s\u0105?<\/p>\n<p>17.09.2018\u00a0 Nasz Pan Prezydent z Ma\u0142\u017conka z\u0142o\u017cy\u0142 wizyt\u0119 w Stanach Zjednoczonych. <img loading=\"lazy\" decoding=\"async\" class=\"size-medium wp-image-1796 alignright\" src=\"https:\/\/htb.com.pl\/wp-content\/uploads\/2018\/09\/wizyta2-300x200.jpg\" alt=\"\" width=\"300\" height=\"200\" srcset=\"https:\/\/htb.com.pl\/wp-content\/uploads\/2018\/09\/wizyta2-300x200.jpg 300w, https:\/\/htb.com.pl\/wp-content\/uploads\/2018\/09\/wizyta2.jpg 600w\" sizes=\"auto, (max-width: 300px) 100vw, 300px\" \/>Nie by\u0142a to pa\u0144stwowa wizyta z ceremonia\u0142em z hymnami ale Pan Andrzej Duda by\u0142 taki szcz\u0119\u015bliwy jak nasz Syn, gdy pierwszy raz w \u017cyciu odwiedzi\u0142\u00a0 McDonalds&#8217;a. Zabawne by\u0142o jak zamiast limuzyny podstawili Parze Prezydenckiej ma\u0142\u0105 p\u00f3\u0142ci\u0119\u017car\u00f3wk\u0119, taka co\u015b do wo\u017cenia kosiarek do trawy na ranczo. Gdy Pa\u0144stwo Duda wsiadali do tego wehiku\u0142u, musieli to robi\u0107 szybko, szczeg\u00f3lnie Pani Prezydentowa mia\u0142a k\u0142opot, to ona musia\u0142a w\u0142azi\u0107 od tej strony gdzie byli demonstranci. Prezydent wlaz\u0142 od bramki. Rodacy krzyczeli &#8220;Konstytucja&#8221;. Podoba\u0142o mi si\u0119, byli zorganizowani, napis &#8220;KONSTYTUCJA&#8221; mieli na piersi a my\u015bl\u0119, \u017ce i w sercu. Szacun Kochani. Zastanawia\u0142em si\u0119 po co Pan Prezydent tam polecia\u0142? Bo po co Donald Trump go zaprosi\u0142 wiem, chce Nas przekr\u0119ci\u0107 na kas\u0119. Okaza\u0142o si\u0119, \u017ce Prezydent Duda chce zosta\u0107 przyw\u00f3dc\u0105 Tr\u00f3jmorza, takim Donaldem ale Tuskiem tylko Tr\u00f3jmorza &#8211; jak nas z Unii Europejskiej wywal\u0105. Prezydent Donald Trump nie mia\u0142 g\u0142owy do tej finezyjnej polityki Naszego Prezydenta. Ma problemy z huraganem Florence, ten huragan zabi\u0142 tam ju\u017c 31 os\u00f3b. Nie ma co owija\u0107 w bawe\u0142n\u0119, trzeba by\u0142o jasno powiedzie\u0107 Panie Prezydencie, \u017ce Panu te\u017c jak jemu Trumpowi UE si\u0119 nie podoba i zrobimy swoj\u0105, Tr\u00f3jmorze a Trump b\u0119dzie to finansowa\u0142 i broni\u0142. Nie wiem czy by si\u0119 ucieszy\u0142 gdyby to rozkmini\u0142?\u00a0 Sanacja mia\u0142a Mi\u0119dzymorze, nie wiem czemu ich spadkobiercy wymy\u015blili Tr\u00f3jmorze wiem, \u017ce jak co\u015b jest sanacyjne, to jest z\u0142e. Premier W\u0119gier Viktor Orban te\u017c to wie, demonstracyjnie spotka\u0142 si\u0119 z W\u0142adimirem Putinem, kumplem Trumpa. W\u0119gry teoretycznie wchodz\u0105 w sk\u0142ad Tr\u00f3jmorza. Ale nasi tego nie skumali. Zreszt\u0105 jak mieli skuma\u0107, nie s\u0105 kumaci. Nale\u017ca\u0142o podstawi\u0107 Prezydentowi porz\u0105dn\u0105 limuzyn\u0119,\u00a0 obwie\u017a\u0107 go po redakcjach du\u017cych ameryka\u0144skich gazet i napisa\u0107 mu co ma m\u00f3wi\u0107.\u00a0 Mia\u0142oby to jaki\u015b sens.<\/p>\n<p>Na konferencji prasowej po spotkaniu Prezydent Andrzej Duda m\u00f3wi\u0142 o tym swoim Tr\u00f3jmorzu\u00a0 i o\u00a0 gwarancjach bezpiecze\u0144stwa dla tego co sobie wyimaginowa\u0142 &#8211; &#8220;Fort Trump&#8221;. Nazwa bardzo si\u0119 spodoba\u0142a, my\u015bl\u0119 jednak, \u017ce kwota ponad dwa miliardy dolar\u00f3w rozbawi\u0142a Trumpa. To za ten Fort mia\u0142o by\u0107. Amerykanie wiedz\u0105, \u017ce my pieni\u0105dze mamy ale do zap\u0142acenia.\u00a0 U nas \u017ali politycy przej\u0119li rz\u0105dy po <a href=\"https:\/\/htb.com.pl\/?p=155\">Aferze Rywina .\u00a0<\/a>D\u0142ug publiczny w roku 2005 wynosi\u0142 466,6 mld. w 2017 ponad bilion! To odtr\u0105biono w &#8220;re\u017cim\u00f3wce&#8221; jako sukces, bo w wyniku wstrzymania inwestycji d\u0142ug przez chwilk\u0119 zacz\u0105\u0142 spada\u0107. Wy liczy\u0107 nie umiecie, mamy ponad bilion d\u0142ugu ale nie z\u0142otych, tylko EUR i to tak skromnie licz\u0105c.\u00a0 Rozwalili\u015bcie system emerytalny przecie\u017c, to jakie\u015b 5 bilion\u00f3w z\u0142otych! Tak naprawd\u0119 nasze zad\u0142u\u017cenie przekroczy\u0142o 300 % PKB! Grecja ma 176, 2% PKB, no ale ich ratuj\u0105, maja EUR. To \u017ce nie jeste\u015bmy bankrutem, \u017ce obs\u0142ugujemy zad\u0142u\u017cenie, to zas\u0142uga Polak\u00f3w, zwyk\u0142ych Obywateli, kt\u00f3rzy zapierdzielaj\u0105, p\u0142ac\u0105 i jeszcze nie p\u0142acz\u0105. Trzeba wprowadzi\u0107 EUR i sta\u0107 si\u0119 pe\u0142noprawn\u0105 cz\u0119\u015bci\u0105 Unii Europejskiej. Cz\u0119\u015bci\u0105 gospodarki wi\u0119kszej jak gospodarka\u00a0 Stan\u00f3w Zjednoczonych. Jeste\u015bmy Europejczykami, zrozumcie to wreszcie &#8211; Kochani.<\/p>\n<p>&nbsp;<\/p>\n<p>&nbsp;<\/p>\n","protected":false},"excerpt":{"rendered":"<p>&nbsp; W sobot\u0119 15 wrze\u015bnia 2018 roku ogl\u0105da\u0142em wyst\u0105pienie Pana Jaros\u0142awa Kaczy\u0144skiego na konwencji wyborczej do wybor\u00f3w samorz\u0105dowych. Konwencja ta odbywa\u0142a si\u0119 w Zielonej G\u00f3rze, mie\u015bcie Marysi, kiedy\u015b mojej dziewczyny. To ona w 1976 roku wyja\u015bni\u0142a mi jaka Polska b\u0119dzie, jak b\u0119dzie wolna. Powiedzia\u0142a, \u017ce polityk b\u0119dzie\u00a0 do administrowania naszymi pieni\u0119dzmi z podatk\u00f3w i stwarzania [&hellip;]<\/p>\n","protected":false},"author":1,"featured_media":1795,"comment_status":"open","ping_status":"open","sticky":false,"template":"","format":"standard","meta":{"_jetpack_memberships_contains_paid_content":false,"footnotes":""},"categories":[4],"tags":[260,261],"class_list":["post-1765","post","type-post","status-publish","format-standard","has-post-thumbnail","hentry","category-daty-i-fakty-blog","tag-prezydent-andrzej-duda","tag-wybory-samorzadowe-2018"],"jetpack_sharing_enabled":true,"jetpack_featured_media_url":"https:\/\/htb.com.pl\/wp-content\/uploads\/2018\/09\/wizyta1.jpg","_links":{"self":[{"href":"https:\/\/htb.com.pl\/index.php?rest_route=\/wp\/v2\/posts\/1765","targetHints":{"allow":["GET"]}}],"collection":[{"href":"https:\/\/htb.com.pl\/index.php?rest_route=\/wp\/v2\/posts"}],"about":[{"href":"https:\/\/htb.com.pl\/index.php?rest_route=\/wp\/v2\/types\/post"}],"author":[{"embeddable":true,"href":"https:\/\/htb.com.pl\/index.php?rest_route=\/wp\/v2\/users\/1"}],"replies":[{"embeddable":true,"href":"https:\/\/htb.com.pl\/index.php?rest_route=%2Fwp%2Fv2%2Fcomments&post=1765"}],"version-history":[{"count":50,"href":"https:\/\/htb.com.pl\/index.php?rest_route=\/wp\/v2\/posts\/1765\/revisions"}],"predecessor-version":[{"id":1833,"href":"https:\/\/htb.com.pl\/index.php?rest_route=\/wp\/v2\/posts\/1765\/revisions\/1833"}],"wp:featuredmedia":[{"embeddable":true,"href":"https:\/\/htb.com.pl\/index.php?rest_route=\/wp\/v2\/media\/1795"}],"wp:attachment":[{"href":"https:\/\/htb.com.pl\/index.php?rest_route=%2Fwp%2Fv2%2Fmedia&parent=1765"}],"wp:term":[{"taxonomy":"category","embeddable":true,"href":"https:\/\/htb.com.pl\/index.php?rest_route=%2Fwp%2Fv2%2Fcategories&post=1765"},{"taxonomy":"post_tag","embeddable":true,"href":"https:\/\/htb.com.pl\/index.php?rest_route=%2Fwp%2Fv2%2Ftags&post=1765"}],"curies":[{"name":"wp","href":"https:\/\/api.w.org\/{rel}","templated":true}]}}