{"id":17786,"date":"2020-02-15T06:25:09","date_gmt":"2020-02-15T06:25:09","guid":{"rendered":"https:\/\/htb.com.pl\/?p=17786"},"modified":"2020-04-06T06:38:24","modified_gmt":"2020-04-06T06:38:24","slug":"prezydent","status":"publish","type":"post","link":"https:\/\/htb.com.pl\/?p=17786","title":{"rendered":"Prezydent"},"content":{"rendered":"\n<p><\/p>\n\n\n\n<figure class=\"wp-block-image size-large\"><img loading=\"lazy\" decoding=\"async\" width=\"271\" height=\"186\" src=\"https:\/\/htb.com.pl\/wp-content\/uploads\/2018\/04\/pa\u0142ac.jpg\" alt=\"\" class=\"wp-image-218\"\/><\/figure>\n\n\n\n<p><\/p>\n\n\n\n<figure class=\"wp-block-image size-thumbnail\"><a href=\"https:\/\/htb.com.pl\/wp-content\/uploads\/2020\/02\/tarabany.mp3\"><img loading=\"lazy\" decoding=\"async\" width=\"150\" height=\"150\" src=\"https:\/\/htb.com.pl\/wp-content\/uploads\/2018\/04\/posluchaj-150x150.jpg\" alt=\"\" class=\"wp-image-2020\" srcset=\"https:\/\/htb.com.pl\/wp-content\/uploads\/2018\/04\/posluchaj-150x150.jpg 150w, https:\/\/htb.com.pl\/wp-content\/uploads\/2018\/04\/posluchaj-300x300.jpg 300w, https:\/\/htb.com.pl\/wp-content\/uploads\/2018\/04\/posluchaj-100x100.jpg 100w\" sizes=\"auto, (max-width: 150px) 100vw, 150px\" \/><\/a><\/figure>\n\n\n\n<p>Polska nie ma szcz\u0119\u015bcia do prezydent\u00f3w, <a href=\"https:\/\/htb.com.pl\/?p=217\">pisa\u0142em o tym<\/a> wielokrotnie. To przez nasz\u0105 histori\u0119 &#8211; 123 lata zabor\u00f3w zrobi\u0142o swoje, w\u0142adz\u0119 traktujemy jak wroga &#8211; mamy to we krwi. Tak m\u00f3wi\u0142a Marysia o kt\u00f3rej ci\u0105gle pisz\u0119. Nie zamierza\u0142em o niej pisa\u0107 a\u017c tyle, opowiadanie<a href=\"https:\/\/htb.com.pl\/?p=246\"> &#8220;Spotkanie po latach&#8221; <\/a>mia\u0142o zako\u0144czy\u0107 moje wspomnienia o Marysi. Jednak odzew z jakim si\u0119 spotka\u0142o, przer\u00f3s\u0142 moje oczekiwania. Kiedy\u015b nie by\u0142a lubiana, nie mia\u0142a  wielu  przyjaci\u00f3\u0142, nikt nie rozumia\u0142 jej post\u0119powania, przewa\u017cnie by\u0142a traktowana jak wr\u00f3g. Dopiero jak kogo\u015b pobi\u0142a, a potem si\u0119 nim spi\u0142a &#8211; mi\u0142o\u015b\u0107 do Bli\u017aniego o\u017cy\u0142a. Teraz po latach jej dawni wrogowie prosz\u0105, abym pisa\u0142 o major Mari, zrozumieli, \u017ce to co robi\u0142a by\u0142o dobre. Dlatego opisuj\u0105c aktualne wydarzenia w Polsce, a czasem na \u015bwiecie, staram si\u0119 pokazywa\u0107 je tak, jak widzia\u0142aby to Marysia. Ona co wa\u017cne, wierszem m\u00f3wi\u0142a. dlatego zapami\u0119ta\u0142em. Teraz te rymy przytaczam &#8211; bo my\u015bl\u0119 \u017ce Polska \u017ale skr\u0119ci\u0142a.<\/p>\n\n\n\n<p>W czasach gdy si\u0119 z ni\u0105 spotyka\u0142em (1986-7 rok) prezydentem w Polsce by\u0142 genera\u0142 Wojciech Jaruzelski, nazywa\u0142o si\u0119 to wtedy Przewodnicz\u0105cy Rady Pa\u0144stwa, bo nazw\u0119 prezydent zaw\u0142aszczy\u0142 rz\u0105d na uchod\u017astwie, tam funkcj\u0119 t\u0105 sprawowa\u0142 Ryszard Kaczorowski. By\u0142o tak, bo po wojnie CIA do walki z GRU potrzebowa\u0142o Polak\u00f3w, kt\u00f3rzy nie lubi\u0105 ruskich i nie chodzi\u0142o o pierogi. Amerykanie stworzyli RWE i do boju. Podobno o wolno\u015b\u0107 walka to by\u0142a. Pewne s\u0105 ofiary, kt\u00f3re sprawi\u0142a&#8230; I to major Mari zako\u0144czy\u0142a. Gdyby \u017cy\u0142a, nigdy by nie pozwoli\u0142a, aby ta romantyczna dusza si\u0119 w nas odrodzi\u0142a.<\/p>\n\n\n\n<p>Marysia genera\u0142a Wojciecha Jaruzelskiego bardzo ale to bardzo ceni\u0142a. majestat g\u0142owy pa\u0144stwa trzeba chroni\u0107, bo to jakby Ojczyzny broni\u0107 &#8211; m\u00f3wi\u0142a i na sw\u00f3j spos\u00f3b chroni\u0142a. Jednak w demokracj\u0119 bezpo\u015bredni\u0105 nie wierzy\u0142a i prezydenta przez Parlament wybiera\u0107 radzi\u0142a. Pami\u0119tam dyskusj\u0119 na ten temat. Podczas  biesiady przekonywano j\u0105, \u017ce przecie\u017c sanacja ten w\u0142a\u015bnie b\u0142\u0105d pope\u0142ni\u0142a.  Majka przepi\u0142a i wyja\u015bni\u0142a. Prezydenta Gabriela Narutowicza, nasza g\u0142upota zabi\u0142a &#8211; szabl\u0119 ze \u015bciany zdj\u0119\u0142a i r\u00f3\u017c\u0119 w flakonie jak \u0142oz\u0119 \u015bci\u0119\u0142a. Czerwina r\u00f3\u017ca na bia\u0142ym obrusie le\u017ca\u0142a, a Majka z szabl\u0105 p\u0142ugiem sta\u0142a. Zapami\u0119tajcie t\u0105 r\u00f3\u017ce &#8211; powiedzia\u0142a, bo jest jak krew, kt\u00f3ra teraz si\u0119 nie pola\u0142a. Oby polska krew nigdy si\u0119 nie pola\u0142a &#8211; toast taki wznie\u015bli\u015bmy, pij\u0105c jej genera\u0142a zdrowie. Majka a\u017c si\u0119 pop\u0142aka\u0142a, bo jak ojca Jaruzelskiego kocha\u0142a. Pijackie wyg\u0142upy, kto\u015b powie. Ja te\u017c tak wtedy my\u015bla\u0142em, dzi\u015b te jej &#8220;wyg\u0142upy&#8221; zrozumia\u0142em. I wiem, \u017ce w Polsce wtedy dobrze b\u0119dzie, jak nikt prezydenta obra\u017ca\u0142 nie b\u0119dzie. A to co w Pucku na obchodach stulecia za\u015blubin z morzem widzia\u0142em &#8211; sprawi\u0142o, \u017ce tamt\u0105 biesiad\u0119 sobie przypomnia\u0142em. &#8220;B\u0119dziesz siedzia\u0142&#8221;, krzyczeli do prezydenta Andrzeja Dudy ci co go wybrali, za\u015b parlamentarzy\u015bci, nawet ci, co nigdy go nie popierali &#8211; r\u0119k\u0119 mu podawali. Dlatego to oni prezydenta wybiera\u0107 powinni. Zr\u00f3bmy tak jak Marysia m\u00f3wi\u0142a, bo w takim wyborze jest si\u0142a, kt\u00f3ra nas przed wojna domow\u0105 uchroni\u0142a. Uszanujmy za to Jaruzelskiego, wtedy prezydenta naszego, on odda\u0142 urz\u0105d, kt\u00f3ry mu Parlament powierzy\u0142, \u017ceby\u015bmy wybrali swojego &#8211; on w nas uwierzy\u0142.<\/p>\n\n\n\n<p>Pami\u0119tam jak satyryk Jan Pietrzak wy\u015bmiewa\u0142 si\u0119 z tego, \u017ce 19 lipca 1989,  na prezydenta PRL wybrano Jaruzelskiego. Zgromadzenie Narodowe go wtedy wybra\u0142o, dwa g\u0142osy zdecydowa\u0142o. Pan Pietrzak policzy\u0142, \u017ce to p\u00f3\u0142 g\u0142osu by\u0142o i wyb\u00f3r nazwa\u0142 &#8220;p\u00f3\u0142g\u0142\u00f3wkiem&#8221;. Ostatnio  w Polskim Radiu 24 go s\u0142ucha\u0142em i nie wiedzie\u0107 czemu sobie to przypomnia\u0142em.<\/p>\n\n\n\n<p>Wchodz\u0105ca w \u017cycie ustawa o Izbie Dyscyplinarnej SN, jest powodem odej\u015bcia  Stanis\u0142awa Zab\u0142ockiego z Sadu Najwy\u017cszego. Ja t\u0105 postaw\u0119 pana S\u0119dziego z walk\u0105 Marysi por\u00f3wnuj\u0119 i wielki szacunek do takich ludzi czuj\u0119. Reforma Sprawiedliwo\u015bci ze wszystkimi  nas sk\u0142\u00f3ca, bo Polska jedno\u015b\u0107 Europu odrzuca. T\u0105 &#8211; o kt\u00f3rej Marysia marzy\u0142a, t\u0105 kt\u00f3ra nas w granicach czas\u00f3w Jagiellon\u00f3w mie\u015bci\u0142a. <a href=\"https:\/\/htb.com.pl\/?p=17407\"><img loading=\"lazy\" decoding=\"async\" width=\"150\" height=\"106\" class=\"wp-image-17408\" style=\"width: 150px;\" src=\"https:\/\/htb.com.pl\/wp-content\/uploads\/2020\/02\/Jagiellonowie.jpg\" alt=\"\" srcset=\"https:\/\/htb.com.pl\/wp-content\/uploads\/2020\/02\/Jagiellonowie.jpg 1100w, https:\/\/htb.com.pl\/wp-content\/uploads\/2020\/02\/Jagiellonowie-300x212.jpg 300w, https:\/\/htb.com.pl\/wp-content\/uploads\/2020\/02\/Jagiellonowie-1024x724.jpg 1024w, https:\/\/htb.com.pl\/wp-content\/uploads\/2020\/02\/Jagiellonowie-768x543.jpg 768w, https:\/\/htb.com.pl\/wp-content\/uploads\/2020\/02\/Jagiellonowie-600x424.jpg 600w\" sizes=\"auto, (max-width: 150px) 100vw, 150px\" \/><\/a> Bo Polska wtedy wolna i bezpieczna b\u0119dzie, jak granic z s\u0105siadami mia\u0142a nie b\u0119dzie &#8211; tak m\u00f3wi\u0142a. Ona o naszych kresach we wsp\u00f3lnej Europie  marzy\u0142a i tak by by\u0142o &#8211; gdyby \u017cy\u0142a.<\/p>\n\n\n\n<p><a href=\"https:\/\/htb.com.pl\/?p=1184\">Media &#8211; dwa lata temu pisa\u0142em<\/a>, jak w zawaulowany spos\u00f3b rz\u0105d finansuje swoje media.  Wtedy Minister Rolnictwa i Rozwoju Wsi, Jan Krzysztof Ardanowski (PiS), zezwoli\u0142 na u\u017cycie pestycyd\u00f3w z grupy neonikotynoid\u00f3w do ochrony rzepaku.  To sprawi\u0142o, \u017ce firmy kt\u00f3re to \u015bwi\u0144stwo produkuj\u0105, wspomog\u0142y TVPiS. Zezwolenie na trucie nas nadal cofni\u0119te nie zosta\u0142o ale to ma\u0142o i<strong> Sejm przyzna\u0142 rz\u0105dowym mediom tyle, \u017ceby na dwie kampanie sta\u0142o!<\/strong> Pos\u0142anka Joanna Lichocka (PiS), rekomenduj\u0105ca ustaw\u0119 &#8211; kt\u00f3ra zak\u0142ada rekompensat\u0119 w wysoko\u015bci 1,95 mld z\u0142 w 2020 r. dla TVP, strasznie si\u0119 zdenerwowa\u0142a i zamiast naszego europejskiego <em>thank you<\/em>, ameryka\u0144skie  <em>fuck you<\/em> pokaza\u0142a. <img loading=\"lazy\" decoding=\"async\" width=\"150\" height=\"100\" class=\"wp-image-17981\" style=\"width: 150px;\" src=\"https:\/\/htb.com.pl\/wp-content\/uploads\/2020\/02\/Fakico.jpeg\" alt=\"\" srcset=\"https:\/\/htb.com.pl\/wp-content\/uploads\/2020\/02\/Fakico.jpeg 567w, https:\/\/htb.com.pl\/wp-content\/uploads\/2020\/02\/Fakico-300x200.jpeg 300w\" sizes=\"auto, (max-width: 150px) 100vw, 150px\" \/> Opozycja te pieni\u0105dze na onkologi\u0119 da\u0107 chcia\u0142a, bo wcze\u015bniejsza bzdura  Arendarskiego podzia\u0142a\u0142a i rz\u0105dy dobrej zmiany z tragedi\u0105 wojny zr\u00f3wna\u0142a. <strong>Dziennie z powodu raka umiera w Polsce prawie 300-stu ludzi<\/strong> &#8211; to najwi\u0119cej w Europie. Ale w mediach, kt\u00f3re z jakiego\u015b powodu musimy finansowa\u0107 powiedzieli, \u017ce zachorowalno\u015b\u0107 na nowotwory do najni\u017cszych w Europie sprowadzi\u0107-\u015bmy umieli. Chorzy w Polsce nie s\u0105 zdiagnozowani &#8211; Kochani, nasza onkologia to &#8220;trup&#8221;. Ja <a href=\"https:\/\/htb.com.pl\/?product_cat=specyfiki-marysi\"> SPECYFIKI MARYSI<\/a> stosuj\u0119 i na razie nie choruj\u0119. Ten olej proponuj\u0119. <a href=\"https:\/\/htb.com.pl\/?product=olej-konopny-cbd\"><img loading=\"lazy\" decoding=\"async\" width=\"150\" height=\"150\" class=\"wp-image-4125\" style=\"width: 150px;\" src=\"https:\/\/htb.com.pl\/wp-content\/uploads\/2019\/06\/cbd.png\" alt=\"\" srcset=\"https:\/\/htb.com.pl\/wp-content\/uploads\/2019\/06\/cbd.png 800w, https:\/\/htb.com.pl\/wp-content\/uploads\/2019\/06\/cbd-150x150.png 150w, https:\/\/htb.com.pl\/wp-content\/uploads\/2019\/06\/cbd-300x300.png 300w, https:\/\/htb.com.pl\/wp-content\/uploads\/2019\/06\/cbd-768x768.png 768w, https:\/\/htb.com.pl\/wp-content\/uploads\/2019\/06\/cbd-600x600.png 600w, https:\/\/htb.com.pl\/wp-content\/uploads\/2019\/06\/cbd-100x100.png 100w\" sizes=\"auto, (max-width: 150px) 100vw, 150px\" \/><\/a><\/p>\n\n\n\n<p>Zako\u0144cz\u0119 jej powiedzeniem, kt\u00f3re wiele razy ju\u017c przytacza\u0142em ale ono bardzo dobrze podsumuje, co tu napisa\u0142em; Puknijmy si\u0119 w czo\u0142o, tylko nie za mocno, bo kto\u015b pomy\u015bli, \u017ce bij\u0105 w tarabany.<\/p>\n","protected":false},"excerpt":{"rendered":"<p>POS\u0141UCHAJ<\/p>\n","protected":false},"author":1,"featured_media":218,"comment_status":"open","ping_status":"open","sticky":false,"template":"","format":"standard","meta":{"_jetpack_memberships_contains_paid_content":false,"footnotes":""},"categories":[4],"tags":[565],"class_list":["post-17786","post","type-post","status-publish","format-standard","has-post-thumbnail","hentry","category-daty-i-fakty-blog","tag-kampania-prezydencka"],"jetpack_sharing_enabled":true,"jetpack_featured_media_url":"https:\/\/htb.com.pl\/wp-content\/uploads\/2018\/04\/pa\u0142ac.jpg","_links":{"self":[{"href":"https:\/\/htb.com.pl\/index.php?rest_route=\/wp\/v2\/posts\/17786","targetHints":{"allow":["GET"]}}],"collection":[{"href":"https:\/\/htb.com.pl\/index.php?rest_route=\/wp\/v2\/posts"}],"about":[{"href":"https:\/\/htb.com.pl\/index.php?rest_route=\/wp\/v2\/types\/post"}],"author":[{"embeddable":true,"href":"https:\/\/htb.com.pl\/index.php?rest_route=\/wp\/v2\/users\/1"}],"replies":[{"embeddable":true,"href":"https:\/\/htb.com.pl\/index.php?rest_route=%2Fwp%2Fv2%2Fcomments&post=17786"}],"version-history":[{"count":46,"href":"https:\/\/htb.com.pl\/index.php?rest_route=\/wp\/v2\/posts\/17786\/revisions"}],"predecessor-version":[{"id":21023,"href":"https:\/\/htb.com.pl\/index.php?rest_route=\/wp\/v2\/posts\/17786\/revisions\/21023"}],"wp:featuredmedia":[{"embeddable":true,"href":"https:\/\/htb.com.pl\/index.php?rest_route=\/wp\/v2\/media\/218"}],"wp:attachment":[{"href":"https:\/\/htb.com.pl\/index.php?rest_route=%2Fwp%2Fv2%2Fmedia&parent=17786"}],"wp:term":[{"taxonomy":"category","embeddable":true,"href":"https:\/\/htb.com.pl\/index.php?rest_route=%2Fwp%2Fv2%2Fcategories&post=17786"},{"taxonomy":"post_tag","embeddable":true,"href":"https:\/\/htb.com.pl\/index.php?rest_route=%2Fwp%2Fv2%2Ftags&post=17786"}],"curies":[{"name":"wp","href":"https:\/\/api.w.org\/{rel}","templated":true}]}}