{"id":18169,"date":"2020-02-22T06:44:52","date_gmt":"2020-02-22T06:44:52","guid":{"rendered":"https:\/\/htb.com.pl\/?p=18169"},"modified":"2020-06-02T11:12:49","modified_gmt":"2020-06-02T11:12:49","slug":"prezydent-marzen","status":"publish","type":"post","link":"https:\/\/htb.com.pl\/?p=18169","title":{"rendered":"Prezydent marze\u0144"},"content":{"rendered":"\n<figure class=\"wp-block-image size-thumbnail\"><a href=\"https:\/\/htb.com.pl\/wp-content\/uploads\/2020\/02\/Marzenie.mp3\"><img loading=\"lazy\" decoding=\"async\" width=\"150\" height=\"150\" src=\"https:\/\/htb.com.pl\/wp-content\/uploads\/2018\/04\/posluchaj-150x150.jpg\" alt=\"\" class=\"wp-image-2020\" srcset=\"https:\/\/htb.com.pl\/wp-content\/uploads\/2018\/04\/posluchaj-150x150.jpg 150w, https:\/\/htb.com.pl\/wp-content\/uploads\/2018\/04\/posluchaj-300x300.jpg 300w, https:\/\/htb.com.pl\/wp-content\/uploads\/2018\/04\/posluchaj-100x100.jpg 100w\" sizes=\"auto, (max-width: 150px) 100vw, 150px\" \/><\/a><\/figure>\n\n\n\n<p>Tak pan Jaros\u0142aw Kaczy\u0144ski powiedzia\u0142 o prezydencie Andrzeju Dudzie, na konwencji PiS w Warszawie, gdzie oficjalnie zainaugurowano kampani\u0119 prezydenck\u0105, kt\u00f3ra ma doprowadzi\u0107 do jego reelekcji. Swoj\u0105 drog\u0105 ciekawe marzenia ma pan Kaczy\u0144ski &#8211; zaskoczy\u0142 mnie. Nie tylko uleg\u0142o\u015b\u0107 g\u0142owy pa\u0144stwa wobec niego ale i to, \u017ce pan Duda ma ma\u0142\u017conk\u0119 jest dla pana Kaczy\u0144skiego zalet\u0105 &#8211; i ja to rozumiem, te\u017c bez kobiet \u017cy\u0107 nie umiem. Ale jego uleg\u0142o\u015b\u0107 wobec pana jest z\u0142em &#8211; panie Jaros\u0142awie i teraz na to argumenty przedstawi\u0119. Do pana \u017cadnych pretensji nie mam, dlatego w mnogiej liczbie si\u0119 zwracam &#8211; pan chcia\u0142 socjalizm, a tu sanacja powraca.<\/p>\n\n\n\n<ul class=\"wp-block-list\"><li>Dla was J\u00f3zef Pi\u0142sudski jest wzorem, a to jak kiedy\u015b, mo\u017ce si\u0119 sko\u0144czy  wojennym horrorem.<\/li><li>Wy regu\u0142 gospodarki rynkowej nic a nic nie pojmujecie i gospodarcz\u0105 tragedi\u0119 dla Polski szykujecie.<\/li><li>Energetyka to dla was g\u00f3rnik\u00f3w protesty &#8211; braku pr\u0105du  nie rozwi\u0105\u017c\u0105 przyjazne wobec nich gesty.<strong> W 2019 roku zabrak\u0142o w Polsce 10,6 TWh pr\u0105du!<\/strong><\/li><li>Wymiar Sprawiedliwo\u015bci to z\u0142o, kt\u00f3re wtedy jest dobrem,  jak z ministrem sprawiedliwo\u015bci, a nie z S\u0105dem &#8211; za\u0142atwiacie &#8220;problem&#8221;.<\/li><li> Zdrowie &#8211; to nas pogodzi, jak jest szlachetne, ka\u017cdy si\u0119 dowie, gdy o jego ci\u0119\u017ckiej chorobie, lekarz mu powie. Wszystko wtedy na bok odchodzi i ju\u017c wiemy kto tu dowodzi.<\/li><\/ul>\n\n\n\n<p>Ten co Bli\u017aniego kocha\u0107 nakaza\u0142, a ziemi\u0119 sobie poddana uczyni\u0107 przykaza\u0142. By polecenia wydawa\u0107 umie\u0107, te dwa przykazania trzeba zrozumie\u0107. Takie u w\u0142adzy rozumienie &#8211; to moje marzenie.<\/p>\n\n\n\n<p>Wszystko co tu wypunktowa\u0142em, wielokrotnie ju\u017c opisywa\u0142em. Dzi\u015b jednak now\u0105 opowie\u015b\u0107 przytocz\u0119, bo wiem, \u017ce jej zako\u0144czenie jest prorocze.<\/p>\n\n\n\n<p>Tr\u00f3jmorze &#8211; 12 europejskich pa\u0144stw, kt\u00f3re \u0142\u0105czy to, \u017ce le\u017c\u0105 w pobli\u017cu trzech m\u00f3rz; Ba\u0142tyckiego, Adriatyku i Czarnego.  Powsta\u0142o z inicjatywy prezydenta naszego ale mi\u0119dzy innymi dlatego, kandydata na prezydenta ju\u017c tylko &#8220;waszego&#8221;, bo z przedwojennym Mi\u0119dzymorzem jego Tr\u00f3jmorzem si\u0119 kojarzy, o kt\u00f3rym Marysia mi opowiada\u0142a i z terroryzmem por\u00f3wnywa\u0142a. Mo\u017ce kiedy\u015b o tym napisz\u0119, teraz nasz\u0105 wizyt\u0119 w Cz\u0119stochowskim Sanktuarium opisz\u0119.  <\/p>\n\n\n\n<p>Ko\u0144czy\u0142a si\u0119 zima stulecia 1987 roku. Majka w Warszawie rozgrzeszenia nie dosta\u0142a i tak si\u0119 zdenerwowa\u0142a, \u017ce do Cz\u0119stochowy wyspowiada\u0107 si\u0119 pojecha\u0142a. By\u0142a bardzo szcz\u0119\u015bliwa, gdy ju\u017c Pana Boga przyj\u0119\u0142a. Jadnak gdy pami\u0105tki z Jasnej G\u00f3ry wybiera\u0107 zacz\u0119\u0142a, jej rado\u015b\u0107 jak mydlana ba\u0144ka prysn\u0119\u0142a. Wizerunek Matki Boskiej do r\u0119ki wzi\u0119\u0142a &#8211; jej zatroskana twarz bardzo j\u0105 uj\u0119\u0142a. Lecz na  rewersie liczb\u0119 40 zobaczy\u0142a i ta liczba z r\u00f3wnowagi j\u0105  wyprowadzi\u0142a. Ca\u0142\u0105 parti\u0119 wykupi\u0142a i zniszczy\u0142a. Wyja\u015bni\u0142a &#8211; \u017ce w 1938 roku to przepustka by\u0142a, dla tych co z Hitlerem trzymali i jedno\u015b\u0107 antyhitlerowskiej koalicji <strong>rozbijali.<\/strong> My\u015bmy im Jasiu pomagali. Wtedy tego nie rozumia\u0142em ale dzi\u015b, gdy Tr\u00f3jmorze,  Amerykanie finansuj\u0105, a nasi \u017ali politycy jego idee promuj\u0105 &#8211; wiem, \u017ce tym Uni\u0119 Europejska <strong>rozbijaj\u0105<\/strong> i jak tamci Matk\u0119 Boga w klapie maj\u0105. <\/p>\n\n\n\n<p>Zamiast europejsk\u0105 jedno\u015b\u0107 budowa\u0107 i poja\u0142ta\u0144skie krzywdy niwelowa\u0107. Ukrain\u0119 i Bia\u0142oru\u015b Rosji zastawili\u015bmy &#8211; to prawda, nigdy wielkimi przyjaci\u00f3\u0142mi nie byli\u015bmy. Jednak groby na Wo\u0142yniu dawno traw\u0105 poros\u0142y, czas by i nasze urazy w niepami\u0119\u0107 posz\u0142y, by wsp\u00f3lna pie\u015b\u0144 na kresach zabrzmia\u0142a, ta kt\u00f3r\u0105\u015b Marysia tak pi\u0119knie \u015bpiewa\u0142a. <\/p>\n\n\n\n<figure class=\"wp-block-embed-youtube wp-block-embed is-type-video is-provider-youtube wp-embed-aspect-4-3 wp-has-aspect-ratio\"><div class=\"wp-block-embed__wrapper\">\n<iframe loading=\"lazy\" title=\"Hej Soko\u0142y - &#039;&#039; Ogniem i Mieczem &#039;&#039; .\" width=\"848\" height=\"636\" src=\"https:\/\/www.youtube.com\/embed\/jhaTXWEVgHA?feature=oembed\" frameborder=\"0\" allow=\"accelerometer; autoplay; encrypted-media; gyroscope; picture-in-picture\" allowfullscreen><\/iframe>\n<\/div><\/figure>\n\n\n\n<p>Po \u015blubie na kresy Jasiu pojedziemy &#8211; poka\u017c\u0119 ci jak tam pi\u0119knie by\u0142o &#8211; m\u00f3wi\u0142a. Pojecha\u0107  nie zd\u0105\u017cy\u0142a ale teraz przysz\u0142a ta chwila, \u017ceby pot\u0119ga Jagiellon\u00f3w o\u017cy\u0142a &#8211; \u017ce tak kiedy\u015b  b\u0119dzie, tylko Ona wierzy\u0142a i tak b\u0119dzie &#8211; Marysia si\u0119 nie myli\u0142a.<a href=\"https:\/\/htb.com.pl\/?product=kresy-utracone-dzieje\"><img loading=\"lazy\" decoding=\"async\" width=\"150\" height=\"221\" class=\"wp-image-18441\" style=\"width: 150px;\" src=\"https:\/\/htb.com.pl\/wp-content\/uploads\/2020\/02\/Kresy.jpg\" alt=\"\"><\/a><\/p>\n\n\n\n<p>&#8220;Prezydenta Naszego&#8221; napisa\u0142em &#8211; cho\u0107 na niego nie g\u0142osowa\u0142em ale gdy ju\u017c zosta\u0142 przez Sejm powo\u0142any, jest i m\u00f3j, bo przez Nar\u00f3d wybrany. Przyznaj\u0119, zastanawia\u0142em si\u0119 dlaczego, wybrano polityka nieznanego. Wielu z Piotrem Dud\u0105 go pomyli\u0142o, cz\u0119\u015b\u0107 z Dud\u0105 z serialu skojarzy\u0142o &#8211; zreszt\u0105, wyboru praktycznie nie by\u0142o. I to si\u0119 nie zmieni\u0142o. Prosz\u0119 pomy\u015ble\u0107 &#8211; jakby to by\u0142o, gdyby TVPiS nie by\u0142o i spo\u0142ecze\u0144stwo swojego kandydata na prezydenta wystawi\u0142o. To polityk\u00f3w by zdziwi\u0142o, a mo\u017ce nawet na ziemi\u0119 sprowadzi\u0142o. Polska wtedy wolna b\u0119dzie, jak w mediach o nieobecnych \u017ale m\u00f3wi\u0107 si\u0119 nie b\u0119dzie. Ta prawda Marysi w internecie si\u0119 spe\u0142ni\u0142a &#8211; szkoda, \u017ce Ona tego nie do\u017cy\u0142a. Marysia z pani\u0105  Jolant\u0105 Turczynowicz-Kiery\u0142\u0142o by si\u0119 nie zgodzi\u0142a, szefowa sztabu Andrzeja Dudy w wypowiedzi dla TVP, tak m\u00f3wi\u0142a; <em>&#8220;dowolno\u015b\u0107 z korzystania z wolno\u015bci s\u0142owa mo\u017ce prowadzi\u0107 do zagro\u017ce\u0144, nawet do zagro\u017ce\u0144 interes\u00f3w, kt\u00f3re s\u0105 wa\u017cne z perspektywy pa\u0144stwa<\/em>&#8220;. |To o internecie m\u00f3wi\u0142a &#8211; tam wszyscy obecni jeste\u015bmy i to jest zagro\u017cenie, na na z\u0142ych polityk\u00f3w istnienie. Major Mari z zagro\u017ceniami walczy\u0142a &#8211; tu by odpu\u015bci\u0142a. Ona si\u0119 nie myli\u0142a.<\/p>\n\n\n\n<p>To jak walczy\u0142a widzia\u0142em, kilka jej akcji opisa\u0142em, a kilka jeszcze kiedy\u015b opisz\u0119. Jednak takiego forsowania otwartej bramy, przez agenta CBA nigdy nie widzia\u0142em. <\/p>\n\n\n\n<p> Potyczka s\u0142u\u017cb rz\u0105dowych z ich dawnymi lud\u017ami to by\u0142a, brama wreszcie pu\u015bci\u0142a i akcja  aresztowaniem si\u0119 zako\u0144czy\u0142a.  Wszyscy si\u0119 \u015bmiej\u0105, \u017ce agenta Tomka CBA dopad\u0142o &#8211; bo na nich nie pad\u0142o. Dlaczego si\u0119 \u015bmiejecie? Wy nast\u0119pni b\u0119dziecie. Prezes NIK Bana\u015b immunitetem si\u0119 zastawia &#8211; marsza\u0142ek Sejmu Witek panu nie pomo\u017ce. Ona te\u017c mafii sprzeciwi\u0107 si\u0119 nie mo\u017ce. W demokratycznym pa\u0144stwie ten system stworzyli\u015bcie. Pocz\u0105tkiem by\u0142 prezydent, kt\u00f3rego wybrali\u015bcie. To on Kami\u0144skiego u\u0142askawi\u0142, a potem na z\u0142ego konia postawi\u0142. W Syrii Rosjanie ju\u017c tylko zostali, potem Amerykanie b\u0119d\u0105 gadali, \u017ce to oni z terrorystami wojn\u0105 wygrali &#8211; kt\u00f3r\u0105 sami rozp\u0119tali.<\/p>\n\n\n\n<p>Do prezydenta przysz\u0142ego &#8211; postaw kolego na konia dobrego i wyci\u0105g nas z tego.<\/p>\n","protected":false},"excerpt":{"rendered":"<p>Tak pan Jaros\u0142aw Kaczy\u0144ski powiedzia\u0142 o prezydencie Andrzeju Dudzie, na konwencji PiS w Warszawie, gdzie oficjalnie zainaugurowano kampani\u0119 prezydenck\u0105, kt\u00f3ra ma doprowadzi\u0107 do jego reelekcji. Swoj\u0105 drog\u0105 ciekawe marzenia ma pan Kaczy\u0144ski &#8211; zaskoczy\u0142 mnie. Nie tylko uleg\u0142o\u015b\u0107 g\u0142owy pa\u0144stwa wobec niego ale i to, \u017ce pan Duda ma ma\u0142\u017conk\u0119 jest dla pana Kaczy\u0144skiego zalet\u0105 [&hellip;]<\/p>\n","protected":false},"author":1,"featured_media":18443,"comment_status":"open","ping_status":"open","sticky":false,"template":"","format":"standard","meta":{"_jetpack_memberships_contains_paid_content":false,"footnotes":""},"categories":[4],"tags":[],"class_list":["post-18169","post","type-post","status-publish","format-standard","has-post-thumbnail","hentry","category-daty-i-fakty-blog"],"jetpack_sharing_enabled":true,"jetpack_featured_media_url":"https:\/\/htb.com.pl\/wp-content\/uploads\/2020\/02\/podole-003.jpg","_links":{"self":[{"href":"https:\/\/htb.com.pl\/index.php?rest_route=\/wp\/v2\/posts\/18169","targetHints":{"allow":["GET"]}}],"collection":[{"href":"https:\/\/htb.com.pl\/index.php?rest_route=\/wp\/v2\/posts"}],"about":[{"href":"https:\/\/htb.com.pl\/index.php?rest_route=\/wp\/v2\/types\/post"}],"author":[{"embeddable":true,"href":"https:\/\/htb.com.pl\/index.php?rest_route=\/wp\/v2\/users\/1"}],"replies":[{"embeddable":true,"href":"https:\/\/htb.com.pl\/index.php?rest_route=%2Fwp%2Fv2%2Fcomments&post=18169"}],"version-history":[{"count":32,"href":"https:\/\/htb.com.pl\/index.php?rest_route=\/wp\/v2\/posts\/18169\/revisions"}],"predecessor-version":[{"id":24402,"href":"https:\/\/htb.com.pl\/index.php?rest_route=\/wp\/v2\/posts\/18169\/revisions\/24402"}],"wp:featuredmedia":[{"embeddable":true,"href":"https:\/\/htb.com.pl\/index.php?rest_route=\/wp\/v2\/media\/18443"}],"wp:attachment":[{"href":"https:\/\/htb.com.pl\/index.php?rest_route=%2Fwp%2Fv2%2Fmedia&parent=18169"}],"wp:term":[{"taxonomy":"category","embeddable":true,"href":"https:\/\/htb.com.pl\/index.php?rest_route=%2Fwp%2Fv2%2Fcategories&post=18169"},{"taxonomy":"post_tag","embeddable":true,"href":"https:\/\/htb.com.pl\/index.php?rest_route=%2Fwp%2Fv2%2Ftags&post=18169"}],"curies":[{"name":"wp","href":"https:\/\/api.w.org\/{rel}","templated":true}]}}