{"id":182,"date":"2018-04-22T10:31:16","date_gmt":"2018-04-22T10:31:16","guid":{"rendered":"http:\/\/htb.com.pl\/?p=182"},"modified":"2018-12-06T08:06:00","modified_gmt":"2018-12-06T08:06:00","slug":"najgorszy-polityk-rzadu-pani-beaty-szydlo","status":"publish","type":"post","link":"https:\/\/htb.com.pl\/?p=182","title":{"rendered":"Najgorszy polityk Rz\u0105du Pani Beaty Szyd\u0142o"},"content":{"rendered":"<div class=\"p_18_fpesjyd e_18_fpewi1u clearfix\">\n<div class=\"clearfix v_18_fpesitm\">\n<div class=\"clearfix _42ef\">\n<div class=\"c_18_fpesitl\">\n<div>\n<div class=\"_6a _5u5j\">\n<div class=\"_6a _5u5j _6b\">\n<h5 class=\"_14f3 _14f5 _5pbw _5vra\" data-ft=\"{&quot;tn&quot;:&quot;C&quot;}\"><span class=\"fwn fcg\"><span class=\"fwb fcg\" data-ft=\"{&quot;tn&quot;:&quot;;&quot;}\">\u00a0<\/span><\/span><\/h5>\n<div id=\"feed_subtitle_100001376195691;1514706485251877;;9\" class=\"_5pcp _5lel _2jyu _232_\">\n<p><span class=\"fsm fwn fcg\"><a class=\"_5pcq\" href=\"https:\/\/www.facebook.com\/jan.chmura.79\/posts\/1514706485251877\" target=\"\"><abbr class=\"_5ptz\" title=\"11.11.2017 10:50\" data-utime=\"1510393806\" data-shorten=\"1\"><span class=\"timestampContent\">11 listopada 2017<\/span><\/abbr><\/a>\u00a0<\/span><\/p>\n<div id=\"u_0_15\" class=\"_6a _43_1 _4f-9 _nws _21p0 _fol\"><\/div>\n<\/div>\n<\/div>\n<\/div>\n<\/div>\n<\/div>\n<\/div>\n<\/div>\n<\/div>\n<div class=\"_5pbx userContent _3576\" data-ft=\"{&quot;tn&quot;:&quot;K&quot;}\">\n<p><img loading=\"lazy\" decoding=\"async\" class=\"alignnone size-medium wp-image-183\" src=\"http:\/\/htb.com.pl\/wp-content\/uploads\/2018\/04\/Jaros\u0142aw-Kaczy\u0144ski-300x168.jpg\" alt=\"\" width=\"300\" height=\"168\" \/><a href=\"https:\/\/htb.com.pl\/wp-content\/uploads\/2018\/12\/8-Najgorszy-polityk-Rz\u0105du-Pani-Beaty-Szyd\u0142o.mp3\"><img loading=\"lazy\" decoding=\"async\" class=\"size-medium wp-image-2020 alignright\" src=\"https:\/\/htb.com.pl\/wp-content\/uploads\/2018\/04\/posluchaj-300x280.jpg\" alt=\"\" width=\"300\" height=\"280\" srcset=\"https:\/\/htb.com.pl\/wp-content\/uploads\/2018\/04\/posluchaj-300x280.jpg 300w, https:\/\/htb.com.pl\/wp-content\/uploads\/2018\/04\/posluchaj-768x716.jpg 768w, https:\/\/htb.com.pl\/wp-content\/uploads\/2018\/04\/posluchaj-1024x955.jpg 1024w, https:\/\/htb.com.pl\/wp-content\/uploads\/2018\/04\/posluchaj-600x560.jpg 600w, https:\/\/htb.com.pl\/wp-content\/uploads\/2018\/04\/posluchaj.jpg 1158w\" sizes=\"auto, (max-width: 300px) 100vw, 300px\" \/><\/a><br \/>\nWpis o z\u0142ym polityku wypad\u0142o mi napisa\u0107 w dniu 11. 11 . 2017. To 99 rocznica odzyskania Niepodleg\u0142o\u015bci przez Nasz Kraj. S\u0142ucham muzyki Jana Paderewskiego, tak w\u0142a\u015bnie \u015bwi\u0119tuj\u0119. To tego bowiem cz\u0142owieka uwa\u017cam za Ojca naszej niepodleg\u0142o\u015bci . To on wygra\u0142 t\u0105 wolno\u015b\u0107, na fortepianie. Tak -to on godzi\u0142 Polak\u00f3w, byli\u015bmy wtedy bardziej sk\u0142\u00f3ceni jak teraz. Przyda\u0142 by si\u0119 taki Paderewski dzi\u015b. Zapami\u0119ta\u0142em jedno z powiedze\u0144 Paderewskiego, powiedzia\u0142 , \u017ce trudno jest Polak\u00f3w godzi\u0107, jak rz\u0105dzi nimi dw\u00f3ch wariat\u00f3w, Pi\u0142sudski i Dmowski. To by\u0142 celebryta, \u015bwiatowiec, m\u00f3g\u0142 tak powiedzie\u0107. Ja, pono\u0107 zdradziecka morda, nazywam takich polityk\u00f3w z\u0142ymi politykami. I o takim dzi\u015b napisz\u0119. Nie b\u0119d\u0119 pisa\u0142 o Panu Macierewiczu co mia\u0142 kupi\u0107 dla armii helikoptery, potem drony, a sko\u0144czy\u0142o si\u0119 na bojowych latawcach, kt\u00f3re mia\u0142a wykona\u0107 trzecia klasa ze szko\u0142y podstawowej na Podlasiu. Gospodarz klasy Ja\u015b, wykry\u0142 jednak podst\u0119p. MON nie zamierza\u0142 p\u0142aci\u0107 za latawce. A kije ,papier, farba , sznurek, nie m\u00f3wi\u0105c o pracy kosztuje. Ja\u015b dostaw\u0119 latawc\u00f3w wstrzyma\u0142. Zaj\u0105\u0142 si\u0119 nim teraz inny wybitny polityk Prokurator Generalny, a jakby nieszcz\u0119\u015b\u0107 by\u0142o ma\u0142o, to jeszcze Minister Sprawiedliwo\u015bci Ziobro. Jest pomys\u0142,\u017ceby Jasia wraz z rodzicami zes\u0142a\u0107 na plac\u00f3wk\u0119 dyplomatyczn\u0105 do San Eskobar. Niejaki Waszczykowski Minister Spraw Zagranicznych, \u017cali si\u0119, \u017ce nie mo\u017ce obsadzi\u0107 tam plac\u00f3wki. Nie wie gdzie to jest czy co\u015b.<br \/>\nPom\u00f3wmy jednak o polityku. \u017beby nie pisa\u0107 jak w kt\u00f3rym\u015b z poprzednich wpis\u00f3w, \u017ce to nie jego wina, a tak napisa\u0142em o Panu Morawieckim, napisz\u0119 po prostu o Panu Jaros\u0142awie Kaczy\u0144skim.<br \/>\nPodziwiam tego cz\u0142owieka, podobno lubi koty. Mnie te\u017c kojarzy si\u0119 z kotem. Mia\u0142em kiedy\u015b kota, kt\u00f3ry w\u0142azi\u0142 na wysokie drzewa. A jak wlaz\u0142, mia\u0142cza\u0142 bo nie umia\u0142 zle\u017a\u0107. W\u0142azi\u0142em wtedy i go \u015bci\u0105ga\u0142em. Z czasem zm\u0105drza\u0142 i z\u0142azi\u0142 sam. Jak Pan Jaros\u0142aw Kaczy\u0144ski w sierpniu 2007 roku, gdy odda\u0142 rz\u0105dy w kraju. Kot m\u00f3j czasem przerywa\u0142 wspinaczk\u0119 w odpowiednim momencie, jak Pan Kaczy\u0144ski w 2011 roku. Gdy na dzie\u0144 przed wyborami nagada\u0142 g\u0142upot na Pani\u0105 Merkel, i wybory przegra\u0142. Mia\u0142 racj\u0119. Sytuacja by\u0142a z\u0142a. Trzeba by\u0142o budowa\u0107 jakie\u015b autostrady, infrastruktur\u0119, eee. Teraz jednak Pan Jaros\u0142aw Kaczy\u0144ski wlaz\u0142 na sam czubek drzewa, wprawdzie udaje ,\u017ce to nie on tam siedzi. Problemy jednak widzi on. Panie Jaros\u0142awie, musia\u0142 Pan podpa\u015b\u0107 temu co wyk\u0142ada\u0142 ekonomie socjalizmu. Da\u0142 Panu popali\u0107. Ale, to z\u0142a ekonomia jest, niech Pan wreszcie uwierzy. Ma dwie wady, podatek obrotowy zamiast VAT &#8211; u i tradycyjny model rodziny. Pisa\u0142em ju\u017c o wacie, nie b\u0119d\u0119 si\u0119 powtarza\u0142 . S\u0142ysza\u0142em, \u017ce Pan Petru wyja\u015bni\u0142 VAT Panu Kukizowi, pogadajcie jak b\u0119dzie okazja. Czemu tradycyjny model rodziny nie sprawdza si\u0119 w gospodarce rynkowej. Bo kobiety s\u0105 m\u0105drzejsze od m\u0119\u017cczyzn. To kobieta zwykle trzyma w domu kas\u0119. A kasa jest wa\u017cna, przekona si\u0119 Pan wkr\u00f3tce. Trzeba da\u0107 Paniom pracowa\u0107, trzeba budowa\u0107 \u017c\u0142obki, przedszkola, robi\u0107 wszystko \u017ceby Panie pracowa\u0142y. Kobiety s\u0105 ambitne, systematyczne, lepiej wykszta\u0142cone, nie podejmuj\u0105 zb\u0119dnego ryzyka. No i s\u0105 pi\u0119kne. Mo\u017ce to dla Pana dziwne ale ja wol\u0119 robi\u0107 interesy z Paniami. Zwykle jestem ogolony, mam czyste paznokcie i buty. M\u0119\u017cczyzna \u017ale odbiera takiego go\u015bcia. Przypomina mu si\u0119 jego \u017bona, kt\u00f3ra ka\u017ce mu to wszystko czy\u015bci\u0107. Bo goli\u0107 niekoniecznie. Zauwa\u017cy\u0142em, \u017ce niekt\u00f3re panie wola\u0142y by \u017cebym nie by\u0142 ogolony. Ale moja \u017bona nie. Dlatego gol\u0119 si\u0119 codziennie. I jeszcze do Pana Jaros\u0142awa Kaczy\u0144skiego, no c\u00f3\u017c, jak ju\u017c Pan tam wlaz\u0142, to niech Pan siedzi. Mam tylko dwie pro\u015bby. Ten \u0142ad konstytucyjny, no nawet Prymas prosi\u0142 i kobiety, niech pracuj\u0105, a nie do gar\u00f3w, Panie Jaros\u0142awie, i b\u0119dzie dobrze, zobaczy Pan. A Wy co mo\u017ce to czytacie, pom\u00f3\u017ccie cz\u0142owiekowi, nie, nie z\u0142azi\u0107 z drzewa. Pom\u00f3\u017ccie, bo jak to\u201d pizdnie\u201d\u2026<br \/>\nNast\u0119pny wpis ROZBIORY.<\/p>\n<\/div>\n","protected":false},"excerpt":{"rendered":"<p>\u00a0 11 listopada 2017\u00a0 Wpis o z\u0142ym polityku wypad\u0142o mi napisa\u0107 w dniu 11. 11 . 2017. To 99 rocznica odzyskania Niepodleg\u0142o\u015bci przez Nasz Kraj. S\u0142ucham muzyki Jana Paderewskiego, tak w\u0142a\u015bnie \u015bwi\u0119tuj\u0119. To tego bowiem cz\u0142owieka uwa\u017cam za Ojca naszej niepodleg\u0142o\u015bci . To on wygra\u0142 t\u0105 wolno\u015b\u0107, na fortepianie. Tak -to on godzi\u0142 Polak\u00f3w, byli\u015bmy [&hellip;]<\/p>\n","protected":false},"author":1,"featured_media":0,"comment_status":"open","ping_status":"open","sticky":false,"template":"","format":"standard","meta":{"_jetpack_memberships_contains_paid_content":false,"footnotes":""},"categories":[4],"tags":[],"class_list":["post-182","post","type-post","status-publish","format-standard","hentry","category-daty-i-fakty-blog"],"jetpack_sharing_enabled":true,"jetpack_featured_media_url":"","_links":{"self":[{"href":"https:\/\/htb.com.pl\/index.php?rest_route=\/wp\/v2\/posts\/182","targetHints":{"allow":["GET"]}}],"collection":[{"href":"https:\/\/htb.com.pl\/index.php?rest_route=\/wp\/v2\/posts"}],"about":[{"href":"https:\/\/htb.com.pl\/index.php?rest_route=\/wp\/v2\/types\/post"}],"author":[{"embeddable":true,"href":"https:\/\/htb.com.pl\/index.php?rest_route=\/wp\/v2\/users\/1"}],"replies":[{"embeddable":true,"href":"https:\/\/htb.com.pl\/index.php?rest_route=%2Fwp%2Fv2%2Fcomments&post=182"}],"version-history":[{"count":3,"href":"https:\/\/htb.com.pl\/index.php?rest_route=\/wp\/v2\/posts\/182\/revisions"}],"predecessor-version":[{"id":2551,"href":"https:\/\/htb.com.pl\/index.php?rest_route=\/wp\/v2\/posts\/182\/revisions\/2551"}],"wp:attachment":[{"href":"https:\/\/htb.com.pl\/index.php?rest_route=%2Fwp%2Fv2%2Fmedia&parent=182"}],"wp:term":[{"taxonomy":"category","embeddable":true,"href":"https:\/\/htb.com.pl\/index.php?rest_route=%2Fwp%2Fv2%2Fcategories&post=182"},{"taxonomy":"post_tag","embeddable":true,"href":"https:\/\/htb.com.pl\/index.php?rest_route=%2Fwp%2Fv2%2Ftags&post=182"}],"curies":[{"name":"wp","href":"https:\/\/api.w.org\/{rel}","templated":true}]}}