{"id":1834,"date":"2018-09-29T05:36:21","date_gmt":"2018-09-29T05:36:21","guid":{"rendered":"https:\/\/htb.com.pl\/?p=1834"},"modified":"2019-10-19T05:49:09","modified_gmt":"2019-10-19T05:49:09","slug":"zgoda-buduje-niezgoda-rujnuje","status":"publish","type":"post","link":"https:\/\/htb.com.pl\/?p=1834","title":{"rendered":"Zgoda buduje, niezgoda rujnuje"},"content":{"rendered":"<p>Polskie przys\u0142owie &#8211; dzi\u015b jego znaczenie widzimy na ka\u017cdym kroku. Pami\u0119tam w latach siedemdziesi\u0105tych ubieg\u0142ego wieku by\u0142em pytany na lekcji polskiego o znaczenie tego przys\u0142owia. Wtedy mia\u0142em problem &#8211; no ale by\u0142em kiepskim uczniem wi\u0119c zawsze mia\u0142em problem.<a href=\"https:\/\/htb.com.pl\/?product=zemsta-aleksander-fredro\"><img loading=\"lazy\" decoding=\"async\" class=\"size-full wp-image-1868 alignright\" src=\"https:\/\/htb.com.pl\/wp-content\/uploads\/2018\/09\/zemstaf.jpg\" alt=\"\" width=\"200\" height=\"284\" \/><\/a> Si\u0119gn\u0105\u0142em do &#8220;Zemsty&#8221; Aleksandra Fredry gdzie Cze\u015bnik Raptusiewicz i Rejent Milczek przez swoje k\u0142\u00f3tnie doprowadzili prawie do &#8220;wojny domowej&#8221;. Tam dobrze si\u0119 sko\u0144czy\u0142o, mi\u0142o\u015b\u0107 zwyci\u0119\u017cy\u0142a.<\/p>\n<p>Nasze dzisiejsze k\u0142\u00f3tnie te\u017c tak mo\u017cna rozwi\u0105za\u0107. Mi\u0142o\u015b\u0107 to uczucie kt\u00f3re mo\u017ce pokona\u0107 GRU, g\u0142\u00f3wn\u0105 przyczyn\u0119 naszych k\u0142\u00f3tni. Wiem, wiem &#8211; \u017cadne media tak sprawy nie stawiaj\u0105, wi\u0119c to pewnie bzdura. Prosz\u0119 jednak spr\u00f3bowa\u0107 sobie wyobrazi\u0107, \u017ce Pan Jaros\u0142aw Kaczy\u0144ski zaprasza na kolacj\u0119 Pani\u0105 Krystyn\u0119 Paw\u0142owicz. Tych dwoje bardzo wiele \u0142\u0105czy, mogliby sobie opowiada\u0107 te swoje wizje przy dobrym winie i sa\u0142atkach a nie pr\u00f3bowa\u0107\u00a0 nam je wprowadza\u0107, Ruscy byliby w\u015bciekli. Zobaczy\u0107 w\u015bciek\u0142ych Sowiet\u00f3w &#8211; moje marzenie.<\/p>\n<p>Pan Kaczy\u0144ski to strateg, niekt\u00f3rzy m\u00f3wi\u0105, \u017ce doskona\u0142y. Pani Paw\u0142owicz nie ma tego daru, nie my\u015bli, tylko m\u00f3wi. Taki zwi\u0105zek m\u00f3g\u0142by si\u0119 doskonale uzupe\u0142nia\u0107 &#8211; my\u015bl\u0119, \u017ce by\u0142by trwa\u0142y a to zagwarantowa\u0142oby pomy\u015blno\u015b\u0107 i im i nam. Kto\u015b mo\u017ce zaprotestowa\u0107 &#8211; Kaczy\u0144ski te\u017c nie my\u015bli. A kto rozwali\u0142 rz\u0105d PiS-u\u00a0 z Samoobron\u0105 \u017ceby ratowa\u0107 kraj, kto zwyzywa\u0142 Pani\u0105 Merkel \u017ceby nie wygra\u0107 wybor\u00f3w i pozwoli\u0107 na dalszy rozw\u00f3j, kto uratowa\u0142 &#8220;Biedronk\u0119&#8221; gdy ta mia\u0142a k\u0142opoty&#8230; Po tym jak\u00a0Pan Kaczy\u0144ski nazwa\u0142 ten dyskont sklepem dla biedak\u00f3w, &#8220;Biedronka&#8221; sta\u0142a si\u0119 &#8220;Biedr\u0105&#8221; i daje sobie rad\u0119. I jeszcze co\u015b, co jest moim zdaniem wisienk\u0105 na torcie. Pan Jaros\u0142aw Kaczy\u0144ski po do\u015bwiadczeniach z<a href=\"https:\/\/htb.com.pl\/?p=155\"> &#8220;dziur\u0105 Bauca&#8221;<\/a> na ministr\u00f3w finans\u00f3w desygnowa\u0142 ludzi spoza PiS-u. Pani\u0105 \u015bp. Zyt\u0119 Gilowsk\u0105, czy obecnego Mateusza Morawieckiego, kt\u00f3ry swoje do\u015bwiadczenie zdobywa\u0142 doradzaj\u0105c Donaldowi Tuskowi. Super doradza\u0142, wybudowali mn\u00f3stwo dr\u00f3g i autostrad. PiS, rzeczywi\u015bcie jest parti\u0105 ludzi specyficznych, ich nie mo\u017cna sklasyfikowa\u0107 nawet jako z\u0142ych polityk\u00f3w. Pan Jaros\u0142aw Kaczy\u0144ski to wie, dlatego w swoich rz\u0105dach ministrami finans\u00f3w robi\u0142 ludzi spoza swojego \u015brodowiska i to wspaniale zaowocowa\u0142o.<\/p>\n<p><b>Polska oficjalnie do\u0142\u0105cza do grona kraj\u00f3w rozwini\u0119tych wed\u0142ug klasyfikacji FTSE Russell. Jeste\u015bmy tam pierwsi\u00a0 z by\u0142ych kraj\u00f3w Europy \u015arodkowo-Wschodniej. Decyzja zosta\u0142a og\u0142oszona rok temu, teraz wchodzi w \u017cycie. Jeste\u015bmy w tej samej grupie co USA, Japonia czy Niemcy.\u00a0 Zgoda buduje &#8211; brawo!<\/b><\/p>\n<p>Ostatnio furor\u0119 robi wypowied\u017a Pana Kaczy\u0144skiego, gdy <a href=\"https:\/\/htb.com.pl\/?p=852\">napuszczaj\u0105c masy na elity<\/a> okre\u015bli\u0142 S\u0119dzi\u00f3w jako &#8220;ojkofob\u00f3w&#8221;, ludzi nienawidz\u0105cych to co nasze, polskie.\u00a0 M\u00f3wi\u0142 do swojego elektoratu &#8211; to dobrze. Pan Kaczy\u0144ski w\u0142\u0105czy\u0142 si\u0119 w kampani\u0119 wyborcz\u0105 przed wyborami samorz\u0105dowymi. Kolejny raz zrobi\u0142 to dla ratowanie Polski, jego udzia\u0142 w kampanii gwarantuj\u0119 przegrana PiS-u. Mam nadziej\u0119, \u017ce Pa\u0144stwo docenicie przy urnach starania tego cz\u0142owieka.<\/p>\n<p>A trzeba&#8230; Gospodarka jest rynkowa to si\u0119 trzyma &#8211; reszta\u00a0 le\u017cy. Andrzej Frycz Modrzewski pisz\u0105c o szkole pisa\u0142 tak. &#8220;Takie b\u0119d\u0105 Rzeczypospolite jakie ich m\u0142odzie\u017cy chowanie&#8221;, to my\u015bl Jana Zamoyskiego, (19.03.1542 &#8211; 03.06.1605.) takiego, Billa Gatsa tamtych czas\u00f3w.\u00a0 Dzi\u015b edukacja to du\u017cy problem. W ramach napuszczania mas na elity niszczy si\u0119 Nauczycieli. Nawet ich zwi\u0105zek zawodowy Solidarno\u015b\u0107 protestuje. Widzia\u0142em ludzi, kt\u00f3rzy kiedy\u015b za PiS daliby si\u0119 &#8220;pochlasta\u0107&#8221; a teraz protestuj\u0105. Tu ju\u017c nie chodzi jedynie o p\u0142ace. Chocia\u017c w wyniku b\u0142\u0119dnej polityki rozdawnictwa (500+), kt\u00f3rym PiS tak si\u0119 chwali, zaburzono system. B\u0142\u0105d nie polega na tym, \u017ce si\u0119 daje &#8211; jak jest mo\u017cna da\u0107.\u00a0 Je\u017celi jednak rozdawa\u0107 pieni\u0105dze, to najpierw trzeba podnie\u015b\u0107 p\u0142ace w bud\u017cet\u00f3wce. Inflacja i wzrost cen, kt\u00f3ry zawsze po czym\u015b takim nast\u0105pi, nie mo\u017ce uderza\u0107 w ludzi, kt\u00f3rzy nie maj\u0105 sposobu zarobienia wi\u0119cej.\u00a0 Kto\u015b powie, Pani minister edukacji Anna Zalewska da\u0142a podwy\u017cki. Tak &#8211; \u017ceby je dosta\u0107 trzeba sprosta\u0107 ocenie, kt\u00f3rej nie da si\u0119 sprosta\u0107.\u00a0 Ja widz\u0119 moj\u0105 \u017bon\u0119, uczy ju\u017c dobrze ponad 30 lat\u00a0 i jak sama m\u00f3wi, ma do\u015b\u0107.<\/p>\n<p>Politycy chc\u0105 ocenia\u0107 S\u0119dzi\u00f3w, Nauczycieli &#8211; Pan Antoni Macierewicz pr\u00f3bowa\u0142 ocenia\u0107 Wojsko. Ocenia\u0142 tak, \u017ce grozi\u0142o to buntem. Wywalono Pana Macierewicza. Wygrali\u015bcie Panowie Oficerowie &#8211; &#8220;szacun&#8221;. Wy te\u017c jeste\u015bcie bud\u017cet\u00f3wka ale rozumiem &#8211; ka\u017cdy sobie rzepk\u0119 skrobie. Napisa\u0142em rozumiem &#8211; nie, nie rozumiem!<\/p>\n<p>Zna\u0142em kiedy\u015b Pani\u0105 oficer Mari\u0119, wtedy w 1986 roku moj\u0105 Dziewczyn\u0119, kt\u00f3rej <a href=\"https:\/\/htb.com.pl\/?p=1391\">genera\u0142 Wojciech Jaruzelski odda\u0142 honor wojskowy<\/a>, pomimo, \u017ce by\u0142a w \u015blicznej sukience a nie w mundurze. Nie by\u0142a oficerem LWP, jej podw\u0142adni oddaj\u0105c honory przys\u0142aniali d\u0142oni\u0105 oczy, \u017ceby jej blask ich nie o\u015blepia\u0142, widzia\u0142em &#8211; robili to z wielkim szacunkiem, cz\u0119sto w oczach mieli \u0142zy.\u00a0 Wyobrazi\u0142em sobie scen\u0119 gdzie dzi\u015b moja \u017bona staje naprzeciwko genera\u0142a Wojska Polskiego. My\u015bl\u0119, \u017ce ich przywitanie by\u0142oby jedynie zwrotem grzeczno\u015bciowym. Ani jedno ani drugie nie uzna\u0142oby za zasadne oddanie honoru. Chc\u0119 \u017ceby\u015bcie Panowie Oficerowie zdali sobie spraw\u0119, \u017ce honor wojskowy to nie jest to co r\u00f3\u017cni jednopalcowego od dwupalcowego. Dzi\u015b polityk, czyli jednopalcowy wydaje polecenie genera\u0142owi wskazuj\u0105c na niego palcem, ten salutuj\u0105c do &#8220;dacha&#8221; dwoma palcami odpowiada &#8211; tak jest! Dlatego tak jest.<\/p>\n<p>Na pocz\u0105tku roku 2009 Pope\u0142nili\u015bcie Panowie Oficerowie wieli b\u0142\u0105d. Pozwolili\u015bcie jednopalcowym, czyli z\u0142ym politykom i waszym genera\u0142om wycofa\u0107 naszych \u017co\u0142nierzy z misji ONZ. Dzi\u015b Prezydent Andrzej Duda zapowiedzia\u0142 powr\u00f3t naszych wojsk do misji ONZ. Brawo Panie Prezydencie. Naprawi Pan po cz\u0119\u015bci sw\u00f3j b\u0142\u0105d. Sw\u00f3j i Pana Donalda Tuska. Pope\u0142nili\u015bcie w tamtym czasie\u00a0 tych b\u0142\u0119d\u00f3w wi\u0119cej. Gdy Prezydent \u015bp. Lech\u00a0 Kaczy\u0144ski jako zwierzchnik si\u0142 zbrojnych wycofywa\u0142 nasze wojska z misji ONZ, Pan by\u0142 w jego Kancelarii podsekretarzem stanu a Donald Tusk premiera. Dobrze \u017ce zrozumieli\u015bcie, \u017ce to z\u0142a decyzja by\u0142a. Ucieszy\u0142em si\u0119 jak WAS RAZEM\u00a0 zobaczy\u0142em podczas sesji ONZ, u\u015bmiechni\u0119tych,\u00a0 rozmawiaj\u0105cych jak dobrzy znajomi. To by\u0142o buduj\u0105ce.<\/p>\n<p>ZGODA BUDUJE &#8211; trzeba jednak uwa\u017ca\u0107.<\/p>\n<p>Madeleine Albright sekretarz stanu w USA, pierwsza kobieta na tym stanowisku, ostatnio wyja\u015bni\u0142a co to jest faszyzm. Zawsze my\u015bla\u0142em, \u017ce to co\u015b okropnego. Okropne jest potem, na pocz\u0105tku to tylko kurczowe trzymanie si\u0119 w\u0142adzy zdobytej demokratycznie. Je\u017celi S\u0119dziowie wydaj\u0105 wyroki zgodnie z prawem a niezgodnie z interesem narodu kt\u00f3ry reprezentuj\u0105, to nie jest ojkofobia Panie Kaczy\u0144ski, to walka z faszyzmem. Art. 13 Konstytucji zabrania promowania faszyzmu i komunizmu. Ka\u017cdemu naszemu wed\u0142ug jego potrzeb, ani kurczowe trzymanie si\u0119 w\u0142adzy\u00a0 nie jest zgodne z nasz\u0105 Konstytucj\u0105. Prosz\u0119 o tym pami\u0119ta\u0107, bo jak kto\u015b si\u0119 wnerwi i t\u0105 Konstytucj\u0119 przywr\u00f3ci &#8211; no w\u0142a\u015bnie, pobudka jest tam o pi\u0105tej, potem te\u017c nie jest mi\u0142o.<\/p>\n<p>Kto\u015b mo\u017ce powiedzie\u0107, \u017ce jestem niekonsekwentny &#8211; o Jaros\u0142awie Kaczy\u0144skim pisz\u0119 \u017ale a o generale Wojciechu Jaruzelskim\u00a0 dobrze a to\u00a0 te\u017c dyktator by\u0142. To prawda, czasem mam w\u0105tpliwo\u015bci czy to co robi pan Jaros\u0142aw Kaczy\u0144ski nie jest w jakim\u015b stopniu podobne do dzia\u0142a\u0144 Jaruzelskiego. W poprzednim wpisie wspomnia\u0142em o tych w\u0105tpliwo\u015bciach. S\u0105 jednak r\u00f3\u017cnice. Jaruzelski uchroni\u0142 nas przed wojna domow\u0105 a Pan Kaczy\u0144ski usilnie chce j\u0105 wywo\u0142a\u0107.<\/p>\n<p>Rozmawia\u0142em kiedy\u015b z Majk\u0105, wspomniana wcze\u015bniej Mari\u0105 o Jaruzelskim &#8211; moj\u0105 dziewczyn\u0105, by\u0142 to rok 1986. Zapyta\u0142em, jak ona po tylu latach za granic\u0105, patrz\u0105c na zdj\u0119cie genera\u0142a stwierdzi\u0142a,<a href=\"https:\/\/htb.com.pl\/?p=1391\"> \u017ce to dobry cz\u0142owiek<\/a>. Widzia\u0142am Jasiu do czego prowadzi brak wyobra\u017ani i zdecydowania w rz\u0105dzeniu, gdy walczy\u0142am z terrorystami IRA i ETA. Ale nie tylko to, na zdj\u0119ciu genera\u0142a w tle sta\u0142a p\u0142yta Jana Paderewskiego, ta kt\u00f3r\u0105 ty masz w domu.\u00a0<a href=\"https:\/\/www.youtube.com\/watch?v=c-zLYxbuGBU&amp;feature=share\"><img loading=\"lazy\" decoding=\"async\" class=\"size-full wp-image-1852 alignright\" src=\"https:\/\/htb.com.pl\/wp-content\/uploads\/2018\/09\/paderewski.jpg\" alt=\"\" width=\"147\" height=\"147\" srcset=\"https:\/\/htb.com.pl\/wp-content\/uploads\/2018\/09\/paderewski.jpg 147w, https:\/\/htb.com.pl\/wp-content\/uploads\/2018\/09\/paderewski-100x100.jpg 100w\" sizes=\"auto, (max-width: 147px) 100vw, 147px\" \/><\/a> Wiem, \u017ce cz\u0119sto jej s\u0142uchasz &#8211; my\u015bl\u0119, \u017ce s\u0142ucha\u0142e\u015b jej od zawsze. Tak &#8211; od zawsze&#8230; Zna\u0142em kiedy\u015b Marysiu\u00a0<a href=\"https:\/\/htb.com.pl\/?p=232\">porz\u0105dnego oficera, kt\u00f3ry te\u017c tego s\u0142ucha\u0142<\/a>. Ludzie s\u0142uchaj\u0105cy takiej muzyki nie mog\u0105 by\u0107 \u017ali Jasiu. Powiedz sk\u0105d wiedzia\u0142a\u015b, \u017ce tego s\u0142ucham, nigdy nie poszcza\u0142em ci tej p\u0142yty.<a href=\"https:\/\/htb.com.pl\/?p=866\"> Pami\u0119tasz jak w 1976 roku trenowali\u015bmy nasz\u0105 figur\u0119 taneczn\u0105?<\/a> Tak &#8211; w Twoim domku kempingowym. Nie wychodzi\u0142o na pocz\u0105tku. Moje spodnie by\u0142y grube, w kroku mia\u0142y ostry szef, ca\u0142y nos i brod\u0119 mia\u0142e\u015b czerwon\u0105. Strasznie mnie podnieca\u0142o gdy siedzia\u0142a\u015b na moich barkach a ja dotyka\u0142em nosem rozporka w Twoich wycieruchach. Zauwa\u017cy\u0142am &#8211;\u00a0 \u017ca\u0142owa\u0142am, \u017ce masz dopiero 15 lat. Poszed\u0142e\u015b do ubikacji, by\u0142a na zewn\u0105trz, wiedzia\u0142am czemu poszed\u0142e\u015b. Plama na twoich spodniach nie da\u0142a si\u0119 sczy\u015bci\u0107 ale jak wraca\u0142a\u015b &#8220;bumba\u0142e\u015b&#8221; sobie\u00a0 Chopina z\u00a0 p\u0142yty Paderewskiego. Pami\u0119tasz co by\u0142o potem? Tak &#8211; ubra\u0142a\u015b tak\u0105 kr\u00f3tk\u0105, zwiewn\u0105 sp\u00f3dniczk\u0119 i \u015bwie\u017ce majtki. Powiedzia\u0142a\u015b &#8211; ja mam lepiej, mog\u0119 zmieni\u0107 majtki, patrz te\u017c s\u0105 mokre. Pota\u0144czyli\u015bmy jeszcze, w sp\u00f3dniczce sz\u0142o lepiej &#8211;\u00a0 znowu\u00a0 mia\u0142am mokre majtki &#8211; jak teraz. B\u0119dzie niespodzianka. Majka posz\u0142a do \u0142azienki i wr\u00f3ci\u0142a w sp\u00f3dniczce o kt\u00f3rej\u00a0 m\u00f3wi\u0142a. By\u0142o super.<\/p>\n<p>Pos\u0142uchajmy jak gra\u0142 Ignacy Jan Paderewski, klikaj\u0105c jego zdj\u0119cie, to by\u0142 taki <a href=\"https:\/\/www.youtube.com\/watch?v=hSTivVclQQ0\">Freddie Mercury<\/a>\u00a0 tamtych czas\u00f3w. <a href=\"https:\/\/htb.com.pl\/?p=185\">Cz\u0142owiek, kt\u00f3ry nasz\u0105 wolno\u015b\u0107 po I wojnie \u015bwiatowej, po 123 latach zabor\u00f3w wygra\u0142 na fortepianie<\/a>. Obchodzimy stulecie tego wydarzenia, nie jeste\u015bmy jedno &#8211; to \u017ale. Mo\u017ce Paderewskiego pos\u0142uchajmy razem &#8211; od czego\u015b trzeba zacz\u0105\u0107. Kiedy\u015b Paderewski Pi\u0142sudskiego i Dmowskiego nie da\u0142 rady pogodzi\u0107, mo\u017ce dzi\u015b jego muzyka pogodzi Nas.<\/p>\n","protected":false},"excerpt":{"rendered":"<p>Polskie przys\u0142owie &#8211; dzi\u015b jego znaczenie widzimy na ka\u017cdym kroku. Pami\u0119tam w latach siedemdziesi\u0105tych ubieg\u0142ego wieku by\u0142em pytany na lekcji polskiego o znaczenie tego przys\u0142owia. Wtedy mia\u0142em problem &#8211; no ale by\u0142em kiepskim uczniem wi\u0119c zawsze mia\u0142em problem. Si\u0119gn\u0105\u0142em do &#8220;Zemsty&#8221; Aleksandra Fredry gdzie Cze\u015bnik Raptusiewicz i Rejent Milczek przez swoje k\u0142\u00f3tnie doprowadzili prawie do [&hellip;]<\/p>\n","protected":false},"author":1,"featured_media":1864,"comment_status":"open","ping_status":"open","sticky":false,"template":"","format":"standard","meta":{"_jetpack_memberships_contains_paid_content":false,"footnotes":""},"categories":[4],"tags":[267],"class_list":["post-1834","post","type-post","status-publish","format-standard","has-post-thumbnail","hentry","category-daty-i-fakty-blog","tag-polacy-razem"],"jetpack_sharing_enabled":true,"jetpack_featured_media_url":"https:\/\/htb.com.pl\/wp-content\/uploads\/2018\/09\/zemsta_fredry.jpg","_links":{"self":[{"href":"https:\/\/htb.com.pl\/index.php?rest_route=\/wp\/v2\/posts\/1834","targetHints":{"allow":["GET"]}}],"collection":[{"href":"https:\/\/htb.com.pl\/index.php?rest_route=\/wp\/v2\/posts"}],"about":[{"href":"https:\/\/htb.com.pl\/index.php?rest_route=\/wp\/v2\/types\/post"}],"author":[{"embeddable":true,"href":"https:\/\/htb.com.pl\/index.php?rest_route=\/wp\/v2\/users\/1"}],"replies":[{"embeddable":true,"href":"https:\/\/htb.com.pl\/index.php?rest_route=%2Fwp%2Fv2%2Fcomments&post=1834"}],"version-history":[{"count":44,"href":"https:\/\/htb.com.pl\/index.php?rest_route=\/wp\/v2\/posts\/1834\/revisions"}],"predecessor-version":[{"id":11163,"href":"https:\/\/htb.com.pl\/index.php?rest_route=\/wp\/v2\/posts\/1834\/revisions\/11163"}],"wp:featuredmedia":[{"embeddable":true,"href":"https:\/\/htb.com.pl\/index.php?rest_route=\/wp\/v2\/media\/1864"}],"wp:attachment":[{"href":"https:\/\/htb.com.pl\/index.php?rest_route=%2Fwp%2Fv2%2Fmedia&parent=1834"}],"wp:term":[{"taxonomy":"category","embeddable":true,"href":"https:\/\/htb.com.pl\/index.php?rest_route=%2Fwp%2Fv2%2Fcategories&post=1834"},{"taxonomy":"post_tag","embeddable":true,"href":"https:\/\/htb.com.pl\/index.php?rest_route=%2Fwp%2Fv2%2Ftags&post=1834"}],"curies":[{"name":"wp","href":"https:\/\/api.w.org\/{rel}","templated":true}]}}