{"id":188,"date":"2018-04-22T10:54:03","date_gmt":"2018-04-22T10:54:03","guid":{"rendered":"http:\/\/htb.com.pl\/?p=188"},"modified":"2021-08-12T05:20:21","modified_gmt":"2021-08-12T05:20:21","slug":"wojna-domowa-w-mojej-malej-ojczyznie","status":"publish","type":"post","link":"https:\/\/htb.com.pl\/?p=188","title":{"rendered":"Wojna domowa w mojej ma\u0142ej ojczy\u017anie"},"content":{"rendered":"<div class=\"p_18_fpesjyd e_18_fpewi1u clearfix\">\n<div class=\"clearfix v_18_fpesitm\">\n<div class=\"_38vo\"><\/div>\n<div class=\"clearfix _42ef\">\n<div class=\"rfloat _ohf\"><\/div>\n<div class=\"c_18_fpesitl\">\n<div>\n<div class=\"_6a _5u5j\">\n<div class=\"_6a _6b\"><\/div>\n<div class=\"_6a _5u5j _6b\">\n<h5 class=\"_14f3 _14f5 _5pbw _5vra\" data-ft=\"{&quot;tn&quot;:&quot;C&quot;}\"><span class=\"fsm fwn fcg\"><a class=\"_5pcq\" href=\"https:\/\/www.facebook.com\/jan.chmura.79\/posts\/1526554217400437\" target=\"\" rel=\"noopener noreferrer\"><abbr class=\"_5ptz\" title=\"24.11.2017 08:54\" data-utime=\"1511510041\" data-shorten=\"1\"><span class=\"timestampContent\">4 listopada 2017<\/span><\/abbr><\/a>\u00a0<\/span><\/h5>\n<div id=\"u_0_14\" class=\"_6a _43_1 _4f-9 _nws _21p0 _fol\"><\/div>\n<\/div>\n<\/div>\n<\/div>\n<\/div>\n<\/div>\n<\/div>\n<\/div>\n<div class=\"_5pbx userContent _3576\" data-ft=\"{&quot;tn&quot;:&quot;K&quot;}\">\n<p><img loading=\"lazy\" decoding=\"async\" class=\"alignnone size-medium wp-image-189\" src=\"http:\/\/htb.com.pl\/wp-content\/uploads\/2018\/04\/porytowe-300x200.jpg\" alt=\"\" width=\"300\" height=\"200\" srcset=\"https:\/\/htb.com.pl\/wp-content\/uploads\/2018\/04\/porytowe-300x200.jpg 300w, https:\/\/htb.com.pl\/wp-content\/uploads\/2018\/04\/porytowe-600x399.jpg 600w, https:\/\/htb.com.pl\/wp-content\/uploads\/2018\/04\/porytowe-768x511.jpg 768w, https:\/\/htb.com.pl\/wp-content\/uploads\/2018\/04\/porytowe-1024x681.jpg 1024w, https:\/\/htb.com.pl\/wp-content\/uploads\/2018\/04\/porytowe.jpg 1200w\" sizes=\"auto, (max-width: 300px) 100vw, 300px\" \/><a href=\"https:\/\/htb.com.pl\/wp-content\/uploads\/2018\/12\/10-Wojna-domowa-w-mojej-Ma\u0142ej-Ojczy\u017anie.mp3\"><img loading=\"lazy\" decoding=\"async\" class=\"size-medium wp-image-2020 alignright\" src=\"https:\/\/htb.com.pl\/wp-content\/uploads\/2018\/04\/posluchaj-300x280.jpg\" alt=\"\" width=\"300\" height=\"280\" srcset=\"https:\/\/htb.com.pl\/wp-content\/uploads\/2018\/04\/posluchaj-300x280.jpg 300w, https:\/\/htb.com.pl\/wp-content\/uploads\/2018\/04\/posluchaj-768x716.jpg 768w, https:\/\/htb.com.pl\/wp-content\/uploads\/2018\/04\/posluchaj-1024x955.jpg 1024w, https:\/\/htb.com.pl\/wp-content\/uploads\/2018\/04\/posluchaj-600x560.jpg 600w, https:\/\/htb.com.pl\/wp-content\/uploads\/2018\/04\/posluchaj.jpg 1158w\" sizes=\"auto, (max-width: 300px) 100vw, 300px\" \/><\/a><br \/>\nRz\u0105dzenie opisa\u0142em kiedy\u015b jako wywo\u0142ywanie a potem \u0142agodzenie konflikt\u00f3w. Sk\u0142\u00f3canie, czyli t\u0105 pierwsz\u0105 cz\u0119\u015b\u0107 mamy opanowan\u0105. \u0141agodzenie napi\u0119\u0107 spo\u0142ecznych, to nasza odwieczna bol\u0105czka. Podobno jak ju\u017c dopadnie nas straszna bieda, potrafimy si\u0119 zjednoczy\u0107. Mo\u017ce.<br \/>\nJan Kochanowski pisa\u0142:<br \/>\n\u201cCieszy mi\u0119 ten rym: \u201ePolak m\u0105dry po szkodzie\u201d;<br \/>\nLecz je\u015bli prawda i z tego nas zbodzie,<br \/>\nNow\u0105 przypowie\u015b\u0107 Polak sobie kupi,<br \/>\n\u017be i przed szkod\u0105, i po szkodzie g\u0142upi.\u201d<br \/>\nOkres bezpo\u015brednio przed wybuchem II wojny \u015bwiatowej, to kompletna tragedia je\u017celi chodzi o rz\u0105dy w naszym kraju. Zaj\u0119cie Zaolzia, zaanektowanie terenu Czechos\u0142owacji wsp\u00f3lnie z hitlerowskimi Niemcami, przekre\u015bli\u0142o wszystkie nasze umowy, sojusze, stali\u015bmy si\u0119 po\u015bmiewiskiem Europy. Ucieczka Naczelnego Wodza Edwarda Rydza \u015amig\u0142ego z kraju, gdy trwa\u0142y jeszcze walki, to wr\u0119cz niesamowita sytuacja. Mog\u0119 zrozumie\u0107 Prezydenta, Rz\u0105d ale ucieczk\u0119 Naczelnego Wodza &#8211; NIE!<br \/>\nTo taki wst\u0119p, potem by\u0142o tylko gorzej.<br \/>\nUtworzono Rz\u0105d Polski na Uchod\u017astwie. Sytuacja by\u0142a prosta. Niemcy hitlerowskie\u00a0 i reszta. Polski Rz\u0105d widzia\u0142 to inaczej. Niemcy, Rosja jako wrogowie i reszta. A co, nie damy rady. We\u017amiemy si\u0119 i ich pokonacie. Alianci nie byli tacy dzielni. Woleli mie\u0107 Rosjan w koalicji antyhitlerowskiej. W polskim rz\u0105dzie rozumia\u0142 to Sikorski. Pisa\u0142em o porozumieniu Sikorski \u2013 Majski, o katastrofie gibraltarskiej gdzie Sikorski zgin\u0105, napisz\u0119 w nast\u0119pnym wpisie. Ta \u201eromantyczna\u201d postawa naszego rz\u0105du, w Lasach Janowskich, mojej ma\u0142ej ojczy\u017anie, doprowadzi\u0142a do wojny domowej. Dzia\u0142a\u0142y tam oddzia\u0142y partyzanckie ZWZ i AK z rozkazu Rz\u0105du RP na uchod\u017astwie zwalcza\u0142y Bataliony Ch\u0142opskie. Te za\u015b szuka\u0142y sojuszu z sowietami, a by\u0142o ich niema\u0142o. Dzia\u0142a\u0142a tam radziecka grupa dywersyjna pod dow\u00f3dztwem mjr Karasionowa. Mieli za zadanie wysadza\u0107 poci\u0105gi z zaopatrzeniem dla armii niemieckiej. W tych transportach czasem znajdowali si\u0119 inni \u017co\u0142nierze radzieccy wzi\u0119ci do niewoli przez Niemc\u00f3w. Uzupe\u0142niali oni oddzia\u0142 Karoasionowa, z czasem liczy\u0142 on prawie 2000 ludzi. Nie by\u0142 to ju\u017c oddzia\u0142 dywersyjny, a Karasionow nie panowa\u0142 nad tym wszystkim . Babcia m\u00f3wi\u0142a, to by\u0142o straszne byd\u0142o. Dopiero jak dow\u00f3dztwo przej\u0105\u0142 Prokopiuk, o kt\u00f3rym Babcia m\u00f3wi\u0142a cho\u0107 ruski to m\u0105dry, wszystko si\u0119 zmieni\u0142o. Cz\u0142owiek ten dowodzi\u0142 bitw\u0105 na Porytowym Wzg\u00f3rzu, mjr Karasionow by\u0142 jego zast\u0119pc\u0105. 3000 ludzi kt\u00f3rymi Prokopiuk dowodzi\u0142 przerwa\u0142o okr\u0105\u017cenie 30000 Niemc\u00f3w . (14 czerwca 1944 rok) Zwyci\u0119sk\u0105 bitwa, podw\u00f3jnie zwyci\u0119ska, bo wszyscy RAZEM, AK , BCh i Rosjanie. Pisa\u0142em o tym i jeszcze kiedy\u015b napisz\u0119. Mo\u017cna by\u0142o? Mo\u017cna. Wsp\u00f3lny cmentarz \u017co\u0142nierzy Prokopiuka, AK i BCh na Porytowym Wzg\u00f3rzu, to taki symbol \u201egeniuszu\u201d Rz\u0105du RP na uchod\u017astwie. To jednak taka jednorazowa zgoda by\u0142a. Prokopiuk poszed\u0142 uczy\u0107 S\u0142owak\u00f3w mi\u0142o\u015bci do ojczyzny, a nas tej mi\u0142o\u015bci uczy\u0142o NKWD. Napisali nam nawet manifest. By\u0142em kilka razy na lekcji historii pytany o manifest PKWN. Zawsze m\u00f3wi\u0142em, \u017ce manifest stworzy\u0142o NKWD. Panie nauczycielki \u015bmia\u0142y si\u0119 z mojego przej\u0119zyczenia. Drogie Panie, pami\u0119tacie Jasia? No i co, teraz te\u017c uwa\u017cacie \u017ce si\u0119 przej\u0119zyczy\u0142em? Jeszcze kiedy\u015b opisz\u0119 dzia\u0142ania Prokopiuka. Teraz cofn\u0119 si\u0119 o dwa lata, do roku 1942. To czas kiedy dzia\u0142ania polskich grup partyzanckich, w rejonie Las\u00f3w Janowskich, nie mia\u0142y nic wsp\u00f3lnego z walk\u0105 z okupantem. Dokumenty do jakich dotar\u0142em s\u0105 straszne. To by\u0142a wojna domowa w najgorszym wydaniu. Z mordami, gwa\u0142tami i rabunkami ludno\u015bci cywilnej &#8211; Polak\u00f3w. Jako dziecko pozna\u0142em wielu tych &#8220;partyzant\u00f3w&#8221;.\u00a0 -Babcia mi ich pokazywa\u0142a, uwa\u017caj na niego m\u00f3wi\u0142a zawsze. Wielu z nich to by\u0142a rodzina. Dlatego powstrzymam si\u0119 od jakichkolwiek opis\u00f3w. Nie mog\u0119 tych ludzi ocenia\u0107. A ju\u017c na pewno obwinia\u0107. Schizofreniczna sytuacja jak\u0105 stworzy\u0142 rz\u0105d na uchod\u017astwie, w jakim\u015b stopniu usprawiedliwia to wszystko. Napisa\u0142em usprawiedliwia, no nie &#8211; t\u0142umaczy?<br \/>\nOpisz\u0119 fakty og\u00f3lnie znane, Pa\u0144stwo sami ocenicie, czy mo\u017cna to wybaczy\u0107, czy tylko zrozumie\u0107.<br \/>\n9 sierpnia 1943 roku oddzia\u0142 NSZ dowodzony przez rotmistrza Leonarda Zub-Zdanowicza, PS. \u201eZ\u0105b\u201d Dokona\u0142 mordu na pijanych partyzantach z oddzia\u0142 GL \u201e Jana Kili\u0144skiego\u201d. Zabito 28, niekt\u00f3re \u017ar\u00f3d\u0142a podaj\u0105 26 ludzi. Sta\u0142o si\u0119 to w rejonie wsi Bor\u00f3w. Wymieni\u0142em nazwisko rotmistrza, bo ten by\u0142 wr\u0119cz dumny z tego walecznego czynu. Chwali\u0142 si\u0119 nim tak, \u017ce Prezydent Lech Kaczy\u0144ski odznaczy\u0142 go po\u015bmiertnie Krzy\u017cem Komandorskim z Gwiazd\u0105 Orderu Odrodzenia Polski (20 sierpnia 2009 rok). Trzeba jednak wiedzie\u0107, i\u017c w\u015br\u00f3d zabitych przez \u201eZ\u0119ba\u201d mogli by\u0107 odpowiedzialni za:<br \/>\n1. Zamordowanie Bronis\u0142awa P\u0142echty jesieni\u0105 1942<br \/>\n2. Napad na maj\u0105tek ziemski pod Go\u015bcieradowem, gdzie dokonano zbiorowego gwa\u0142tu na w\u0142a\u015bcicielce i rabunku.<br \/>\n3. Mord na rtm. Stanis\u0142awie Malanowskim (AK-ZWZ).<br \/>\n4. Zamordowanie le\u015bniczego Antoniego \u0141askarzewskiego.<br \/>\n5. W styczniu 1943 roku zamordowano trzech cz\u0142onk\u00f3w NSZ z Kosiny w tym komendanta plac\u00f3wki Henryka Wojewod\u0119<br \/>\n6. W lipcu1943 roku pod Barakami zastrzelono W\u0142adys\u0142awa Raka i Mieczys\u0142awa Pirona z NSZ<br \/>\nWymieni\u0119 jeszcze zamordowanego w\u0142a\u015bciciela dworku w Zarzeczu, cz\u0142owiek ten by\u0142 cz\u0142onkiem Rady G\u0142\u00f3wnej Opieku\u0144czej w Pysznicy. Mia\u0142 74 lata!<br \/>\nTu musz\u0119 co\u015b wi\u0119cej napisa\u0107. Zamordowali go sowieci, Polacy kt\u00f3rzy twierdzili, \u017ce nimi dowodzili, pokazywali drog\u0119. I tych w\u0142a\u015bnie sowieckich bandyt\u00f3w \u201eZ\u0105b\u201d pod Borowem wypu\u015bci\u0142. Ba\u0142 si\u0119 mjr Karasionowa. Niepotrzebnie, ten za co\u015b takiego te\u017c by ich rozwali\u0142.<\/p>\n<p>Jakie to wszystko g\u0142upie. Pisz\u0119 o strasznych tragediach w czasie wojny, a nie pisz\u0119 o Niemcach, agresorach. Pisa\u0142em wcze\u015bniej i jeszcze napisz\u0119. Teraz do polityk\u00f3w z IPN. Kochani \u2013 \u201eZ\u0105b\u201d to dla was bohater, wprawdzie Karasionowa si\u0119 ba\u0142, ale pijanych, rozbrojonych gwardzist\u00f3w nie. Rozstrzela\u0142 ich. Rozumiem, Karsionow to wr\u00f3g ale nie jego \u201eliga\u201d, m\u00f3g\u0142 si\u0119 go ba\u0107. Ale przecie\u017c m\u00f3g\u0142 przynajmniej spr\u00f3bowa\u0107 go za\u0142atwi\u0107. Wystarczy\u0142o wys\u0142a\u0107 mu wiadomo\u015b\u0107, \u017ce on \u201eZ\u0105b\u201d go zabije. Mo\u017ce rusek umar\u0142 by ze \u015bmiechu? Moim zdaniem szansa by\u0142a.<\/p>\n<p>Kochani politycy, co\u015b jeszcze, ale tylko do was. Wielu z was to \u201ekombatanci\u201d stanu wojennego. Przepraszam za cudzys\u0142\u00f3w ale s\u0142u\u017cy\u0142em wtedy w wojsku. W 1982 roku na wiosn\u0119 b\u0119d\u0105c na patrolu, patrzy\u0142em jak na drzewach zieleni\u0105 si\u0119 li\u015bcie. \u015apiewali\u015bcie, \u017ce b\u0119d\u0105 tam wisie\u0107 komuni\u015bci, pami\u0119tacie? Patrz\u0105c tak na te drzewa zostali\u015bmy \u201dzaatakowani\u201d przez grup\u0119 student\u00f3w. Nas by\u0142o trzech ich o\u015bmiu. Wiedzieli, \u017ce chocia\u017c mamy bro\u0144, to nie mamy amunicji. Oznajmili nam, \u017ce te\u017c chc\u0105 mie\u0107 bro\u0144, nasz\u0105. Zauwa\u017cy\u0142em, \u017ce nie s\u0105 \u201ena czczo\u201d i wyda\u0142em polecenie, tylko \u017cadnych li\u015bci. Nie wiem co oni pili, \u017ceby pomy\u015ble\u0107, \u017ce \u017co\u0142nierz odda bro\u0144. Troch\u0119 si\u0119 z nimi poszamotali\u015bmy i jeden z moich \u017co\u0142nierzy kopna jednego studenta w d..\u0119. Widz\u0105c m\u00f3j wzrok, powiedzia\u0142, \u017ce misi i\u015b\u0107 w krzaki, sika\u0107 mu si\u0119 chce. I w\u0142a\u015bnie b\u0119d\u0105c ko\u0142o tych krzak\u00f3w, w bezpiecznej jak im si\u0119 wydawa\u0142o odleg\u0142o\u015bci, nasi \u201enapastnicy\u201d za\u015bpiewali, \u017ce na drzewach zamiast li\u015bci, wisie\u0107 b\u0119d\u0105 komuni\u015bci. M\u00f3j \u017co\u0142nierz wyszed\u0142 z krzak\u00f3w i przyprowadzi\u0142 jednego z tych \u015bpiewak\u00f3w. Ca\u0142y czas t\u0142umaczy\u0142 mu, \u017ce nic mu nie zrobimy, \u017ceby si\u0119 nie ba\u0142, kapral tylko co\u015b zapyta. Zapunktowa\u0142 tym u mnie, darowa\u0142em mu tego kopniaka. Zapyta\u0142em \u015bpiewaka, czy on wie kto to komunista. Nie wiedzia\u0142. Powiedzia\u0142em mu, \u017ce to populista walcz\u0105cy z ko\u015bcio\u0142em. \u017beby go uspokoi\u0107 pokaza\u0142em mu sw\u00f3j medalik, kt\u00f3ry nosi\u0142em na szyi. Powiedzia\u0142em, \u017ce jestem chrze\u015bcijaninem, a moja wiara ka\u017ce mi kocha\u0107 bli\u017aniego. Widz\u0105c jego blad\u0105 ze strachu twarz, zrobi\u0142o mi si\u0119 g\u0142upio. Sta\u0142 przede mn\u0105 ch\u0142opak, w moim wieku i si\u0119 mnie ba\u0142. Powiedzia\u0142em do niego, prosz\u0119 i\u015b\u0107 i poda\u0142em mu d\u0142o\u0144. Szybko odszed\u0142 nie podaj\u0105c mi d\u0142oni, a ja tak zosta\u0142em z wyci\u0105gni\u0119t\u0105 r\u0119k\u0105. \u015apiewak do\u0142\u0105czy\u0142 do stoj\u0105cych opodal koleg\u00f3w. No i poszli, skomentowa\u0142 jeden z moich \u017co\u0142nierzy. Teraz bez \u015bpiewu, doda\u0142 drugi. Tak &#8211; pomy\u015bla\u0142em, bez \u015bpiewu\u2026<br \/>\nWtedy zrozumia\u0142em po co ja tu \u0142a\u017c\u0119 po tym parku. Zrozumia\u0142em z kim ta \u201eJaruzelska\u201d wojna jest. \u0141a\u017c\u0119 tu, \u017ceby zapobiec temu co opisa\u0142em powy\u017cej. Moim ch\u0142opakom opowiedzia\u0142em to wszystko, bez nazwisk, za to ze szczeg\u00f3\u0142ami. Tak jak mi w dzieci\u0144stwie opowiadali to partyzanci. Jednemu zrobi\u0142o si\u0119 s\u0142abo, usiedli\u015bmy. Ten drugi zapyta\u0142, czy ci pomordowani ludzie maja jaki\u015b pomnik. Nie, odpowiedzia\u0142em, tylko gr\u00f3b. \u017beby troch\u0119 zmieni\u0107 temat, zacz\u0105\u0142em im opowiada\u0107 o mojej szkole \u015bredniej. O Zwierzy\u0144cu nad Wieprzem, o rezerwacie \u015bcis\u0142ym Bukowa G\u00f3ra. Powiedzia\u0142em, \u017ce warto to zobaczy\u0107.<\/p>\n<p><img loading=\"lazy\" decoding=\"async\" class=\"size-medium wp-image-875 alignleft\" src=\"https:\/\/htb.com.pl\/wp-content\/uploads\/2018\/04\/pomnip-225x300.jpg\" alt=\"\" width=\"225\" height=\"300\" srcset=\"https:\/\/htb.com.pl\/wp-content\/uploads\/2018\/04\/pomnip-225x300.jpg 225w, https:\/\/htb.com.pl\/wp-content\/uploads\/2018\/04\/pomnip-600x800.jpg 600w, https:\/\/htb.com.pl\/wp-content\/uploads\/2018\/04\/pomnip.jpg 720w\" sizes=\"auto, (max-width: 225px) 100vw, 225px\" \/><\/p>\n<p>Jak si\u0119 idzie na Bukow\u0105 G\u00f3r\u0119, mija si\u0119 pomnik partyzant\u00f3w . Jak si\u0119 zejdzie z g\u00f3ry, jest wie\u015b Sochy. Jest tam cmentarz, le\u017c\u0105 na nim ca\u0142e rodziny zamordowane przez Niemc\u00f3w 1 czerwca 1943 roku w czasie pacyfikacji wsi: 88 \u2013 m\u0119\u017cczyzn; 45 &#8211; kobiet; 52 &#8211; dzieci.<\/p>\n<p><img loading=\"lazy\" decoding=\"async\" class=\"alignnone size-medium wp-image-53638\" src=\"https:\/\/htb.com.pl\/wp-content\/uploads\/2021\/08\/Sochy-300x225.jpg\" alt=\"\" width=\"300\" height=\"225\" srcset=\"https:\/\/htb.com.pl\/wp-content\/uploads\/2021\/08\/Sochy-300x225.jpg 300w, https:\/\/htb.com.pl\/wp-content\/uploads\/2021\/08\/Sochy-600x450.jpg 600w, https:\/\/htb.com.pl\/wp-content\/uploads\/2021\/08\/Sochy.jpg 640w\" sizes=\"auto, (max-width: 300px) 100vw, 300px\" \/><\/p>\n<p>Ten co by\u0142 taki blady, zrobi\u0142 si\u0119 czerwony i wykrzykn\u0105\u0142. \u201eAle\u017c my jeste\u015bmy pojebani\u201d! Wstali\u015bmy, r\u00f3\u017cne my\u015bli chodzi\u0142y po naszych g\u0142owach. Ka\u017cdy z nas by\u0142 z innego rejonu Polaki. Zgodzili\u015bmy si\u0119 jednak ze stwierdzeniem kolegi.<br \/>\nNa zako\u0144czenie, jeszcze do polityk\u00f3w. Do w\u0142adzy kochani doszli\u015bcie g\u0142osz\u0105c has\u0142a populistyczne, z religi\u0105 nie walczycie, to GRU walczy, wy jeste\u015bcie jedynie narz\u0119dziem. No ale z tej religii to ju\u017c niewiele zosta\u0142o! Zrozumcie wreszcie t\u0105 g\u0142upi\u0105 sytuacj\u0119. Spr\u00f3bujmy jeszcze raz wyci\u0105gn\u0105\u0107 d\u0142o\u0144, mo\u017ce teraz uda si\u0119 j\u0105 u\u015bcisn\u0105\u0107. Kochani \u2013 zr\u00f3bmy to, bo wszyscy si\u0119 z nas \u015bmiej\u0105. Na razie, si\u0119 \u015bmiej\u0105\u2026<br \/>\nKatastrofa Gibraltarska, to b\u0119dzie nast\u0119pny wpis.<\/p>\n<\/div>\n","protected":false},"excerpt":{"rendered":"<p>4 listopada 2017\u00a0 Rz\u0105dzenie opisa\u0142em kiedy\u015b jako wywo\u0142ywanie a potem \u0142agodzenie konflikt\u00f3w. Sk\u0142\u00f3canie, czyli t\u0105 pierwsz\u0105 cz\u0119\u015b\u0107 mamy opanowan\u0105. \u0141agodzenie napi\u0119\u0107 spo\u0142ecznych, to nasza odwieczna bol\u0105czka. Podobno jak ju\u017c dopadnie nas straszna bieda, potrafimy si\u0119 zjednoczy\u0107. Mo\u017ce. Jan Kochanowski pisa\u0142: \u201cCieszy mi\u0119 ten rym: \u201ePolak m\u0105dry po szkodzie\u201d; Lecz je\u015bli prawda i z tego nas [&hellip;]<\/p>\n","protected":false},"author":1,"featured_media":0,"comment_status":"open","ping_status":"open","sticky":false,"template":"","format":"standard","meta":{"_jetpack_memberships_contains_paid_content":false,"footnotes":""},"categories":[4],"tags":[],"class_list":["post-188","post","type-post","status-publish","format-standard","hentry","category-daty-i-fakty-blog"],"jetpack_sharing_enabled":true,"jetpack_featured_media_url":"","_links":{"self":[{"href":"https:\/\/htb.com.pl\/index.php?rest_route=\/wp\/v2\/posts\/188","targetHints":{"allow":["GET"]}}],"collection":[{"href":"https:\/\/htb.com.pl\/index.php?rest_route=\/wp\/v2\/posts"}],"about":[{"href":"https:\/\/htb.com.pl\/index.php?rest_route=\/wp\/v2\/types\/post"}],"author":[{"embeddable":true,"href":"https:\/\/htb.com.pl\/index.php?rest_route=\/wp\/v2\/users\/1"}],"replies":[{"embeddable":true,"href":"https:\/\/htb.com.pl\/index.php?rest_route=%2Fwp%2Fv2%2Fcomments&post=188"}],"version-history":[{"count":9,"href":"https:\/\/htb.com.pl\/index.php?rest_route=\/wp\/v2\/posts\/188\/revisions"}],"predecessor-version":[{"id":53639,"href":"https:\/\/htb.com.pl\/index.php?rest_route=\/wp\/v2\/posts\/188\/revisions\/53639"}],"wp:attachment":[{"href":"https:\/\/htb.com.pl\/index.php?rest_route=%2Fwp%2Fv2%2Fmedia&parent=188"}],"wp:term":[{"taxonomy":"category","embeddable":true,"href":"https:\/\/htb.com.pl\/index.php?rest_route=%2Fwp%2Fv2%2Fcategories&post=188"},{"taxonomy":"post_tag","embeddable":true,"href":"https:\/\/htb.com.pl\/index.php?rest_route=%2Fwp%2Fv2%2Ftags&post=188"}],"curies":[{"name":"wp","href":"https:\/\/api.w.org\/{rel}","templated":true}]}}