{"id":193,"date":"2018-04-22T11:47:55","date_gmt":"2018-04-22T11:47:55","guid":{"rendered":"http:\/\/htb.com.pl\/?p=193"},"modified":"2018-12-06T08:14:29","modified_gmt":"2018-12-06T08:14:29","slug":"katastrofa-giblartarska","status":"publish","type":"post","link":"https:\/\/htb.com.pl\/?p=193","title":{"rendered":"Katastrofa Giblartarska"},"content":{"rendered":"<div class=\"p_18_fpesjyd e_18_fpewi1u clearfix\">\n<div class=\"clearfix v_18_fpesitm\">\n<div class=\"clearfix _42ef\">\n<div class=\"c_18_fpesitl\">\n<div>\n<div class=\"_6a _5u5j\">\n<div class=\"_6a _5u5j _6b\">\n<h5 class=\"_14f3 _14f5 _5pbw _5vra\" data-ft=\"{&quot;tn&quot;:&quot;C&quot;}\"><span class=\"fwn fcg\"><span class=\"fwb fcg\" data-ft=\"{&quot;tn&quot;:&quot;;&quot;}\">\u00a0<\/span><\/span><\/h5>\n<div id=\"feed_subtitle_100001376195691;1535706716485187;;9\" class=\"_5pcp _5lel _2jyu _232_\">\n<p><span class=\"fsm fwn fcg\"><a class=\"_5pcq\" href=\"https:\/\/www.facebook.com\/jan.chmura.79\/posts\/1535706716485187\" target=\"\"><abbr class=\"_5ptz\" title=\"3.12.2017 08:10\" data-utime=\"1512285039\" data-shorten=\"1\"><span class=\"timestampContent\">3 grudnia 2017<\/span><\/abbr><\/a>\u00a0<\/span><\/p>\n<div id=\"u_0_15\" class=\"_6a _43_1 _4f-9 _nws _21p0 _fol\"><\/div>\n<\/div>\n<\/div>\n<\/div>\n<\/div>\n<\/div>\n<\/div>\n<\/div>\n<\/div>\n<div class=\"_5pbx userContent _3576\" data-ft=\"{&quot;tn&quot;:&quot;K&quot;}\">\n<p><img loading=\"lazy\" decoding=\"async\" class=\"alignnone size-full wp-image-194\" src=\"http:\/\/htb.com.pl\/wp-content\/uploads\/2018\/04\/Sikorski.jpg\" alt=\"\" width=\"133\" height=\"106\" \/><a href=\"https:\/\/htb.com.pl\/wp-content\/uploads\/2018\/12\/11-Katastrofa-Giblartarska.mp3\"><img loading=\"lazy\" decoding=\"async\" class=\"size-medium wp-image-2020 alignright\" src=\"https:\/\/htb.com.pl\/wp-content\/uploads\/2018\/04\/posluchaj-300x280.jpg\" alt=\"\" width=\"300\" height=\"280\" srcset=\"https:\/\/htb.com.pl\/wp-content\/uploads\/2018\/04\/posluchaj-300x280.jpg 300w, https:\/\/htb.com.pl\/wp-content\/uploads\/2018\/04\/posluchaj-768x716.jpg 768w, https:\/\/htb.com.pl\/wp-content\/uploads\/2018\/04\/posluchaj-1024x955.jpg 1024w, https:\/\/htb.com.pl\/wp-content\/uploads\/2018\/04\/posluchaj-600x560.jpg 600w, https:\/\/htb.com.pl\/wp-content\/uploads\/2018\/04\/posluchaj.jpg 1158w\" sizes=\"auto, (max-width: 300px) 100vw, 300px\" \/><\/a><br \/>\nKiedy\u015b na lekcji historii, a by\u0142o to w latach siedemdziesi\u0105tych, Pani zapyta\u0142a mnie o Karola \u015awierczewskiego. Zacz\u0105\u0142em tak. Urodzi\u0142 si\u0119 20 maja 1881 roku w Tuszowie Narodowym. Naczelny W\u00f3dz Polskich Si\u0142 Zbrojnych i premier Rz\u0105du RP na Uchod\u017astwie podczas II wojny \u015bwiatowej. Zgin\u0105\u0142 4 lipca 1943 roku w katastrofie nad Giblartarem, najprawdopodobniej w wyniku zamachu. O kim ty Jasiu m\u00f3wisz! Wykrzykn\u0119\u0142a Pani nauczycielka. O W\u0142adys\u0142awie Sikorskim odpowiedzia\u0142em. Masz o \u015awierczewskim m\u00f3wi\u0107. NKWD mylisz z PKWN \u015awierczewskiego z Sikorskim , do domu swojego przynajmniej trafisz. Tak, ale w kosza te\u017c nie umiem gra\u0107, powiedzia\u0142em. Pani ca\u0142a w nerwach, kaza\u0142a mi przyj\u015b\u0107 z rodzicami. Przegi\u0105\u0142em, pomy\u015bla\u0142em, zrobi\u0142em taka min\u0119, \u017ce Pani zrobi\u0142o si\u0119 mnie \u017cal. Dzwonek roz\u0142adowa\u0142 sytuacj\u0119. Pani powiedzia\u0142a \u017cebym zosta\u0142. Gdy w klasie byli\u015bmy sami, Pani zapyta\u0142a dlaczego uwa\u017cam, \u017ce Sikorski zgin\u0105\u0142 w zamachu. Powiedzia\u0142em jej o \u017co\u0142nierzu, kt\u00f3ry Sikorskiego zna\u0142 osobi\u015bcie. Cz\u0142owiek ten opowiada\u0142 mi, i\u017c Sikorski wiedzia\u0142, \u017ce jest na niego szykowany zamach. Chodzi\u0142o o to ,\u017ce on sowiet\u00f3w nie uwa\u017ca\u0142 chwilowo za wrog\u00f3w, co reszcie Rz\u0105du RP na Uchod\u017astwie sie nie podoba\u0142o. Samoloty kt\u00f3rymi lata\u0142 Sikorski ci\u0105gle si\u0119 psu\u0142y. Sam Sikorski \u015bmia\u0142 si\u0119 z tych po\u017cal si\u0119 Bo\u017ce zamachowc\u00f3w. Pan kt\u00f3ry mi to opowiada\u0142, twierdzi\u0142, \u017ce ci zamachowcy, to Sikorskiemu buty mogli by czy\u015bci\u0107. Wiedzia\u0142 co m\u00f3wi, bo to no sam te buty czasem czy\u015bci\u0142. Opowiedzia\u0142 mi te\u017c, jak Czech Eduard Prchal pilot kt\u00f3ry jako jedyny prze\u017cy\u0142 katastrof\u0119, \u017cali\u0142 mu si\u0119, \u017ce gro\u017cono jego dziewczynie. I tego w\u0142a\u015bnie pilota Sikorski wyznaczy\u0142 na feralny lot dnia 4 lipca 1943 roku. Podczas ko\u0142owania kto\u015b dosta\u0142 si\u0119 do samolotu przez luk baga\u017cowy. Znaleziono potem worki z poczt\u0105, kt\u00f3re wypad\u0142y na pas startowy. Powiedzia\u0142em te\u017c Pani, \u017ce pilot wiedzia\u0142, \u017ce b\u0119dzie wodowa\u0142, bo zapi\u0105\u0142 kamizelk\u0105 ratunkow\u0105. Nikt tak nie robi\u0142, by\u0142 przes\u0105d, \u017ce to przynosi pecha. Pani zapyta\u0142a dlaczego nie ufam oficjalnym opracowaniom na temat tej katastrofy, tylko s\u0142ucham jakiego\u015b pucybuta. Powiedzia\u0142em, \u017ce w Trybunie Ludu przeczyta\u0142em, \u017ce na pok\u0142adzie samolotu by\u0142o 25 os\u00f3b. A tam wchodzi tylko 16. Dlatego da\u0142em sobie spok\u00f3j. Opowiedzia\u0142em te\u017c o tym, jak komisja badaj\u0105ca katastrof\u0119, zapyta\u0142a ocala\u0142ego pilota ,dlaczego zapi\u0105\u0142 kamizelk\u0119 ratunkow\u0105. Ten kr\u0119ci\u0142, twierdzi\u0142, \u017ce by\u0142 w szoku, takie tam. Chcia\u0142 wiedzie\u0107 tylko jedno, czy jego dziewczyna jest bezpieczna. Jeden z przes\u0142uchuj\u0105cych zapewni\u0142 go, \u017ce tak, jego dziewczyna jest bezpieczna, i Czech mu uwierzy\u0142. Pilot mia\u0142 potem gdzie\u015b, ca\u0142e to przes\u0142uchanie. To mnie bardziej zdziwi\u0142o, ni\u017c informacja o liczbie ludzi na pok\u0142adzie, powiedzia\u0142em. Ko\u0144czy\u0142a si\u0119 przerwa, Pani powiedzia\u0142a ,\u017ce dziewczynie Czecha grozili Niemcy, wi\u0119c ewentualni zamachowcy musieli by wsp\u00f3\u0142pracowa\u0107 z Niemcami, faszystami. Mie\u015bci ci si\u0119 to w tej twojej \u0142epetynie, zapyta\u0142a. My\u015bla\u0142em, \u017ce walnie mnie w \u0142eb, ale ona tylko pog\u0142adzi\u0142a moje w\u0142osy. To prawda, nie mie\u015bci\u0142o si\u0119 to w mojej gawie. Popatrzy\u0142em w oczy tej Pani, widzia\u0142em w nich \u0142zy. Wiedzia\u0142a, \u017ce chc\u0119 zapyta\u0107 o rodzic\u00f3w. Ze \u015bci\u015bni\u0119tym gard\u0142em wydusi\u0142a tylko, daj spok\u00f3j.<br \/>\nDokumenty dotycz\u0105ce tej katastrofy Anglicy ujawni\u0105 2033 roku, wi\u0119c raczej nie dowiem si\u0119 jak by\u0142o naprawd\u0119. Ale nie to mnie martwi. Widzia\u0142em w telewizji marsz, du\u017cy, ze sto tysi\u0119cy ludzi. Nie\u015bli transparenty pochwalaj\u0105ce faszyzm. T\u0142umaczenia rz\u0105dz\u0105cych, \u017ce nie wszyscy nie\u015bli\u2026<br \/>\nTo co m\u00f3wi Nasz Rz\u0105d traktuj\u0119 jak kiedy\u015b informacj\u0119 Trybuny Ludu. Rozwalili ju\u017c prawie ca\u0142y \u0142ad konstytucyjny, podobno jak sko\u0144cz\u0105, rozwala Pa\u0142ac Kultury. Napisali ustaw\u0119, \u017ce markety maja by\u0107 zamkni\u0119te w niedziel\u0119. Kochani, zostawcie markety, to nie wasza \u201eliga\u201d. Ju\u017c dawno wybudowali tam piekarnie, co, zamkniecie piekarnie?<br \/>\nNast\u0119pny wpis b\u0119dzie o kulisach wybuchu Powstania Warszawskiego, to podobny okres w naszej historii, a i dokument\u00f3w jest wi\u0119cej.<\/p>\n<\/div>\n","protected":false},"excerpt":{"rendered":"<p>\u00a0 3 grudnia 2017\u00a0 Kiedy\u015b na lekcji historii, a by\u0142o to w latach siedemdziesi\u0105tych, Pani zapyta\u0142a mnie o Karola \u015awierczewskiego. Zacz\u0105\u0142em tak. Urodzi\u0142 si\u0119 20 maja 1881 roku w Tuszowie Narodowym. Naczelny W\u00f3dz Polskich Si\u0142 Zbrojnych i premier Rz\u0105du RP na Uchod\u017astwie podczas II wojny \u015bwiatowej. Zgin\u0105\u0142 4 lipca 1943 roku w katastrofie nad Giblartarem, [&hellip;]<\/p>\n","protected":false},"author":1,"featured_media":0,"comment_status":"open","ping_status":"open","sticky":false,"template":"","format":"standard","meta":{"_jetpack_memberships_contains_paid_content":false,"footnotes":""},"categories":[4],"tags":[],"class_list":["post-193","post","type-post","status-publish","format-standard","hentry","category-daty-i-fakty-blog"],"jetpack_sharing_enabled":true,"jetpack_featured_media_url":"","_links":{"self":[{"href":"https:\/\/htb.com.pl\/index.php?rest_route=\/wp\/v2\/posts\/193","targetHints":{"allow":["GET"]}}],"collection":[{"href":"https:\/\/htb.com.pl\/index.php?rest_route=\/wp\/v2\/posts"}],"about":[{"href":"https:\/\/htb.com.pl\/index.php?rest_route=\/wp\/v2\/types\/post"}],"author":[{"embeddable":true,"href":"https:\/\/htb.com.pl\/index.php?rest_route=\/wp\/v2\/users\/1"}],"replies":[{"embeddable":true,"href":"https:\/\/htb.com.pl\/index.php?rest_route=%2Fwp%2Fv2%2Fcomments&post=193"}],"version-history":[{"count":4,"href":"https:\/\/htb.com.pl\/index.php?rest_route=\/wp\/v2\/posts\/193\/revisions"}],"predecessor-version":[{"id":2560,"href":"https:\/\/htb.com.pl\/index.php?rest_route=\/wp\/v2\/posts\/193\/revisions\/2560"}],"wp:attachment":[{"href":"https:\/\/htb.com.pl\/index.php?rest_route=%2Fwp%2Fv2%2Fmedia&parent=193"}],"wp:term":[{"taxonomy":"category","embeddable":true,"href":"https:\/\/htb.com.pl\/index.php?rest_route=%2Fwp%2Fv2%2Fcategories&post=193"},{"taxonomy":"post_tag","embeddable":true,"href":"https:\/\/htb.com.pl\/index.php?rest_route=%2Fwp%2Fv2%2Ftags&post=193"}],"curies":[{"name":"wp","href":"https:\/\/api.w.org\/{rel}","templated":true}]}}