{"id":196,"date":"2018-04-22T11:54:08","date_gmt":"2018-04-22T11:54:08","guid":{"rendered":"http:\/\/htb.com.pl\/?p=196"},"modified":"2020-08-01T05:57:49","modified_gmt":"2020-08-01T05:57:49","slug":"kulisy-wybuchu-powstania-warszawskiego","status":"publish","type":"post","link":"https:\/\/htb.com.pl\/?p=196","title":{"rendered":"Kulisy wybuchu Powstania Warszawskiego"},"content":{"rendered":"<div class=\"p_18_fpesjyd e_18_fpewi1u clearfix\">\n<div class=\"clearfix v_18_fpesitm\">\n<div class=\"clearfix _42ef\">\n<div class=\"c_18_fpesitl\">\n<div class=\"_6a _5u5j\">\n<div class=\"_6a _5u5j _6b\">\n<h5 class=\"_14f3 _14f5 _5pbw _5vra\" data-ft=\"{&quot;tn&quot;:&quot;C&quot;}\"><span class=\"fwn fcg\"><span class=\"fwb fcg\" data-ft=\"{&quot;tn&quot;:&quot;;&quot;}\">\u00a0<\/span><\/span><\/h5>\n<div id=\"feed_subtitle_100001376195691;1541470325908826;;9\" class=\"_5pcp _5lel _2jyu _232_\">\n<p><span class=\"fsm fwn fcg\"><a class=\"_5pcq\" href=\"https:\/\/www.facebook.com\/jan.chmura.79\/posts\/1541470325908826\" target=\"\" rel=\"noopener noreferrer\"><abbr class=\"_5ptz\" title=\"9.12.2017 09:38\" data-utime=\"1512808728\" data-shorten=\"1\"><span class=\"timestampContent\">9 grudnia 2017<\/span><\/abbr><\/a>\u00a0<\/span><\/p>\n<div><\/div>\n<p>\u00b7<\/p>\n<div id=\"u_0_15\" class=\"_6a _43_1 _4f-9 _nws _21p0 _fol\">\u00a0<img loading=\"lazy\" decoding=\"async\" class=\"alignnone size-medium wp-image-197\" src=\"http:\/\/htb.com.pl\/wp-content\/uploads\/2018\/04\/powstanie-300x224.jpg\" alt=\"\" width=\"300\" height=\"224\" srcset=\"https:\/\/htb.com.pl\/wp-content\/uploads\/2018\/04\/powstanie-300x224.jpg 300w, https:\/\/htb.com.pl\/wp-content\/uploads\/2018\/04\/powstanie-600x449.jpg 600w, https:\/\/htb.com.pl\/wp-content\/uploads\/2018\/04\/powstanie-768x574.jpg 768w, https:\/\/htb.com.pl\/wp-content\/uploads\/2018\/04\/powstanie-1024x766.jpg 1024w, https:\/\/htb.com.pl\/wp-content\/uploads\/2018\/04\/powstanie.jpg 1170w\" sizes=\"auto, (max-width: 300px) 100vw, 300px\" \/><a href=\"https:\/\/htb.com.pl\/wp-content\/uploads\/2018\/12\/12-Kulisy-wybuchu-Powstania-Warszawskiego.mp3\"><img loading=\"lazy\" decoding=\"async\" class=\"size-medium wp-image-2020 alignright\" src=\"https:\/\/htb.com.pl\/wp-content\/uploads\/2018\/04\/posluchaj-300x280.jpg\" alt=\"\" width=\"300\" height=\"280\" srcset=\"https:\/\/htb.com.pl\/wp-content\/uploads\/2018\/04\/posluchaj-300x280.jpg 300w, https:\/\/htb.com.pl\/wp-content\/uploads\/2018\/04\/posluchaj-768x716.jpg 768w, https:\/\/htb.com.pl\/wp-content\/uploads\/2018\/04\/posluchaj-1024x955.jpg 1024w, https:\/\/htb.com.pl\/wp-content\/uploads\/2018\/04\/posluchaj-600x560.jpg 600w, https:\/\/htb.com.pl\/wp-content\/uploads\/2018\/04\/posluchaj.jpg 1158w\" sizes=\"auto, (max-width: 300px) 100vw, 300px\" \/><\/a><br \/>\nTen wpis zamyka tematyk\u0119 potwornych b\u0142\u0119d\u00f3w Rz\u0105du RP na Uchod\u017actwie. Powstanie Warszawskie trwaj\u0105ce od 1 sierpnia do 3 pa\u017adziernika 1944 roku, zamyka ten rozdzia\u0142. Przypomn\u0119, zacz\u0105\u0142 si\u0119 on od napa\u015bci na Czechos\u0142owacj\u0119 w 1938 roku, razem z Niemcami.<br \/>\nPowstanie Warszawskie to 16 tysi\u0119cy zabitych, 15 tysi\u0119cy wzi\u0119tych do niewoli 150 \u2013 200 tysi\u0119cy zabitych w\u015br\u00f3d ludno\u015bci cywilnej, Warszawa w ruinie. Po co? Kto to wymy\u015bli\u0142? Oto kilka fakt\u00f3w kt\u00f3re jako\u015b t\u0142umacz\u0105 t\u0105 g\u0142upot\u0119.<br \/>\n12 &#8211; 13 pa\u017adziernika 1943 rok bitwa pod Lenino &#8211; chrzest bojowy\u00a0 Polskiej Armii, co j\u0105 Stalin pozwoli\u0142 utworzy\u0107 na pro\u015bb\u0119 Sikorskiego, (pisa\u0142em o tym). Sytuacja na froncie wschodnim zmienia si\u0119. Rosjanie i nasi Ko\u015bciuszkowcy w ofensywie.<br \/>\n28 listopada &#8211; 1 grudnia 1943 rok, Konferencja w Teheranie, Stalin rozdaje karty. Mi\u0119dzy innymi zostaje ustalona wschodnia granica Polski i utworzony drugi front. To Ko\u015bciuszkowcy zdecydowali, \u017ce mamy wschodni\u0105 granic\u0119, gdzie b\u0119dzie zachodnia, dopiero wyznacz\u0105. Wiedz\u0105 jak, wiedz\u0105, \u017ce ten szlak bojowy b\u0119dzie znaczony krzy\u017cami na grobach poleg\u0142ych. Ka\u017cdy z nich ma taki krzy\u017c na orze\u0142ku, a wi\u0119kszo\u015b\u0107 tak\u017ce w sercach. Robi si\u0119 tym \u017co\u0142nierzom dzi\u015b wielk\u0105 krzywd\u0119, r\u00f3wnaj\u0105c ich ze stalinowskimi hordami. Oni &#8211; cz\u0119sto wi\u0119\u017aniowie stalinowskich \u0142agr\u00f3w, dobrze wiedzieli co to Stalin. Stalin to wi\u0119zienie lub \u015bmier\u0107. W\u0142a\u015bnie wyszli z wiezienia. \u017beby tam nie wr\u00f3ci\u0107, trzeba mie\u0107 dom, Polsk\u0119. Jedna granic\u0119 tej Polski ju\u017c mieli, teraz trzeba by\u0142o wyznaczy\u0107 drug\u0105.<br \/>\nO Polskim Rz\u0105dzie na Uchod\u017astwie nikt nie pami\u0119ta\u0142, ani alianci w Teheranie, ani Stalin. \u017beby o sobie przypomnie\u0107, nasi politycy zmienili strategie. Sowieci to ju\u017c nie wr\u00f3g, noo chwilowo oczywi\u015bcie i zaproponowali pomoc w walce, Akcja Burza, 12 stycznia 1944 rok. Sowieci mieli drugi front, akcj\u0119 burza mieli gdzie\u015b.<br \/>\nGenera\u0142 Tadeusz B\u00f3r Komorowski, dow\u00f3dca AK, cz\u0142owiek kt\u00f3ry spowodowa\u0142, \u017ce powstanie w Warszawie wybuch\u0142o. Moim zdaniem za charakterystyk\u0119 genera\u0142a Komorowskiego wystarczy napisa\u0107 jedno zdanie. W dzisiejszych czasach, u ministra Antoniego Macierewicza, zrobi\u0142by niebywa\u0142\u0105 karier\u0119. Nie mia\u0142 przygotowania, ani do\u015bwiadczenia w dowodzeniu. By\u0142 za to doskona\u0142ym je\u017ad\u017acem. Bra\u0142 udzia\u0142 w olimpiadzie w Pary\u017cu 1924 roku, natomiast na olimpiadzie w Berlinie 1936 roku, kierowa\u0142 ekip\u0105 je\u017adzieck\u0105. Polacy zdobyli tam srebrny medal. Oficerowie niemieccy, to te\u017c byli zwykle je\u017ad\u017acy i sympatycy tej dyscypliny sportu. Panowie si\u0119 znali. I to moim zdaniem zdecydowa\u0142o, \u017ce premier Rz\u0105du RP na Uchod\u017actwie, Stanis\u0142aw Miko\u0142ajczyk, da\u0142 si\u0119 przekona\u0107 genera\u0142owi Komorowskiemu, \u017ce powstanie w Warszawie ma sens. Ju\u017c widzia\u0142 jak wita sowiet\u00f3w w wolnej Warszawie. Stalin wcze\u015bniej da\u0142 do zrozumienia, \u017ce ma gdzie\u015b akcj\u0119 burza, Hitler natomiast zauwa\u017cy\u0142, \u017ce co\u015b jest na rzeczy w tej Warszawie. Na dzie\u0144 przed wybuchem powstania, wymieni\u0142 tam dow\u00f3dztwo, Rejner Stahel, to on przej\u0105\u0142 dowodzenie. No i tego w\u0142a\u015bnie genera\u0142 Tadeusz B\u00f3r Komorowski nie przewidzia\u0142.<br \/>\nCzasem pr\u00f3buj\u0119 sobie wyobrazi\u0107, co by by\u0142o, gdyby genera\u0142 Tadeusz B\u00f3r Komorowski, zrealizowa\u0142 sw\u00f3j plan. Musz\u0119 przyzna\u0107, \u017ce rzeczywi\u015bcie mia\u0142o to jaki\u015b sens. Kogo\u015b mo\u017ce oburza\u0107, \u017ce napisa\u0142em o znajomo\u015bciach Komorowskiego z niemieckimi oficerami. To nie jest \u017cadna tajemnica. Wprawdzie by\u0142 wzi\u0119ty do niewoli ale ko\u0144ca wojny doczeka\u0142 jako wolny cz\u0142owiek.<br \/>\nGdy pisz\u0119 ten tekst, te\u017c mamy w kraju rz\u0105d podobny do londy\u0144skiego, sk\u0142\u00f3cony ze wszystkimi i nie akceptowany przez nikogo. W\u0142a\u015bnie premierem tego rz\u0105du zosta\u0142 Pan Mateusz Morawiecki. Jedyny cz\u0142owiek w tym rz\u0105dzie, kt\u00f3ry lubi dobre restauracje, cho\u0107by \u201eSowa i Przyjaciele\u201d i zna \u015bwiat finans\u00f3w. Napisa\u0142em wcze\u015bniej, \u017ce to z\u0142y polityk. Teraz jednak, jest moj\u0105 jedyn\u0105 nadzieja na najbli\u017csze lata, je\u017celi chodzi o polska gospodark\u0119. Zwykle gdy mam odda\u0107 g\u0142os na polityka, wybieram takiego, kt\u00f3ry ma pieni\u0105dze i do polityki idzie nie po to, \u017ceby je tam zarabia\u0107. Pan Morawiecki wie jak zarabia\u0107 pieni\u0105dze, b\u0119d\u0119 patrzy\u0142 na jego rz\u0105dy z zainteresowaniem. \u0141ad konstytucyjny mamy rozwalony, mo\u017ce Pan Morawiecki uratuje gospodark\u0119, \u017cycz\u0119 mu tego z ca\u0142ego serca.<br \/>\nNast\u0119pny wpis, Powstanie Styczniowe w mojej ma\u0142ej ojczy\u017anie.<\/div>\n<\/div>\n<\/div>\n<\/div>\n<\/div>\n<\/div>\n<\/div>\n<\/div>\n<div class=\"_5pbx userContent _3576\" data-ft=\"{&quot;tn&quot;:&quot;K&quot;}\"><\/div>\n","protected":false},"excerpt":{"rendered":"<p>\u00a0 9 grudnia 2017\u00a0 \u00b7 \u00a0 Ten wpis zamyka tematyk\u0119 potwornych b\u0142\u0119d\u00f3w Rz\u0105du RP na Uchod\u017actwie. Powstanie Warszawskie trwaj\u0105ce od 1 sierpnia do 3 pa\u017adziernika 1944 roku, zamyka ten rozdzia\u0142. Przypomn\u0119, zacz\u0105\u0142 si\u0119 on od napa\u015bci na Czechos\u0142owacj\u0119 w 1938 roku, razem z Niemcami. Powstanie Warszawskie to 16 tysi\u0119cy zabitych, 15 tysi\u0119cy wzi\u0119tych do niewoli [&hellip;]<\/p>\n","protected":false},"author":1,"featured_media":0,"comment_status":"open","ping_status":"open","sticky":false,"template":"","format":"standard","meta":{"_jetpack_memberships_contains_paid_content":false,"footnotes":""},"categories":[4],"tags":[],"class_list":["post-196","post","type-post","status-publish","format-standard","hentry","category-daty-i-fakty-blog"],"jetpack_sharing_enabled":true,"jetpack_featured_media_url":"","_links":{"self":[{"href":"https:\/\/htb.com.pl\/index.php?rest_route=\/wp\/v2\/posts\/196","targetHints":{"allow":["GET"]}}],"collection":[{"href":"https:\/\/htb.com.pl\/index.php?rest_route=\/wp\/v2\/posts"}],"about":[{"href":"https:\/\/htb.com.pl\/index.php?rest_route=\/wp\/v2\/types\/post"}],"author":[{"embeddable":true,"href":"https:\/\/htb.com.pl\/index.php?rest_route=\/wp\/v2\/users\/1"}],"replies":[{"embeddable":true,"href":"https:\/\/htb.com.pl\/index.php?rest_route=%2Fwp%2Fv2%2Fcomments&post=196"}],"version-history":[{"count":4,"href":"https:\/\/htb.com.pl\/index.php?rest_route=\/wp\/v2\/posts\/196\/revisions"}],"predecessor-version":[{"id":27687,"href":"https:\/\/htb.com.pl\/index.php?rest_route=\/wp\/v2\/posts\/196\/revisions\/27687"}],"wp:attachment":[{"href":"https:\/\/htb.com.pl\/index.php?rest_route=%2Fwp%2Fv2%2Fmedia&parent=196"}],"wp:term":[{"taxonomy":"category","embeddable":true,"href":"https:\/\/htb.com.pl\/index.php?rest_route=%2Fwp%2Fv2%2Fcategories&post=196"},{"taxonomy":"post_tag","embeddable":true,"href":"https:\/\/htb.com.pl\/index.php?rest_route=%2Fwp%2Fv2%2Ftags&post=196"}],"curies":[{"name":"wp","href":"https:\/\/api.w.org\/{rel}","templated":true}]}}