{"id":199,"date":"2018-04-22T12:06:01","date_gmt":"2018-04-22T12:06:01","guid":{"rendered":"http:\/\/htb.com.pl\/?p=199"},"modified":"2018-12-06T08:19:41","modified_gmt":"2018-12-06T08:19:41","slug":"powstanie-styczniowe-w-mojej-malej-ojczyznie","status":"publish","type":"post","link":"https:\/\/htb.com.pl\/?p=199","title":{"rendered":"Powstanie styczniowe w mojej ma\u0142ej ojczy\u017anie"},"content":{"rendered":"<div class=\"p_18_fpesjyd e_18_fpewi1u clearfix\">\n<div class=\"clearfix v_18_fpesitm\">\n<div class=\"clearfix _42ef\">\n<div class=\"c_18_fpesitl\">\n<div>\n<div class=\"_6a _5u5j\">\n<div class=\"_6a _5u5j _6b\">\n<h5 class=\"_14f3 _14f5 _5pbw _5vra\" data-ft=\"{&quot;tn&quot;:&quot;C&quot;}\"><span class=\"fwn fcg\"><span class=\"fwb fcg\" data-ft=\"{&quot;tn&quot;:&quot;;&quot;}\">\u00a0<\/span><\/span><\/h5>\n<div id=\"feed_subtitle_100001376195691;1548150088574183;;9\" class=\"_5pcp _5lel _2jyu _232_\">\n<p><span class=\"fsm fwn fcg\"><a class=\"_5pcq\" href=\"https:\/\/www.facebook.com\/jan.chmura.79\/posts\/1548150088574183\" target=\"\"><abbr class=\"_5ptz\" title=\"16.12.2017 07:51\" data-utime=\"1513407080\" data-shorten=\"1\"><span class=\"timestampContent\">16 grudnia 2017<\/span><\/abbr><\/a>\u00a0<\/span><\/p>\n<div id=\"u_0_16\" class=\"_6a _43_1 _4f-9 _nws _21p0 _fol\"><\/div>\n<\/div>\n<\/div>\n<\/div>\n<\/div>\n<\/div>\n<\/div>\n<\/div>\n<\/div>\n<div class=\"_5pbx userContent _3576\" data-ft=\"{&quot;tn&quot;:&quot;K&quot;}\">\n<p><img loading=\"lazy\" decoding=\"async\" class=\"alignnone size-full wp-image-200\" src=\"http:\/\/htb.com.pl\/wp-content\/uploads\/2018\/04\/powstanie-st.jpg\" alt=\"\" width=\"199\" height=\"154\" \/><a href=\"https:\/\/htb.com.pl\/wp-content\/uploads\/2018\/12\/13-Powstanie-Styczniowe-w-mojej-Ma\u0142ej-Ojczy\u017anie.mp3\"><img loading=\"lazy\" decoding=\"async\" class=\"size-medium wp-image-2020 alignright\" src=\"https:\/\/htb.com.pl\/wp-content\/uploads\/2018\/04\/posluchaj-300x280.jpg\" alt=\"\" width=\"300\" height=\"280\" srcset=\"https:\/\/htb.com.pl\/wp-content\/uploads\/2018\/04\/posluchaj-300x280.jpg 300w, https:\/\/htb.com.pl\/wp-content\/uploads\/2018\/04\/posluchaj-768x716.jpg 768w, https:\/\/htb.com.pl\/wp-content\/uploads\/2018\/04\/posluchaj-1024x955.jpg 1024w, https:\/\/htb.com.pl\/wp-content\/uploads\/2018\/04\/posluchaj-600x560.jpg 600w, https:\/\/htb.com.pl\/wp-content\/uploads\/2018\/04\/posluchaj.jpg 1158w\" sizes=\"auto, (max-width: 300px) 100vw, 300px\" \/><\/a><br \/>\nW jednym z moich poprzednich wpis\u00f3w, pisa\u0142em o najwi\u0119kszej bitwie partyzanckiej II wojny \u015bwiatowej, bitwie na Porytowym Wzg\u00f3rzu. Ten wpis, chc\u0119 po\u015bwi\u0119ci\u0107 najwi\u0119kszej bitwie Powstania Styczniowego. (22 stycznia 1863 rok) Rozegra\u0142a si\u0119 ona kilkadziesi\u0105t kilometr\u00f3w od Porytowego Wzg\u00f3rza, pod wsi\u0105 Panas\u00f3wka. To rejon Zwierzy\u0144ca nad Wieprzem.<br \/>\nBitwa pod Panas\u00f3wk\u0105 \u2013\u00a0 to jedna z najwi\u0119kszych bitew powstania styczniowego. Stoczona\u00a0 przez oddzia\u0142 (700\u2013800 ludzi) dowodzony przez pu\u0142kownika Marcina \u201eLelewela\u201d Borelowskiego, do kt\u00f3rego do\u0142\u0105czy\u0142 400-osobowy oddzia\u0142 Kajetana \u201e\u0106wieka\u201d Cieszkowskiego, z wojskami rosyjskimi pod dow\u00f3dztwem majora Sternberga (r\u00f3\u017cne \u017ar\u00f3d\u0142a podaj\u0105 od 3000 do 4000 \u017co\u0142nierzy). Oddzia\u0142y rosyjskie sk\u0142ada\u0142y si\u0119 z 5 rot piechoty, szwadronu dragon\u00f3w oraz dw\u00f3ch sotni Kozak\u00f3w. Rosjanie posiadali te\u017c cztery dzia\u0142a.<br \/>\nPrzebieg bitwy<br \/>\nBorelowski dowodzi\u0142 polskimi si\u0142ami ze wzg\u00f3rza Polak (Rosjanie z s\u0105siedniego wzg\u00f3rza \u201ePod Moskalem\u201d), na kt\u00f3rym stoi obecnie pomnik powsta\u0144c\u00f3w oraz umieszczone s\u0105 tablice z opisami w j\u0119zyku polskim i w\u0119gierskim.<br \/>\nPo ostrzale artyleryjskim na pozycje powsta\u0144cze ruszy\u0142a piechota nieprzyjaciela. Jednak Rosjanie zostali zatrzymani, a nast\u0119pnie zaatakowani przez polsk\u0105 kawaleri\u0119 wspieran\u0105 przez kosynier\u00f3w. Pierwsze natarcie nie powiod\u0142o si\u0119. Dopiero za drugim razem Polacy przedarli si\u0119 przez linie wroga, a kosynierzy uszkodzili rosyjskie dzia\u0142a.<br \/>\nPo polskiej stronie oddzia\u0142em piechoty dowodzi\u0142 konno w\u0119gierski arystokrata major Edward Ny\u00e1ry. W czasie bitwy zosta\u0142 najpierw trafiony kul\u0105 w nog\u0119, a nast\u0119pnie w brzuch. Zmar\u0142 w lazarecie nast\u0119pnego dnia, 4 wrze\u015bnia.<br \/>\nPo bitwie oddzia\u0142y powsta\u0144cze roz\u0142\u0105czy\u0142y si\u0119. Borelowski uda\u0142 si\u0119 w kierunku Batorza, a Cieszkowski na p\u00f3\u0142nocny zach\u00f3d.<br \/>\nStraty polskie w bitwie wynios\u0142y 35 zabitych i 100 rannych. Po stronie rosyjskiej zabitych i rannych by\u0142o 360 \u017co\u0142nierzy.<br \/>\nZbiorowa mogi\u0142a poleg\u0142ych znajduje si\u0119 przy wje\u017adzie do Zwierzy\u0144ca. Oddzielny gr\u00f3b ma tylko major Ny\u00e1ry.<br \/>\nW moim rodzinnym domu, o Powstaniu Styczniowym m\u00f3wi\u0142o si\u0119 ma\u0142o. Je\u017celi ju\u017c to si\u0119 \u015bpiewa\u0142o. Mama z Tat\u0105 pi\u0119knie \u015bpiewali pie\u015b\u0144 &#8221; Za Niemen hen precz&#8221;. a jak Tata Mam\u0119 wnerwi\u0142 np. popi\u0142, Mama \u015bpiewa\u0142a tak;<br \/>\nKrakowiaczek jeden<br \/>\nmia\u0142 konik\u00f3w siedem,<br \/>\npojecha\u0142 na wojn\u0119<br \/>\nzosta\u0142 mu si\u0119 jeden,<\/p>\n<p>siedem lat wojowa\u0142<br \/>\nszabli nie wyjmowa\u0142,<br \/>\nszabla zardzewia\u0142a<br \/>\nwojny nie widzia\u0142a..<\/p>\n<p>Kiedy\u015b mi wyja\u015bni\u0142a, \u017ce pradziadek Taty po Rze\u017ai Galicyjskiej, Powstaniu Jakuba Szeli,(luty 1846 rok) jako sierota znalaz\u0142 si\u0119 w okolicach Zaklikowa. Pracowa\u0142 jako parobek u gospodarzy i walczy\u0142 o ziemi\u0119 dla siebie. Opowiada\u0142, \u017ce jak by\u0142 dzieckiem. mieszka\u0142 ko\u0142o Krakowa, mia\u0142 rodzin\u0119 i siedem koni, ale wszystkich wymordowali ch\u0142opi, dlatego brzydzi\u0142 si\u0119 wszelk\u0105 przemoc\u0105. To by\u0142o tematem \u017cart\u00f3w. Jak Tata nie s\u0142ucha\u0142, Mama dodawa\u0142a, \u017ce podobno pradziadek Taty by\u0142 bardzo przystojny i panny stworzy\u0142y mu tak\u0105 w\u0142a\u015bnie przy\u015bpiewk\u0119, takiego krakowiaka. Jednak jak wybuch\u0142o Powstanie Styczniowe, poszed\u0142 do powstania. Bra\u0142 udzia\u0142 w bitwie pod Panas\u00f3wka. W 1864 roku ukazem carskim otrzyma\u0142 ziemi\u0119 w Kolonii \u0141ysak\u00f3w (Parama).<br \/>\nJa o Powstaniu Styczniowym wiem natomiast to. M\u0142odych ch\u0142opak\u00f3w chciano zabra\u0107 do carskiego wojska (branka). Ci zamiast do wojska zwiali do lasu, a by\u0142a zima. Zauwa\u017cyli to \u017ali politycy i nieszcz\u0119\u015bcie gotowe. Powstanie, Romuald Traugutt, dyktator powstania. Na pocz\u0105tku by\u0142o fajnie, pan z dworu jak jecha\u0142 do ko\u015bcio\u0142a, to do bryczki zaprasza\u0142 swych s\u0105siad\u00f3w, ch\u0142op\u00f3w. Wszyscy byli jedno. Obieca\u0142 im nawet, \u017ce ich uw\u0142aszczy, da ziemi\u0119. Tylko jak si\u0119 okaza\u0142o, \u017ce ma da\u0107 swoj\u0105 ziemi\u0119, zmieni\u0142 zdanie. Carowi bardzo spodoba\u0142 si\u0119 pomys\u0142 z uw\u0142aszczeniem ch\u0142op\u00f3w i to zrobi\u0142. Da\u0142 ch\u0142opom ziemie tak jak obiecali to nasi panowie, ich ziemi\u0119, znaczy pan\u00f3w da\u0142. Musz\u0119 przyzna\u0107, sprytny by\u0142 ten car. Ch\u0142opi kosy co mieli na sztorc, zgi\u0119li i poszli kosi\u0107 \u017cyto, a panowie mieli koszmar. Czyli nic nowego. Najpierw powstanie, a potem, jako\u015b to b\u0119dzie. Nie b\u0119dzie, nigdy nie b\u0119dzie. Nie da si\u0119 w walczy\u0107 z regularnym, karnym, wyszkolonym wojskiem, nie maj\u0105c o walce zielonego poj\u0119cia. Jak widz\u0119 Antoniego Macierewicza i jego Obron\u0119 Terytorialn\u0105, przypomina mi si\u0119 romantyzm. Kiedy\u015b na lekcji polskiego by\u0142em pytany o powstanie styczniowe. Mia\u0142em powiedzie\u0107, o pozytywnych aspektach powstania. Powiedzia\u0142em, \u017ce najwi\u0119kszym zwyci\u0119stwem powstania by\u0142 koniec romantyzmu (1864rok). Ucieszy\u0142o to Pani\u0105 nauczycielk\u0119, wyci\u0105gn\u0119\u0142a nawet niebieski d\u0142ugopis. Czerwony, kt\u00f3rym wpisywa\u0142a oceny niedostateczne, ostatecznie od\u0142o\u017cy\u0142a na biurko. Chcia\u0142a jeszcze wiedzie\u0107, co to jest romantyzm. Odpowiedzia\u0142em, \u017ce Polacy w\u0142asn\u0105 g\u0142upot\u0119 nazwali romantyzmem. Pani chwil\u0119 my\u015bla\u0142a, niebieski d\u0142ugopis po\u0142o\u017cy\u0142a obok czerwonego, my\u015bla\u0142a, i nic nie wpisa\u0142a do dziennika. Pawlak w \u201eKochaj albo rzu\u0107\u201d m\u00f3wi\u0142, \u017ce od my\u015blenia, to tylko g\u0142owa boli. Tu nie mog\u0119 si\u0119 z nim zgodzi\u0107. Zanim si\u0119 co\u015b zrobi, zawsze trzeba pomy\u015ble\u0107. Konfederaci barscy, Targowica, Pi\u0142sudski, Dmowski, Rz\u0105d RP na Uchod\u017actwie, czy obecny rz\u0105d w Polsce. To nigdy by si\u0119 nie zdarzy\u0142o, gdyby\u015bmy pomy\u015bleli, gdyby\u015bmy wyobrazili sobie skutki swoich dzia\u0142a\u0144. Na popraw\u0119 nigdy nie jest za p\u00f3\u017ano. W powstaniu styczniowym za\u0142atwi\u0142 nas car Aleksander II, teraz Prezydent Putin i jego GRU. (pisa\u0142em o tym) Czemu My Polacy zawsze musimy si\u0119 da\u0107 rolowa\u0107 jakim\u015b &#8211; a \u2026<br \/>\nGdy pisz\u0119 te s\u0142owa w telewizji przemawia Pan Jaros\u0142aw Kaczy\u0144ski. M\u00f3wi o ofiarach stanu wojennego. Panie Kaczy\u0144ski, Katastrofa Smole\u0144ska to 96 ofiar \u015bmiertelnych. Pa\u0144ska polityka \u201ew\u0119gla i stali\u201d to smog, kt\u00f3ry zabija prawie 50 000 Polak\u00f3w rocznie. Po co Panu jeszcze wojna domowa, czy naprawd\u0119 nie wystarczy tych ofiar?<br \/>\nPisa\u0142em , \u017ce rz\u0105dzenie to wywo\u0142ywanie a potem \u0142agodzenie konflikt\u00f3w. Mam inne do\u015bwiadczenia. Moja definicja to. Rz\u0105dzenie polega na wydawaniu tylko takich polece\u0144, kt\u00f3re zostan\u0105 wykonane. S\u0142ucha\u0142em expose\u2019 Premiera Mateusza Morawieckiego, m\u00f3wi\u0142 o tym jak b\u0119dzie rz\u0105dzi\u0142. \u017badna z definicji nie pasuje. Ale trzeba mie\u0107 nadziej\u0119, no mam, mam nadziej\u0119 &#8211; \u017ce si\u0119 myl\u0119.<br \/>\nNast\u0119pny wpis, Napoleon Bonaparte.<\/p>\n<\/div>\n","protected":false},"excerpt":{"rendered":"<p>\u00a0 16 grudnia 2017\u00a0 W jednym z moich poprzednich wpis\u00f3w, pisa\u0142em o najwi\u0119kszej bitwie partyzanckiej II wojny \u015bwiatowej, bitwie na Porytowym Wzg\u00f3rzu. Ten wpis, chc\u0119 po\u015bwi\u0119ci\u0107 najwi\u0119kszej bitwie Powstania Styczniowego. (22 stycznia 1863 rok) Rozegra\u0142a si\u0119 ona kilkadziesi\u0105t kilometr\u00f3w od Porytowego Wzg\u00f3rza, pod wsi\u0105 Panas\u00f3wka. To rejon Zwierzy\u0144ca nad Wieprzem. Bitwa pod Panas\u00f3wk\u0105 \u2013\u00a0 to [&hellip;]<\/p>\n","protected":false},"author":1,"featured_media":0,"comment_status":"open","ping_status":"open","sticky":false,"template":"","format":"standard","meta":{"_jetpack_memberships_contains_paid_content":false,"footnotes":""},"categories":[4],"tags":[],"class_list":["post-199","post","type-post","status-publish","format-standard","hentry","category-daty-i-fakty-blog"],"jetpack_sharing_enabled":true,"jetpack_featured_media_url":"","_links":{"self":[{"href":"https:\/\/htb.com.pl\/index.php?rest_route=\/wp\/v2\/posts\/199","targetHints":{"allow":["GET"]}}],"collection":[{"href":"https:\/\/htb.com.pl\/index.php?rest_route=\/wp\/v2\/posts"}],"about":[{"href":"https:\/\/htb.com.pl\/index.php?rest_route=\/wp\/v2\/types\/post"}],"author":[{"embeddable":true,"href":"https:\/\/htb.com.pl\/index.php?rest_route=\/wp\/v2\/users\/1"}],"replies":[{"embeddable":true,"href":"https:\/\/htb.com.pl\/index.php?rest_route=%2Fwp%2Fv2%2Fcomments&post=199"}],"version-history":[{"count":3,"href":"https:\/\/htb.com.pl\/index.php?rest_route=\/wp\/v2\/posts\/199\/revisions"}],"predecessor-version":[{"id":2566,"href":"https:\/\/htb.com.pl\/index.php?rest_route=\/wp\/v2\/posts\/199\/revisions\/2566"}],"wp:attachment":[{"href":"https:\/\/htb.com.pl\/index.php?rest_route=%2Fwp%2Fv2%2Fmedia&parent=199"}],"wp:term":[{"taxonomy":"category","embeddable":true,"href":"https:\/\/htb.com.pl\/index.php?rest_route=%2Fwp%2Fv2%2Fcategories&post=199"},{"taxonomy":"post_tag","embeddable":true,"href":"https:\/\/htb.com.pl\/index.php?rest_route=%2Fwp%2Fv2%2Ftags&post=199"}],"curies":[{"name":"wp","href":"https:\/\/api.w.org\/{rel}","templated":true}]}}