{"id":20283,"date":"2020-03-27T07:54:05","date_gmt":"2020-03-27T07:54:05","guid":{"rendered":"https:\/\/htb.com.pl\/?p=20283"},"modified":"2020-03-27T09:40:53","modified_gmt":"2020-03-27T09:40:53","slug":"koronawisus-i-my","status":"publish","type":"post","link":"https:\/\/htb.com.pl\/?p=20283","title":{"rendered":"Koronawisus i my"},"content":{"rendered":"\n<p>24.03.2010. &#8211; zmar\u0142 ks. Henryk Borz\u0119cki, <img loading=\"lazy\" decoding=\"async\" width=\"150\" height=\"78\" class=\"wp-image-20285\" style=\"width: 150px;\" src=\"https:\/\/htb.com.pl\/wp-content\/uploads\/2020\/03\/ks.-Bo\u017c\u0119cki.png\" alt=\"\" srcset=\"https:\/\/htb.com.pl\/wp-content\/uploads\/2020\/03\/ks.-Bo\u017c\u0119cki.png 540w, https:\/\/htb.com.pl\/wp-content\/uploads\/2020\/03\/ks.-Bo\u017c\u0119cki-300x156.png 300w\" sizes=\"auto, (max-width: 150px) 100vw, 150px\" \/> proboszcz parafii Bia\u0142opole na Lubelszczy\u017anie &#8211; koronawirus. To pierwsza ofiara pandemii,  kt\u00f3r\u0105 zna\u0142em, a dziewi\u0105ta w Polsce. Nasze pierwsze spotkanie, by\u0142o w J\u00f3zefowie Bi\u0142gorajskim, gdy by\u0142em uczniem ostatniej klasy Technikum Drzewnego w Zwierzy\u0144cu, kolejne by\u0142o pi\u0119\u0107 lat p\u00f3\u017aniej w Wilkowie. <img loading=\"lazy\" decoding=\"async\" width=\"150\" height=\"113\" class=\"wp-image-20286\" style=\"width: 150px;\" src=\"https:\/\/htb.com.pl\/wp-content\/uploads\/2020\/03\/kWilk\u00f3w.jpg\" alt=\"\" srcset=\"https:\/\/htb.com.pl\/wp-content\/uploads\/2020\/03\/kWilk\u00f3w.jpg 800w, https:\/\/htb.com.pl\/wp-content\/uploads\/2020\/03\/kWilk\u00f3w-300x225.jpg 300w, https:\/\/htb.com.pl\/wp-content\/uploads\/2020\/03\/kWilk\u00f3w-768x576.jpg 768w, https:\/\/htb.com.pl\/wp-content\/uploads\/2020\/03\/kWilk\u00f3w-600x450.jpg 600w\" sizes=\"auto, (max-width: 150px) 100vw, 150px\" \/> Ksi\u0105dz Henryk by\u0142 tam wikariuszem. Obydwa spotkanie \u0142\u0105czy Majka ale nie ta sama. W J\u00f3zefowie pozna\u0142em Majk\u0119, kt\u00f3ra przypomina\u0142a Pani\u0105 Mari\u0119, to by\u0142 1978 rok. Ta znajomo\u015b\u0107 d\u0142ugo nie przetrwa\u0142a i tylko t\u0119sknot\u0119 spowodowa\u0142a. W 1986 roku Pani Maria wr\u00f3ci\u0142a i jak tamta sw\u0105 inteligencj\u0105 mnie i ksi\u0119dza Henryka zachwyca\u0142a. By\u0142 to czas, gdy Marysia mord na ks. Popie\u0142uszce wyja\u015bnia\u0142a i cz\u0119sto z duchownymi si\u0119 spotyka\u0142a.<\/p>\n\n\n\n<p> Ksi\u0119dza Henryka \u017cegnam pie\u015bni\u0105, kt\u00f3r\u0105 \u017ce\u015bmy si\u0119 z Marysi\u0105 \u017cegnali. Gdy j\u0105 w trumnie z ko\u015bcio\u0142a wynoszono, ludzie t\u0105 w\u0142a\u015bnie pie\u015b\u0144 \u015bpiewali.<\/p>\n\n\n\n<p>Oby si\u0119 tam spotkali i znowu razem za\u015bpiewali.<\/p>\n\n\n\n<figure class=\"wp-block-embed-youtube wp-block-embed is-type-video is-provider-youtube wp-embed-aspect-16-9 wp-has-aspect-ratio\"><div class=\"wp-block-embed__wrapper\">\n<iframe loading=\"lazy\" title=\"P\u00f3jd\u017a do Jezusa S\u0142uchaj Jezu HD\" width=\"848\" height=\"477\" src=\"https:\/\/www.youtube.com\/embed\/XoKyhlKAnqY?feature=oembed\" frameborder=\"0\" allow=\"accelerometer; autoplay; encrypted-media; gyroscope; picture-in-picture\" allowfullscreen><\/iframe>\n<\/div><\/figure>\n\n\n\n<p>Wiele takich spotka\u0144  Marysi z duchownymi opisa\u0142em i kolejne opisa\u0107 obieca\u0142em. Dzi\u015b opisz\u0119 takie, kt\u00f3re dotyczy\u0142o podatku VAT. Ten podatek dla Marysi by\u0142 tak wa\u017cny, \u017ce nasze spotkanie po dziesi\u0119ciu latach w\u0142a\u015bnie od tego rozpocz\u0119\u0142a. Cytat: <\/p>\n\n\n\n<blockquote class=\"wp-block-quote is-layout-flow wp-block-quote-is-layout-flow\"><p><em> <a href=\"https:\/\/htb.com.pl\/?p=246\">Przyjecha\u0142am na spotkanie ze zwi\u0105zkowcami w Stalowej Woli. Mam wysondowa\u0107, czy zgodz\u0105 si\u0119 przej\u0105\u0107 sw\u00f3j zak\u0142ad pracy i zaakceptuj\u0105 wprowadzenia VAT zamiast podatku obrotowego. Po co podatek, zapyta\u0142em. Pa\u0144stwo musi mie\u0107 pieni\u0105dze na szpitale, szko\u0142y, wojsko, milicj\u0119, administracj\u0119 itp. A jaka jest r\u00f3\u017cnica; VAT i obrotowy dla pracownika. Ogromna, VAT umo\u017cliwi kooperacj\u0119, pracownicy b\u0119d\u0105 mogli wzi\u0105\u0107 maszyny do domu, postawi\u0107 w stodole, utworzy\u0107 firm\u0119 i pracowa\u0107. B\u0119d\u0105 robi\u0107 to samo co teraz, tylko zamiast raportu, b\u0119d\u0105 wystawia\u0107 faktury i bra\u0107 za to pieni\u0105dze. A z obrotowym tak&nbsp; nie mo\u017cna? Nie \u2013 podatek obrotowy, kt\u00f3ry trzeba by zap\u0142aci\u0107 od ka\u017cdej faktury wystawionej przez kooperanta, spowodowa\u0142by, \u017ce cena wyrobu gotowego, by\u0142aby astronomiczna. VAT to podatek od warto\u015bci dodanej, wszyscy kooperanci p\u0142ac\u0105 go wsp\u00f3lnie, ka\u017cdy proporcjonalnie do wysoko\u015bci wystawionej faktury <\/a><\/em>&#8220;.<\/p><\/blockquote>\n\n\n\n<p>Jesie\u0144 1986 rok, Majka w Warszawie kombinowa\u0142a meble do swojego mieszkania, dwa male pokoje by\u0142y puste.  Meble w kuchni zostawi\u0142 poprzedni w\u0142a\u015bciciel, bo nie da\u0142o si\u0119 tego zdemontowa\u0107 (boazeria). Meble do salonu podarowa\u0142 jej w\u0142oski duchowny. To by\u0142o nawet ciekawe. Zanim przyby\u0142 do Polski pracowa\u0142 w Watykanie. By\u0142 odpowiedzialny za sprowadzenie mebli kardyna\u0142a Wojty\u0142y, gdy zosta\u0142 Papie\u017cem (16 pa\u017adziernik 1978 rok). Wys\u0142a\u0142 ogromn\u0105 ci\u0119\u017car\u00f3wk\u0119 do Wadowic i ta wr\u00f3ci\u0142a pusta. Wszystko co mia\u0142 Wojty\u0142a kierowca zmie\u015bci\u0142 w kabinie. Gdy w 1986 roku razem nuncjuszem apostolskim, kardyna\u0142em   Francesco Colasuonno  przyby\u0142 do Polski, zabra\u0142 swoje meble na t\u0105 sam\u0105 ci\u0119\u017car\u00f3wk\u0119. Ledwo si\u0119 zmie\u015bci\u0142y. By\u0142a to ogromna przeszklona witryna i druga naro\u017cna &#8211; mniejsza, kanapa z mo\u017cliwo\u015bci\u0105 spania, \u0142awa, dwa fotele i owalny st\u00f3\u0142, przy kt\u00f3rym sta\u0142o 12 krzese\u0142. Gdy zobaczy\u0142, \u017ce w Polsce jego mieszkanie jest umeblowane antykami, b\u0142aga\u0142 Marysi\u0119 \u017ceby sobie wszystko co jest na ci\u0119\u017car\u00f3wce wzi\u0119\u0142a. Majka meble roz\u0142adowa\u0142a, ci\u0119\u017car\u00f3wk\u0119 &#8220;Ka\u0142achami&#8221; za\u0142adowa\u0142a i do Hiszpanii wys\u0142a\u0142a. Tak swoich dawnych towarzyszy broni w walce z terrorystami ETA obdarowa\u0142. W Polsce rzadko do kogo\u015b strzela\u0142a &#8211; je\u017celi ju\u017c to w pysk la\u0142a i o gospodarce rynkowej opowiada\u0142a. A VAT by\u0142 podstaw\u0105, tych opowie\u015bci, bo umo\u017cliwia\u0142 finansowanie pa\u0144stwa, stwarza\u0142 mechanizm kooperacji, a to zwi\u0119ksza\u0142o wydajno\u015b\u0107 pracy. Dlatego na zachodzie gdzie VAT si\u0119 stosowa\u0142o, mebli nie brakowa\u0142o, a w mieszkaniu Majki dwa pokoje puste sta\u0142o. Do jednego desk\u0119 kre\u015blarsk\u0105 <img loading=\"lazy\" decoding=\"async\" width=\"150\" height=\"253\" class=\"wp-image-20293\" style=\"width: 150px;\" src=\"https:\/\/htb.com.pl\/wp-content\/uploads\/2020\/03\/deskak.png\" alt=\"\" srcset=\"https:\/\/htb.com.pl\/wp-content\/uploads\/2020\/03\/deskak.png 320w, https:\/\/htb.com.pl\/wp-content\/uploads\/2020\/03\/deskak-178x300.png 178w\" sizes=\"auto, (max-width: 150px) 100vw, 150px\" \/> wstawi\u0142a, a do drugiego meble Alik <img loading=\"lazy\" decoding=\"async\" width=\"150\" height=\"271\" class=\"wp-image-20361\" style=\"width: 150px;\" src=\"https:\/\/htb.com.pl\/wp-content\/uploads\/2020\/03\/alik-dwa.png\" alt=\"\" srcset=\"https:\/\/htb.com.pl\/wp-content\/uploads\/2020\/03\/alik-dwa.png 352w, https:\/\/htb.com.pl\/wp-content\/uploads\/2020\/03\/alik-dwa-166x300.png 166w\" sizes=\"auto, (max-width: 150px) 100vw, 150px\" \/> sobie<strong> za\u0142atwi\u0142a<\/strong>.<\/p>\n\n\n\n<p>Za\u0142atwianie to takie dzisiejsze kupowanie &#8211; wr\u00f3ci, gdy si\u0119 nie sko\u0144czy gospodarki rynkowej rujnowanie. Dla tych co nie pami\u0119taj\u0105 opisz\u0119, \u017ceby zapami\u0119tali i polityk\u00f3w bez wyobra\u017ani nie popierali. <\/p>\n\n\n\n<p>Przewodnicz\u0105cym Rady Parafialnej w jednej z zaprzyja\u017anionych z Marysi\u0105 parafii, by\u0142 kierownik Sklepu Meblowego. Majk\u0119 ksi\u0119\u017ca, a szczeg\u00f3lnie m\u0142odzi bardzo lubili. W fajnych wycieruchach chodzi\u0142a, dolarami p\u0142aci\u0142a i rozumia\u0142a, czemu tak na ni\u0105 patrzyli. Kartami z aktami kobiet ich obdarowywa\u0142a i tym te\u017c sympati\u0119 zdobywa\u0142a. To oni kierownikowi polecili, aby Olszty\u0144skie Fabryki Mebli zestaw Alik Majce dostarczyli. Strasznie te meble \u017ce\u015bmy z nimi opili i o gospodarce rynkowej, co j\u0105 w Polsce wprowadzi\u0107 trzeba, gaw\u0119dzili. Ksi\u0119\u017ca tego co jest bronili &#8211;  we \u0142bach im si\u0119 poprzewraca, m\u00f3wili. A co z nami b\u0119dzie, pytali &#8211; jeszcze tego brakuje, \u017ceby\u015bmy VAT od tacy odprowadzali. Tak Majk\u0119 zaatakowali. Ona si\u0119 broni\u0142a i tak potrzeb\u0119 reform wyja\u015bni\u0142a. Na tac\u0119 dar Bogu sk\u0142adamy i tego co boskie Jaruzelskiemu nie oddamy. Jakie masz miesi\u0119czne koszty, zapyta\u0142a jednego z ksi\u0119\u017cy. 900 z\u0142. wydaj\u0119 na paliwo. Za\u0142\u00f3\u017cmy, \u017ce to jest netto, czyli z VAT, kt\u00f3rego jest 10 %. b\u0119dzie 990 z\u0142. My z Jasiem zamawiamy u ciebie \u015blub i dajemy 1000 z\u0142. netto, czyli z VAT 1100. To jest tw\u00f3j przych\u00f3d, wystawiasz nam faktur\u0119. Na naszej VAT-u jest 100 z\u0142. na tej z CPN 90 z\u0142, odejmujesz to od VAT-u z przychod\u00f3w i oddajesz  Polsce 10 z\u0142. do jej dochod\u00f3w. My z Jasiem st\u00f3w\u0119 zap\u0142acimy, bo my VAT-u sobie nie odliczymy ale tylko tak kraj odd\u0142u\u017cymy, wydajno\u015b\u0107 pracy zwi\u0119kszymy i meble kupimy, a nie za\u0142atwimy. Lepiej \u017ceby\u015bcie mnie pos\u0142uchali, a nie tych co wam dary przysy\u0142ali &#8211; ja ich znam, oni jeszcze nigdy nic nikomu nie dali. Na Jaruzelskiego w RWE nadawali, a sami w Hiszpanii do dziennikarzy jak do kaczek strzelali &#8211; gdy ci g\u0142upoty pisali i ludzi podburzali.Wy &#8211; ksi\u0119\u017ca, nauczyciele, publicy\u015bci i dziennikarze odpowiadacie za ludzi, do kt\u00f3rych si\u0119 zwracacie, bo tak ich nauczacie. Oni Bli\u017aniego mi\u0142owa\u0107 powinni, powiedzcie to im &#8211;  bo to Bogu i Polsce jeste\u015bcie winni. <\/p>\n\n\n\n<p>Nie powiedzieli jak Bli\u017aniego mi\u0142owa\u0107 i dzi\u015b ludzi na kwarantannach trzeba kontrolowa\u0107. Oni sami wiedzie\u0107 powinni, \u017ce tak walcz\u0105 ze \u015bmierci\u0105. Sami sobie jeste\u015bmy to winni.<\/p>\n\n\n\n<p>25.03.2020. &#8211; na wezwanie Papie\u017ca Franciszka o godzinie 12 zabi\u0142y dzwony i odm\u00f3wili\u015bmy Ojcze Nasz za chorych, zmar\u0142ych i s\u0142u\u017cby medyczne. Marysia t\u0105 modlitw\u0119 po \u0141acinie odmawia\u0142a &#8211; ja s\u0142abo \u0142aci\u0144ski obrz\u0105dek pami\u0119ta\u0142em i zwykle tylko s\u0142ucha\u0142em ale bardzo tak\u0105 modlitw\u0119 przezywa\u0142em. Teraz te\u017c tak chcia\u0142em i Papie\u017ca pos\u0142ucha\u0142em.<\/p>\n\n\n\n<figure class=\"wp-block-embed-youtube wp-block-embed is-type-video is-provider-youtube wp-embed-aspect-16-9 wp-has-aspect-ratio\"><div class=\"wp-block-embed__wrapper\">\n<iframe loading=\"lazy\" title=\"Pater Noster - Jan Pawe\u0142 II\" width=\"848\" height=\"477\" src=\"https:\/\/www.youtube.com\/embed\/K-0IM6wokL0?feature=oembed\" frameborder=\"0\" allow=\"accelerometer; autoplay; encrypted-media; gyroscope; picture-in-picture\" allowfullscreen><\/iframe>\n<\/div><\/figure>\n\n\n\n<p>Koronawirus to nie jest nasz jedyny problem. Za\u0142amanie gospodarki jest gorsze &#8211; przyniesie znacznie wi\u0119cej ofiar. Kilka razy Polska by\u0142a na takim zakr\u0119cie. Upadek Jagiellon\u00f3w<em> (7 lipca 1572 zmar\u0142 bezpotomnie ostatni z Jagiellon\u00f3w, kr\u00f3l Polski Zygmunt II August)<\/em> sprawi\u0142, \u017ce Polska z map Europy znikn\u0119\u0142a, bo szlachta za magnateri\u0119 si\u0119 wzi\u0119\u0142a. W 1981 roku Jaruzelski nas uratowa\u0142, a 1995 J\u00f3zef Oleksy Inkubator Przedsi\u0119biorczo\u015bci i pierwsz\u0105 w Polsce Specjaln\u0105 Stref\u0119 Ekonomiczna w Mielcu zbudowa\u0142. <a href=\"https:\/\/htb.com.pl\/?p=155\">Po dziurze Bauca 2002 rok<\/a> Leszek Miller Grzegorza Ko\u0142odk\u0119 na ministra finans\u00f3w desygnowa\u0142 &#8211; ten uruchomi\u0142 eksport i znowu Polsk\u0119 uratowa\u0142.  Po wej\u015bciu do Unii Europejskiej (1 maja 2004 rok) wszyscy \u017ce\u015bmy uznali, \u017ce to komuni\u015bci &#8211; ci co nas ratowali i ze sceny politycznej \u017ce\u015bmy ich w&#8230;bali.<\/p>\n\n\n\n<p>\u017beby\u015bmy b\u0142\u0119du czas\u00f3w Jagiellon\u00f3w nie powt\u00f3rzyli, trzeba aby\u015bmy znowu ludzi z wyobra\u017ania do rz\u0105du dopu\u015bcili. Oni dzisiejszej magnaterii &#8211; du\u017cym przedsi\u0119biorcom, kt\u00f3rych stworzyli<a href=\"https:\/\/www.brw.pl\/\"> (BRW)<\/a> pomog\u0105, a ci pomog\u0105 nam. Scenariusz co b\u0119dzie jak tak nie zrobimy znam. Marysia przed nim ostrzega\u0142a i nawet Wojn\u0119 Peloponesk\u0105, <a href=\"https:\/\/htb.com.pl\/?p=852\"><img loading=\"lazy\" decoding=\"async\" width=\"119\" height=\"160\" class=\"wp-image-856\" style=\"width: 119px;\" src=\"https:\/\/htb.com.pl\/wp-content\/uploads\/2018\/06\/Tukidydes.jpg\" alt=\"\"><\/a> tak\u0105 ksi\u0105\u017ck\u0119 w w kt\u00f3rej Tikudydes to opisa\u0142 mi podarowa\u0142a.<\/p>\n","protected":false},"excerpt":{"rendered":"<p>24.03.2010. &#8211; zmar\u0142 ks. Henryk Borz\u0119cki, proboszcz parafii Bia\u0142opole na Lubelszczy\u017anie &#8211; koronawirus. To pierwsza ofiara pandemii, kt\u00f3r\u0105 zna\u0142em, a dziewi\u0105ta w Polsce. Nasze pierwsze spotkanie, by\u0142o w J\u00f3zefowie Bi\u0142gorajskim, gdy by\u0142em uczniem ostatniej klasy Technikum Drzewnego w Zwierzy\u0144cu, kolejne by\u0142o pi\u0119\u0107 lat p\u00f3\u017aniej w Wilkowie. Ksi\u0105dz Henryk by\u0142 tam wikariuszem. Obydwa spotkanie \u0142\u0105czy Majka [&hellip;]<\/p>\n","protected":false},"author":1,"featured_media":20407,"comment_status":"open","ping_status":"open","sticky":false,"template":"","format":"standard","meta":{"_jetpack_memberships_contains_paid_content":false,"footnotes":""},"categories":[4],"tags":[583,584],"class_list":["post-20283","post","type-post","status-publish","format-standard","has-post-thumbnail","hentry","category-daty-i-fakty-blog","tag-korona-wirus","tag-kryzys"],"jetpack_sharing_enabled":true,"jetpack_featured_media_url":"https:\/\/htb.com.pl\/wp-content\/uploads\/2020\/03\/August.jpg","_links":{"self":[{"href":"https:\/\/htb.com.pl\/index.php?rest_route=\/wp\/v2\/posts\/20283","targetHints":{"allow":["GET"]}}],"collection":[{"href":"https:\/\/htb.com.pl\/index.php?rest_route=\/wp\/v2\/posts"}],"about":[{"href":"https:\/\/htb.com.pl\/index.php?rest_route=\/wp\/v2\/types\/post"}],"author":[{"embeddable":true,"href":"https:\/\/htb.com.pl\/index.php?rest_route=\/wp\/v2\/users\/1"}],"replies":[{"embeddable":true,"href":"https:\/\/htb.com.pl\/index.php?rest_route=%2Fwp%2Fv2%2Fcomments&post=20283"}],"version-history":[{"count":23,"href":"https:\/\/htb.com.pl\/index.php?rest_route=\/wp\/v2\/posts\/20283\/revisions"}],"predecessor-version":[{"id":20416,"href":"https:\/\/htb.com.pl\/index.php?rest_route=\/wp\/v2\/posts\/20283\/revisions\/20416"}],"wp:featuredmedia":[{"embeddable":true,"href":"https:\/\/htb.com.pl\/index.php?rest_route=\/wp\/v2\/media\/20407"}],"wp:attachment":[{"href":"https:\/\/htb.com.pl\/index.php?rest_route=%2Fwp%2Fv2%2Fmedia&parent=20283"}],"wp:term":[{"taxonomy":"category","embeddable":true,"href":"https:\/\/htb.com.pl\/index.php?rest_route=%2Fwp%2Fv2%2Fcategories&post=20283"},{"taxonomy":"post_tag","embeddable":true,"href":"https:\/\/htb.com.pl\/index.php?rest_route=%2Fwp%2Fv2%2Ftags&post=20283"}],"curies":[{"name":"wp","href":"https:\/\/api.w.org\/{rel}","templated":true}]}}