{"id":2035,"date":"2018-10-19T07:08:01","date_gmt":"2018-10-19T07:08:01","guid":{"rendered":"https:\/\/htb.com.pl\/?p=2035"},"modified":"2020-02-24T08:50:17","modified_gmt":"2020-02-24T08:50:17","slug":"warto-byc-przyzwoitym","status":"publish","type":"post","link":"https:\/\/htb.com.pl\/?p=2035","title":{"rendered":"Warto by\u0107 przyzwoitym"},"content":{"rendered":"<p><strong><em>Rok 1989. Wielcy Twojego \u015awiata Marysiu &#8211; tylko Ciebie nie ma. Dzi\u015b nie ma te\u017c Was i przyzwoito\u015bci.<\/em><\/strong><\/p>\n<p>Je\u017celi nie wiesz jak si\u0119 zachowa\u0107, zachowuj si\u0119 przyzwoicie &#8211; m\u00f3wi\u0142 W\u0142adys\u0142aw Bartoszewski. Przytocz\u0119 kila przyk\u0142ad\u00f3w z naszej historii, gdzie takie przyzwoite zachowanie, doprowadzi\u0142o do tragedii. Gdy zacz\u0105\u0142em my\u015ble\u0107 o czym by tu napisa\u0107, jakie poda\u0107 przyk\u0142ady, zdziwi\u0142em si\u0119, \u017ce jest ich tak du\u017co. Wymieni\u0119 trzy.<a href=\"https:\/\/htb.com.pl\/?p=18549\"><img loading=\"lazy\" decoding=\"async\" class=\"size-full wp-image-2034 alignright\" src=\"https:\/\/htb.com.pl\/wp-content\/uploads\/2018\/10\/Bartoszewski.jpg\" alt=\"\" width=\"200\" height=\"283\" \/><\/a><\/p>\n<ul>\n<li>Sierpie\u0144 1920 rok &#8211; wojna polsko-bolszewicka. Wszyscy m\u0105drale zwiewaj\u0105 w panice z Warszawy, korpus dyplomatyczny spierdziela do Poznania, zostaje\u00a0 jedynie nuncjusz papieski biskup Achille Ratti, p\u00f3\u017aniejsz Papie\u017c Pijus XI. Zwia\u0142 te\u017c Naczelnik Pa\u0144stwa J\u00f3zef Pi\u0142sudski, nabazgra\u0142 list datowany\u00a0 12 VIII 1920 r. gdzie podaje si\u0119 do dymisji. Na czele Pa\u0144stwa staje ch\u0142op-premier Wincenty Witos. Bazgro\u0142y Pi\u0142sudskiego schowa\u0142, genera\u0142a Tadeusza Rozwadowskiego zrobi\u0142 dow\u00f3dc\u0105, ch\u0142op\u00f3w nam\u00f3wi\u0142 do walki i do boju. Uda\u0142o si\u0119, Cud nad Wis\u0142\u0105\u00a0 (13-15 sierpnia 1920 rok). Wielkie zwyci\u0119stwo Polak\u00f3w nad bolszewikami. I tu Witos pope\u0142ni\u0142 wielki b\u0142\u0105d, post\u0105pi\u0142 przyzwoicie &#8211; odda\u0142 bazgro\u0142y Pi\u0142sudskiemu a ten nawywija\u0142. Wymieni\u0119 jedynie jego <a href=\"https:\/\/htb.com.pl\/?p=264\">zamach majowy i sanacj\u0119<\/a>, aresztowanie i otrucie Rozwadowskiego, a w konsekwencji kl\u0119ska wrze\u015bniowa.<\/li>\n<li>Donald Tusk w 2005 roku wymy\u015bli\u0142, \u017ce b\u0119dzie prezydentem ale zauwa\u017cy\u0142, \u017ce W\u0142odzimierz Cimoszewicz ma wi\u0119ksze szanse. Wykr\u0119ci\u0142 afer\u0119 z Ann\u0105 Jaruck\u0105\u00a0 i Cimoszewicz zrezygnowa\u0142 &#8211; post\u0105pi\u0142 przyzwoicie. Dostrze\u017cono kr\u0119tactwa Tuska,\u00a0 prezydentem zosta\u0142\u00a0 Lech Kaczy\u0144ski i mieli\u015bmy katastrof\u0119. Niestety na ko\u0144cu by\u0142a t\u0105 podsumowuj\u0105ca prezydentur\u0119 &#8211; Smole\u0144ska.<\/li>\n<li>Ma\u0142gorzata Gerstorf Prezes S\u0105du Najwy\u017cszego w 2015 roku uzna\u0142a wyniki wybor\u00f3w, chocia\u017c PiS k\u0142ama\u0142 w kampanii i korumpowa\u0142 grupy wyborc\u00f3w. Andrzej Rzepli\u0144ski Prezes Trybuna\u0142u Konstytucyjnego, dopu\u015bci\u0142 potem do sk\u0142adu S\u0119dziowskiego &#8220;dubler\u00f3w&#8221;. Zachowali si\u0119 przyzwoicie i zosta\u0142a obalona Konstytucja. Czym zako\u0144czy si\u0119 ta katastrofa, zale\u017cy od nas &#8211; wyborc\u00f3w. Wybory samorz\u0105dowe w\u0142a\u015bnie rozpoczynaj\u0105 ten b\u00f3j. Jest szansa, \u017ce unikniemy wi\u0119kszej wtopy ale trzeba g\u0142osowa\u0107 m\u0105drze.<\/li>\n<\/ul>\n<p>Przedsmak katastrofy jaka mo\u017ce w Polsce nast\u0105pi\u0107, mieli\u015bmy 14.10.2018. w Lublinie. Marsz R\u00f3wno\u015bci nazywany przez rz\u0105dz\u0105cych marszem &#8220;zbocze\u0144c\u00f3w&#8221;, zosta\u0142 zaatakowany przez ich boj\u00f3wki. Chyl\u0119 czo\u0142a przed Policj\u0105 &#8211; dali rad\u0119. A do kiboli &#8211; kochani,\u00a0 zawiedli was wasi mocodawcy, teraz wielu p\u00f3jdzie do pierdla. Wasze &#8220;bia\u0142ko&#8221; b\u0119dzie\u00a0 ok. ale dla &#8220;gada&#8221;, Patryk Jaki tak zarz\u0105dzi\u0142. Pod cel\u0105 mo\u017ce by\u0107 r\u00f3\u017cnie ale nie martwcie si\u0119, Zbigniew Ziobro was nie opu\u015bci i wypu\u015bci.\u00a0 Jednak na wokand\u0119 musicie stan\u0105\u0107 przed\u00a0 ko\u0144cem 2019 roku. B\u0119d\u0105 wybory parlamentarne. Po nich\u00a0 Zbigniew Ziobro mo\u017ce zaj\u0105\u0107\u00a0 wasze miejsce w pierdlu, strasznie se grabi, w\u0142a\u015bnie sprzeciwi\u0142 si\u0119 Trybuna\u0142owi Sprawiedliwo\u015bci\u00a0 UE i postawi\u0142 nas w gronie pa\u0144stw totalitarnych. Patryk Jaki ma gorzej, on Mossadowi podpad\u0142, ustaw\u0119\u00a0 o IPN musieli po nim poprawia\u0107.\u00a0 No a reszta do \u0142opaty. Fajne jeste\u015bcie ch\u0142opaki, czemu wy z tymi \u0142ajzami trzymacie? I jeszcze do rz\u0105dz\u0105cych, \u0142ajz znaczy &#8211; kochani, po co kiboli na marsz r\u00f3wno\u015bci napuszczacie? Macie Obron\u0119 Terytorialn\u0105, widzia\u0142em\u00a0 tam nawet dziewczyny &#8211; takie super. Oni by do\u0142\u0105czyli do marszu\u00a0 ale by\u0142aby impreza. Policja te\u017c mia\u0142aby fajnie, a GRU co nas sk\u0142\u00f3ca &#8211; no w\u0142a\u015bnie, byliby w\u015bciekli. Co\u00a0 by to nam wszystkim szkodzi\u0142o?<\/p>\n<p>Przypomnia\u0142a mi si\u0119 Marysia, kiedy\u015b moja dziewczyna &#8211; o kt\u00f3rej ci\u0105gle pisz\u0119. Ona nie zawsze zachowywa\u0142a si\u0119 przyzwoicie. Dzi\u015b nie b\u0119d\u0119 opisywa\u0142 naszych wsp\u00f3lnych nieprzyzwoitych czasem przyg\u00f3d. Opisz\u0119 sytuacj\u0119 gdzie na pocz\u0105tku\u00a0 nie by\u0142o mi\u0142o. Opowiedzia\u0142 mi j\u0105 niedawno Pan, kt\u00f3ry zna\u0142 Marysi\u0119. Musz\u0119 przyzna\u0107, \u017ce ja o tej imprezie nie wiedzia\u0142em.\u00a0 By\u0142 rok 1986, odbywa\u0142o si\u0119\u00a0 spotkanie przedstawicieli gabinetu premiera Zbigniewa Messnera z francusk\u0105 delegacj\u0105. Rozmowy dotyczy\u0142y energetyki. Majka nie siedzia\u0142a przy stole ale za szefem polskiej delegacji &#8211; jako doradca. By\u0142 problem z t\u0142umaczeniem, poniewa\u017c Francuzi celowo u\u017cywali technicznych skr\u00f3t\u00f3w. W sk\u0142adzie ich delegacji by\u0142 jeden Polak, doskonale m\u00f3wi\u0142 po francuski a oni nazywali go prezesem. Majka te\u017c doskonale m\u00f3wi\u0142a po francusku a zagadnienia energetyki, w tym j\u0105drowej, kt\u00f3re tam by\u0142y poruszane, mia\u0142a w paluszku.\u00a0 Dosz\u0142o do takiej sytuacji, \u017ce Polacy zdj\u0119li s\u0142uchawki i odpowiadali czytaj\u0105c kartki, kt\u00f3re Majka im podawa\u0142a. Przewodnicz\u0105cy francuskiej delegacji by\u0142 zachwycony Majk\u0105, zwr\u00f3ci\u0142 si\u0119 do prezesa, czyli Polaka w ich sk\u0142adzie, \u017ce ta Pani zna francuski i\u00a0 wszystko wie, nie da si\u0119 rokowa\u0144 zerwa\u0107 &#8211; co by\u0142o celem. Prezes odpar\u0142, \u017ce &#8220;ona francuski to mo\u017ce i zna ale seks&#8221;. Majka wtedy wsta\u0142a, z\u0142apa\u0142a go za marynar\u0119 i wykona\u0142a\u00a0 <a href=\"https:\/\/www.youtube.com\/watch?v=tOIbQ2cXRHU\">&#8220;Tomoe &#8211; nage&#8221;<\/a>, rzucaj\u0105c prezesa na drzwi. To, \u017ce wyszed\u0142 z tego bez szwanki i na w\u0142asnych nogach polaz\u0142 na milicj\u0119, zawdzi\u0119cza ochroniarzowi, kt\u00f3ry wszystko obserwowa\u0142 przez uchylone drzwi\u00a0 i otworzy\u0142 je szeroko\u00a0 gdy prezes lecia\u0142. Pom\u00f3g\u0142 te\u017c przy l\u0105dowaniu.\u00a0 W ramach przeprosin, pozostali uczestnicy obrad, zorganizowali na cze\u015b\u0107 Majki\u00a0 imprez\u0119. Do\u0142\u0105czy\u0142y panie z bufetu i razem z dwiema t\u0142umaczkami by\u0142o osiem pa\u0144. Mog\u0119 sobie wyobrazi\u0107, \u017ce super by\u0142o. Pan jeszcze zapami\u0119ta\u0142, \u017ce jak ta\u0144czyli kankana, to przylaz\u0142a milicja.\u00a0 Gliniarze nie chcieli si\u0119 przy\u0142\u0105czy\u0107 ale \u017cyczyli mi\u0142ej zabawy. <a href=\"https:\/\/www.youtube.com\/watch?v=deuc5lKOCno\">Gdzie ten \u015bwiat tamtych\u00a0 lat<\/a>?<\/p>\n<p>W\u0142a\u015bnie kolejny raz, jak przed ka\u017cdymi wyborami rozpoczyna si\u0119 budowa przekopu przez mierzej\u0119 wi\u015blan\u0105 &#8211; wsp\u00f3\u0142czuj\u0119 mieszka\u0144com Krynicy Morskiej\u00a0 i\u00a0 tym, kt\u00f3rzy\u00a0 zainwestowali tam w baz\u0119 hotelow\u0105. Nasz rz\u0105d, czyli inwestor go\u0142odupiec w ramach swojego programu, czyli rozpieprzania co si\u0119 da, postanowi\u0142 rozkopa\u0107 mierzeje. Chc\u0105 wzi\u0105\u0107 prawie miliard z naszych podatk\u00f3w i b\u0119d\u0105 kopa\u0107 r\u00f3w. Podobno za 500 lat ma si\u0119 to zwr\u00f3ci\u0107. Jak oni to policzyli? W gospodarce rynkowej, inwestuje si\u0119 swoje pieni\u0105dze, to gwarantuje, \u017ce tylko op\u0142acalne inwestycj\u0119 b\u0119d\u0105 planowane i realizowane.<a href=\"https:\/\/htb.com.pl\/?p=1485\"> Tak m\u00f3wi\u0142a Marysia &#8211; no ale ona nie \u017cyje&#8230;<\/a><\/p>\n<p>Dobra &#8211; nie martwcie si\u0119 kochani, tam na tej mierzei,\u00a0 nikt wam niczego nie rozkopie. W\u0142a\u015bnie widzia\u0142em jak za \u0142opat\u0119 chwyci\u0142 Pan Jaros\u0142aw Kaczy\u0144ski. Ruszy\u0142 dwa razy i mu si\u0119 znudzi\u0142o. To nie takie proste jak si\u0119 wydaje.<\/p>\n<p>16 pa\u017adziernika 1978 roku kardyna\u0142a Karola Wojty\u0142\u0119 wybrano na Papie\u017ca, przyj\u0105\u0142 imi\u0119 Jan Pawe\u0142 II. Mamy czterdziest\u0105 rocznic\u0119 tego wielkiego wydarzenia, m\u00f3j pierwszy wpis na blogu jest w\u0142asnie o tym, <a href=\"https:\/\/htb.com.pl\/?p=143\">&#8220;Jan Pawe\u0142 II Papie\u017c&#8221;.<\/a><\/p>\n<p>Prezydent Andrzej Duda i Pierwsza Dama\u00a0 Agat\u0105 Kornhauser-Dud\u0105 udali si\u0119 z tej okazji\u00a0 do Watykanu, na gr\u00f3b Ojca \u015awi\u0119tego. \u017bal mi by\u0142o Prezydenta jak go ochrzania\u0142 arcybiskup Jan Paw\u0142owski. No &#8211; prawd\u0119 m\u00f3wi\u0142, \u017ce dzieli Polak\u00f3w, \u017ce nauk Jana Paw\u0142a II nie czyta. Tak to jest Panie Prezydencie jak si\u0119 chodzi nie na swoje msze &#8211;<a href=\"https:\/\/htb.com.pl\/?p=152\"> ja ostrzega\u0142em<\/a>. Pan ma chodzi\u0107 na te msze, gdzie\u00a0 Matk\u0119 Boga Mari\u0119 Maryj\u0105 nazywaj\u0105. Ja wiem &#8211; tam te\u017c Pan cienko stoi &#8211; o mam! Wiem co mo\u017ce Pan zrobi\u0107, \u017ceby na Pana nikt nie krzycza\u0142. Teraz na Prezydenta \u0141odzi zostanie wybrana Pani Hanna Zdanowska, jej tam jak\u0105\u015b grzywn\u0119 wlepili. Ja wiem, grzywna to nie odsiadka, wielu waszych samorz\u0105dowc\u00f3w z takim wyrokiem pe\u0142ni swoje funkcje ale Pan Jacek Sasin i Wojewoda \u0141\u00f3dzki Zbigniew Rau twierdz\u0105, \u017ce pani Zdanowska jest z PO\u00a0 a nie z PiS-u i jak zostanie Prezydentem \u0141odzi to oni wyznacz\u0105 tam komisarza. Niech Pan u\u0142askawi Pani\u0105 Zdanowsk\u0105,\u00a0 Zachowa si\u0119 Pan przyzwoicie ale tym razem super b\u0119dzie &#8211; niech mi Pan uwierzy.<\/p>\n<p>M\u00f3j nast\u0119pny wpis uka\u017ce si\u0119 dopiero po pierwszej turze wybor\u00f3w samorz\u0105dowych. Przyznaje &#8211; nie wierzy\u0142em, \u017ce te wybory si\u0119 odb\u0119d\u0105. Jadnak Jako\u015b \u017ali politycy dali si\u0119 przekona\u0107 &#8211; zrezygnowano z wielu durnych zasad, kt\u00f3re chcieli wprowadzi\u0107\u00a0 (kamery:)) i wybory b\u0119d\u0105. To wa\u017cne wybory, rozpoczynaj\u0105 bowiem proces odsuni\u0119cia od w\u0142adzy tych, co chc\u0105 nas z Unii Europejskiej wyprowadzi\u0107. Oni to mog\u0105 zrobi\u0107 w jeden dzie\u0144, zwyk\u0142\u0105 ustaw\u0105, jak zamach stanu z 2015 roku. Ale teraz si\u0119 boj\u0105 &#8211; to dobrze. Przeciwnik, kt\u00f3ry si\u0119 boi jest s\u0142aby, pope\u0142nia b\u0142\u0119dy,\u00a0 teraz tylko mocny atak i b\u0119dzie <a href=\"https:\/\/www.youtube.com\/watch?v=bObca_1pRmg\">Ippon<\/a>.<\/p>\n<p>Na szcz\u0119\u015bci nikogo nie musimy bi\u0107, wystarczy jak zag\u0142osujemy na ludzi, kt\u00f3rzy potrafi\u0105 robi\u0107 dobrze. Marysia m\u00f3wi\u0142a, \u017ce \u017ceby robi\u0107 dobrze, trzeba mie\u0107 wyobra\u017ani\u0119. Teraz damy rad\u0119 Anio\u0142ku.<\/p>\n","protected":false},"excerpt":{"rendered":"<p>Rok 1989. Wielcy Twojego \u015awiata Marysiu &#8211; tylko Ciebie nie ma. Dzi\u015b nie ma te\u017c Was i przyzwoito\u015bci. Je\u017celi nie wiesz jak si\u0119 zachowa\u0107, zachowuj si\u0119 przyzwoicie &#8211; m\u00f3wi\u0142 W\u0142adys\u0142aw Bartoszewski. Przytocz\u0119 kila przyk\u0142ad\u00f3w z naszej historii, gdzie takie przyzwoite zachowanie, doprowadzi\u0142o do tragedii. Gdy zacz\u0105\u0142em my\u015ble\u0107 o czym by tu napisa\u0107, jakie poda\u0107 przyk\u0142ady, [&hellip;]<\/p>\n","protected":false},"author":1,"featured_media":2089,"comment_status":"open","ping_status":"open","sticky":false,"template":"","format":"standard","meta":{"_jetpack_memberships_contains_paid_content":false,"footnotes":""},"categories":[4],"tags":[300],"class_list":["post-2035","post","type-post","status-publish","format-standard","has-post-thumbnail","hentry","category-daty-i-fakty-blog","tag-wybory-samorzadowe-2015"],"jetpack_sharing_enabled":true,"jetpack_featured_media_url":"https:\/\/htb.com.pl\/wp-content\/uploads\/2018\/10\/Jaruzelski-i-Papie\u017c.jpg","_links":{"self":[{"href":"https:\/\/htb.com.pl\/index.php?rest_route=\/wp\/v2\/posts\/2035","targetHints":{"allow":["GET"]}}],"collection":[{"href":"https:\/\/htb.com.pl\/index.php?rest_route=\/wp\/v2\/posts"}],"about":[{"href":"https:\/\/htb.com.pl\/index.php?rest_route=\/wp\/v2\/types\/post"}],"author":[{"embeddable":true,"href":"https:\/\/htb.com.pl\/index.php?rest_route=\/wp\/v2\/users\/1"}],"replies":[{"embeddable":true,"href":"https:\/\/htb.com.pl\/index.php?rest_route=%2Fwp%2Fv2%2Fcomments&post=2035"}],"version-history":[{"count":45,"href":"https:\/\/htb.com.pl\/index.php?rest_route=\/wp\/v2\/posts\/2035\/revisions"}],"predecessor-version":[{"id":18581,"href":"https:\/\/htb.com.pl\/index.php?rest_route=\/wp\/v2\/posts\/2035\/revisions\/18581"}],"wp:featuredmedia":[{"embeddable":true,"href":"https:\/\/htb.com.pl\/index.php?rest_route=\/wp\/v2\/media\/2089"}],"wp:attachment":[{"href":"https:\/\/htb.com.pl\/index.php?rest_route=%2Fwp%2Fv2%2Fmedia&parent=2035"}],"wp:term":[{"taxonomy":"category","embeddable":true,"href":"https:\/\/htb.com.pl\/index.php?rest_route=%2Fwp%2Fv2%2Fcategories&post=2035"},{"taxonomy":"post_tag","embeddable":true,"href":"https:\/\/htb.com.pl\/index.php?rest_route=%2Fwp%2Fv2%2Ftags&post=2035"}],"curies":[{"name":"wp","href":"https:\/\/api.w.org\/{rel}","templated":true}]}}