{"id":20688,"date":"2020-04-03T06:52:25","date_gmt":"2020-04-03T06:52:25","guid":{"rendered":"https:\/\/htb.com.pl\/?p=20688"},"modified":"2020-04-06T11:05:36","modified_gmt":"2020-04-06T11:05:36","slug":"jak-to-sie-zaczelo","status":"publish","type":"post","link":"https:\/\/htb.com.pl\/?p=20688","title":{"rendered":"Jak to si\u0119 zacz\u0119\u0142o?"},"content":{"rendered":"\n<p><\/p>\n\n\n\n<figure class=\"wp-block-image size-large\"><img loading=\"lazy\" decoding=\"async\" width=\"608\" height=\"300\" src=\"https:\/\/htb.com.pl\/wp-content\/uploads\/2020\/04\/zwyczaje-sarmatow.jpg\" alt=\"\" class=\"wp-image-20804\" srcset=\"https:\/\/htb.com.pl\/wp-content\/uploads\/2020\/04\/zwyczaje-sarmatow.jpg 608w, https:\/\/htb.com.pl\/wp-content\/uploads\/2020\/04\/zwyczaje-sarmatow-300x148.jpg 300w, https:\/\/htb.com.pl\/wp-content\/uploads\/2020\/04\/zwyczaje-sarmatow-600x296.jpg 600w\" sizes=\"auto, (max-width: 608px) 100vw, 608px\" \/><\/figure>\n\n\n\n<p><\/p>\n\n\n\n<figure class=\"wp-block-image size-thumbnail\"><a href=\"https:\/\/htb.com.pl\/wp-content\/uploads\/2020\/04\/Jak-to-sie-zacz\u0119\u0142o.mp3\"><img loading=\"lazy\" decoding=\"async\" width=\"150\" height=\"150\" src=\"https:\/\/htb.com.pl\/wp-content\/uploads\/2018\/04\/posluchaj-150x150.jpg\" alt=\"\" class=\"wp-image-2020\" srcset=\"https:\/\/htb.com.pl\/wp-content\/uploads\/2018\/04\/posluchaj-150x150.jpg 150w, https:\/\/htb.com.pl\/wp-content\/uploads\/2018\/04\/posluchaj-300x300.jpg 300w, https:\/\/htb.com.pl\/wp-content\/uploads\/2018\/04\/posluchaj-100x100.jpg 100w\" sizes=\"auto, (max-width: 150px) 100vw, 150px\" \/><\/a><\/figure>\n\n\n\n<p>Zwykle kres ludzkiej g\u0142upocie k\u0142ad\u0142y wojny, teraz mamy pandemi\u0119 koronawirusa. Za p\u00f3\u017ano na b\u0142aganie Boga, aby nas oszcz\u0119dzi\u0142, wcze\u015bniej trzeba by\u0142o my\u015ble\u0107 &#8211; <a href=\"https:\/\/htb.com.pl\/?p=148\">dawa\u0142 znaki<\/a>, ostrzega\u0142. Populizm, czyli co\u015b jak kiedy\u015b komunizm opanowa\u0142 \u015bwiat i od kilku lat by\u0142o wiadomo, \u017ce zbli\u017ca si\u0119 katastrofa. Dla mnie ta katastrofa zacz\u0119\u0142a si\u0119 w 1987 roku &#8211; po \u015bmierci Marysi. Zmar\u0142a 13 pa\u017adziernika 1987 roku, kilka dni p\u00f3\u017aniej 24 pa\u017adziernika 1987 roku, premier Zbigniew Messner wywali\u0142 ministr\u00f3w, kt\u00f3rym Marysia pisa\u0142a <a href=\"https:\/\/htb.com.pl\/?p=1307\">&#8220;\u015bci\u0105gi&#8221;<\/a>, to by\u0142 koniec tego rz\u0105du chocia\u017c trwa\u0142 jeszcze rok. 25 pa\u017adziernika 1987 roku, gdy kwiaty na grobie Marysi wci\u0105\u017c by\u0142y \u015bwie\u017ce,  pan Jaros\u0142aw Kaczy\u0144ski zosta\u0142 sekretarzem Krajowej Komisji Wykonawczej NSZZ \u201eSolidarno\u015b\u0107\u201d &#8211; ju\u017c si\u0119 nie ba\u0142, by\u0142o to legalne. Populi\u015bci w Polsce rozpocz\u0119li marsz po w\u0142adz\u0119. Prymas Polski kardyna\u0142 J\u00f3zef Glemp zacz\u0105\u0142 traci\u0107 na swoim znaczeniu. Politycy i cz\u0119\u015b\u0107 hierarch\u00f3w ko\u015bcio\u0142a katolickiego zacz\u0119li odcina\u0107 si\u0119 od Papie\u017ca Jana Paw\u0142a II. Ustawa z 17 maja 1989 o stosunkach mi\u0119dzy pa\u0144stwem a Ko\u015bcio\u0142em, kt\u00f3ra by\u0142a wynikiem obrad okr\u0105g\u0142ego sto\u0142u,  (6 lutego do 5 kwietnia 1989)   definitywnie zmarginalizowa\u0142a J\u00f3zefa Glempa. Ale przy wej\u015bciu do Unii Europejskie (1.05.2004.) bardzo pom\u00f3g\u0142. Jak on to zrobi\u0142? To by\u0142 nasz ostatni sukces.<\/p>\n\n\n\n<p> Patrz\u0119 dzi\u015b na pana Jaros\u0142awa Kaczy\u0144skiego w Sejmie &#8211; p\u0142acze gdy pos\u0142owie go wy\u015bmiewaj\u0105,  opowiadaj\u0105 jakie\u015b bzdury, jak to Polsk\u0119 b\u0119d\u0105 ratowa\u0107. Mam nadziej\u0119, \u017ce  w Polsce czas ludzi bez wyobra\u017ani si\u0119 sko\u0144czy\u0142, a Sejm po kryzysie b\u0119dzie jak opoka.<\/p>\n\n\n\n<figure class=\"wp-block-image size-large\"><img loading=\"lazy\" decoding=\"async\" width=\"405\" height=\"442\" src=\"https:\/\/htb.com.pl\/wp-content\/uploads\/2020\/04\/Jaros\u0142aw.jpg\" alt=\"\" class=\"wp-image-20692\" srcset=\"https:\/\/htb.com.pl\/wp-content\/uploads\/2020\/04\/Jaros\u0142aw.jpg 405w, https:\/\/htb.com.pl\/wp-content\/uploads\/2020\/04\/Jaros\u0142aw-275x300.jpg 275w\" sizes=\"auto, (max-width: 405px) 100vw, 405px\" \/><\/figure>\n\n\n\n<p><a href=\"https:\/\/htb.com.pl\/?p=182\">Ja ostrzega\u0142em Panie Jaros\u0142awie.<\/a> Ostrzega\u0142em, bo pami\u0119tam Marysi\u0119 i jej ostrze\u017cenia. Ludzie bez wyobra\u017ani nie mog\u0105 rz\u0105dzi\u0107 Jasiu, bo doprowadz\u0105 do katastrofy &#8211; m\u00f3wi\u0142a. To co m\u00f3wi\u0142a r\u00f3wnie\u017c dzi\u015b jest kontrowersyjne. Kult J\u00f3zefa Pi\u0142sudskiego uwa\u017ca\u0142a za kl\u0105tw\u0119, a lekcje religii zamiast religii za koniec wiary Naszych Ojc\u00f3w. Te lekcje do szk\u00f3\u0142 wprowadzono ju\u017c po jej \u015bmierci, na mocy instrukcji Ministra Edukacji Narodowej z 30.08.1990 r. ale prace nad t\u0105 g\u0142upot\u0105 prowadzili jej wrogowie jeszcze gdy \u017cy\u0142a.  Przyznaj\u0119, \u017ce nie rozumia\u0142em wtedy jej argumentu, gdy m\u0142odemu ksi\u0119dzu t\u0142umaczy\u0142a, \u017ce lekcja religii, to nie to samo co religia &#8211; w szkole religii nie da si\u0119  przeprowadzi\u0107. Dzi\u015b rozumiem i mam wra\u017cenie, \u017ce coraz wi\u0119cej ludzi, a nawet ksi\u0119\u017cy zaczyna rozumie\u0107. <\/p>\n\n\n\n<p>Rz\u0105d Messnera jest bardzo \u017ale oceniany. Rzeczywi\u015bcie jego koniec to by\u0142a tragedia prawie taka jak dzi\u015b ale ten okres, gdy wsp\u00f3\u0142pracowali z Marysi\u0105 by\u0142 dobry. Zako\u0144czono wojn\u0119 domow\u0105, kt\u00f3ra trwa\u0142a od 1939 roku, gdy rz\u0105d sanacyjny zwia\u0142 do Londynu zostawiaj\u0105c kraj okupantom &#8211; Niemcom i ZSRR. Jaruzelski dogada\u0142 si\u0119 z Papie\u017cem Janem Paw\u0142em II <a href=\"https:\/\/htb.com.pl\/?p=2099\">(12 stycze\u0144 1987 rok)<\/a>, prezydent USA Ronald Reagan zni\u00f3s\u0142 restrykcje wobec Polski<a href=\"https:\/\/htb.com.pl\/?p=4739\"> (19 luty 1987 rok)<\/a> i wreszcie niezwyk\u0142a <a href=\"https:\/\/htb.com.pl\/?p=1152\">pielgrzymka Papie\u017ca Jana Paw\u0142a II do Polski (8-14 czerwca 1987 rok).<\/a><\/p>\n\n\n\n<p>Trzeba te\u017c wspomnie\u0107 Aleksandra Kwa\u015bniewskiego, ministra-cz\u0142onka Rady Ministr\u00f3w&nbsp;ds. m\u0142odzie\u017cy  w rz\u0105dzie Zbigniewa Messnera, a potem prezydenta RP i to przez dwie kadencje, od 23 grudnia 1995 do  23 grudnia&nbsp;2005, to dzie\u0144 gdy zosta\u0142 zaprzysi\u0119\u017cony Lech Kaczy\u0144ski. Dzi\u015b trzeba znale\u017a\u0107 kogo\u015b takiego jak Aleksander Kwa\u015bniewski. Cytat z poprzedniego wpisu mo\u017ce pomo\u017ce:  <a href=\"https:\/\/htb.com.pl\/?p=20581\">&#8220;To musi by\u0107 kto\u015b, kto zniszczy nasz\u0105 mafi\u0119, a z ch\u0142opakami z razwietpura si\u0119 dogada. \u017beby nas nie sk\u0142\u00f3cali, cz\u0119stotliwo\u015bci radiowe nam oddali i Matki Jezusa Marii nie obra\u017cali. Potem za system rz\u0105d\u00f3w trzeba si\u0119 wzi\u0105\u0107 i sanacyjne przekle\u0144stwo \u2013 kult jednostki na zawsze z nas zdj\u0105\u0107&#8221;. <\/a><\/p>\n\n\n\n<figure class=\"wp-block-image size-large\"><img loading=\"lazy\" decoding=\"async\" width=\"372\" height=\"513\" src=\"https:\/\/htb.com.pl\/wp-content\/uploads\/2020\/04\/Drzewo-herbaciane.jpg\" alt=\"\" class=\"wp-image-20768\" srcset=\"https:\/\/htb.com.pl\/wp-content\/uploads\/2020\/04\/Drzewo-herbaciane.jpg 372w, https:\/\/htb.com.pl\/wp-content\/uploads\/2020\/04\/Drzewo-herbaciane-218x300.jpg 218w\" sizes=\"auto, (max-width: 372px) 100vw, 372px\" \/><\/figure>\n\n\n\n<p>Drzewo herbaciane &#8211; to nie przypadek \u017ce o nim wspominam. Olejek z tego drzewa zawsze b\u0119dzie mi si\u0119 kojarzy\u0142 z Marysi\u0105, jak w szpitalu le\u017ca\u0142a &#8211; masowa\u0142em j\u0105 u\u017cywaj\u0105c tego w\u0142asnie olejku, \u017ceby odle\u017cyn nie mia\u0142a. Bardzo to lubi\u0142a, a ja zauwa\u017cy\u0142em co\u015b niezwyk\u0142ego. Zmniejsza\u0142y si\u0119 blizny na ciele Marysi &#8211; mia\u0142a ich mn\u00f3stwo. Te mniejsze to ca\u0142kiem znika\u0142y. Dzi\u015b w dobie pandemii koronawirusa znowu olejek z drzewa herbacianego trzeba stosowa\u0107. Ma silne w\u0142a\u015bciwo\u015bci antyseptyczne, czyli usuwaj\u0105ce drobnoustroje z naszej sk\u00f3ry. Dzia\u0142a przeciwbakteryjnie, przeciwgrzybiczo i <strong>przeciwwirusowo<\/strong>. Przyspiesza gojenie ran, leczy tr\u0105dzik, \u0142agodzi podra\u017cnienia. <a href=\"https:\/\/htb.com.pl\/?product=balsam-q-500-ml\"><img loading=\"lazy\" decoding=\"async\" width=\"150\" height=\"150\" class=\"wp-image-4144\" style=\"width: 150px;\" src=\"https:\/\/htb.com.pl\/wp-content\/uploads\/2019\/06\/odle\u017cyny.png\" alt=\"\" srcset=\"https:\/\/htb.com.pl\/wp-content\/uploads\/2019\/06\/odle\u017cyny.png 800w, https:\/\/htb.com.pl\/wp-content\/uploads\/2019\/06\/odle\u017cyny-150x150.png 150w, https:\/\/htb.com.pl\/wp-content\/uploads\/2019\/06\/odle\u017cyny-300x300.png 300w, https:\/\/htb.com.pl\/wp-content\/uploads\/2019\/06\/odle\u017cyny-768x768.png 768w, https:\/\/htb.com.pl\/wp-content\/uploads\/2019\/06\/odle\u017cyny-600x600.png 600w, https:\/\/htb.com.pl\/wp-content\/uploads\/2019\/06\/odle\u017cyny-100x100.png 100w\" sizes=\"auto, (max-width: 150px) 100vw, 150px\" \/><\/a> Naprawd\u0119 polecam.<\/p>\n\n\n\n<p>Marysi na pewno by go stosowa\u0142a i nie p\u0142aka\u0142a. Ale wirusa HIV si\u0119 ba\u0142a, r\u0119kawiczki zak\u0142ada\u0142a jak w pysk la\u0142a. Innych wirus\u00f3w mniej si\u0119 ba\u0142a, bo przeciw gru\u017alicy szczepiona by\u0142a &#8211; tak m\u00f3wi\u0142a. Chyba si\u0119 nie myli\u0142a, na wsch\u00f3d od Odry COVID-19 a\u017c tak nie zabija. W bogatych zachodnich krajach gru\u017alica nie wyst\u0119powa\u0142a i tamtejsza s\u0142u\u017cba zdrowia szczepionki (BCG) nie stosowa\u0142a.<\/p>\n\n\n\n<p>Marysia zawsze rozwi\u0105zanie znajdywa\u0142a, cz\u0119sto przy tym przyrod\u0119 obserwowa\u0142a. Kota o nastroje pyta\u0142a, kosa o pogod\u0119, a psom \u0142adunki wybuchowe znajdowa\u0107 kaza\u0142a. Koronawirus jest jak bomby terroryst\u00f3w, zabija niespodziewanie &#8211; Marysia z terrorystami walczy\u0142a i wygrywa\u0142a. Teraz te\u017c by wygra\u0142a. Pewnie nietoperza psu by pokaza\u0142a i szuka\u0107 kaza\u0142a. Tak wst\u0119pn\u0105 diagnoz\u0119 by stawia\u0142a. Je\u017celi wirus od nietoperza pochodzi, to pies go wyczuje i stres z\u0142agodzi. Ale nawet Ona sama nic by nie zrobi\u0142a. Potrzebna jest jedno\u015b\u0107, bo to w niej jest si\u0142a. T\u0105 w\u0142a\u015bnie jedno\u015b\u0107 w czasach Jagiellon\u00f3w szlachta zniszczy\u0142a, dzi\u015b ta ich romantyczna dusza o\u017cy\u0142a. S\u0119dzia Soplica w Panu Tadeuszu <a href=\"https:\/\/htb.com.pl\/?product=pan-tadeusz\"><img loading=\"lazy\" decoding=\"async\" width=\"150\" height=\"216\" class=\"wp-image-20801\" style=\"width: 150px;\" src=\"https:\/\/htb.com.pl\/wp-content\/uploads\/2020\/04\/Pant.jpg\" alt=\"\"><\/a> tak spraw\u0119 polsk\u0105 widzia\u0142. Cytat:<em> &#8221; Szabel nam nie zabraknie, szlachta na ko\u0144 wsi\u0119dzie, Ja z synowcem na czele, i &#8211; jako\u015b to b\u0119dzie !&#8221;<\/em> Koniec cytatu ale i Polski by\u0142 to koniec. Ile\u017c to razy ten b\u0142\u0105d powt\u00f3rzyli\u015bmy. <em>&#8220;Do skutku b\u0119dziemy l\u0105dowa\u0107<\/em>&#8220;, Smole\u0144sk (10 kwietnia 2010 rok), a dzi\u015b do skutki b\u0119dziemy g\u0142osowa\u0107 &#8211; zamiast rozumnie post\u0119powa\u0107 i kraj ratowa\u0107.<\/p>\n","protected":false},"excerpt":{"rendered":"<p>Zwykle kres ludzkiej g\u0142upocie k\u0142ad\u0142y wojny, teraz mamy pandemi\u0119 koronawirusa. Za p\u00f3\u017ano na b\u0142aganie Boga, aby nas oszcz\u0119dzi\u0142, wcze\u015bniej trzeba by\u0142o my\u015ble\u0107 &#8211; dawa\u0142 znaki, ostrzega\u0142. Populizm, czyli co\u015b jak kiedy\u015b komunizm opanowa\u0142 \u015bwiat i od kilku lat by\u0142o wiadomo, \u017ce zbli\u017ca si\u0119 katastrofa. Dla mnie ta katastrofa zacz\u0119\u0142a si\u0119 w 1987 roku &#8211; po [&hellip;]<\/p>\n","protected":false},"author":1,"featured_media":20804,"comment_status":"open","ping_status":"open","sticky":false,"template":"","format":"standard","meta":{"_jetpack_memberships_contains_paid_content":false,"footnotes":""},"categories":[4],"tags":[576],"class_list":["post-20688","post","type-post","status-publish","format-standard","has-post-thumbnail","hentry","category-daty-i-fakty-blog","tag-koronawirus"],"jetpack_sharing_enabled":true,"jetpack_featured_media_url":"https:\/\/htb.com.pl\/wp-content\/uploads\/2020\/04\/zwyczaje-sarmatow.jpg","_links":{"self":[{"href":"https:\/\/htb.com.pl\/index.php?rest_route=\/wp\/v2\/posts\/20688","targetHints":{"allow":["GET"]}}],"collection":[{"href":"https:\/\/htb.com.pl\/index.php?rest_route=\/wp\/v2\/posts"}],"about":[{"href":"https:\/\/htb.com.pl\/index.php?rest_route=\/wp\/v2\/types\/post"}],"author":[{"embeddable":true,"href":"https:\/\/htb.com.pl\/index.php?rest_route=\/wp\/v2\/users\/1"}],"replies":[{"embeddable":true,"href":"https:\/\/htb.com.pl\/index.php?rest_route=%2Fwp%2Fv2%2Fcomments&post=20688"}],"version-history":[{"count":30,"href":"https:\/\/htb.com.pl\/index.php?rest_route=\/wp\/v2\/posts\/20688\/revisions"}],"predecessor-version":[{"id":21037,"href":"https:\/\/htb.com.pl\/index.php?rest_route=\/wp\/v2\/posts\/20688\/revisions\/21037"}],"wp:featuredmedia":[{"embeddable":true,"href":"https:\/\/htb.com.pl\/index.php?rest_route=\/wp\/v2\/media\/20804"}],"wp:attachment":[{"href":"https:\/\/htb.com.pl\/index.php?rest_route=%2Fwp%2Fv2%2Fmedia&parent=20688"}],"wp:term":[{"taxonomy":"category","embeddable":true,"href":"https:\/\/htb.com.pl\/index.php?rest_route=%2Fwp%2Fv2%2Fcategories&post=20688"},{"taxonomy":"post_tag","embeddable":true,"href":"https:\/\/htb.com.pl\/index.php?rest_route=%2Fwp%2Fv2%2Ftags&post=20688"}],"curies":[{"name":"wp","href":"https:\/\/api.w.org\/{rel}","templated":true}]}}