{"id":217,"date":"2018-04-22T15:41:10","date_gmt":"2018-04-22T15:41:10","guid":{"rendered":"http:\/\/htb.com.pl\/?p=217"},"modified":"2020-02-15T08:29:50","modified_gmt":"2020-02-15T08:29:50","slug":"prezydenci","status":"publish","type":"post","link":"https:\/\/htb.com.pl\/?p=217","title":{"rendered":"Prezydenci"},"content":{"rendered":"<div class=\"p_18_fpesjyd e_18_fpewi1u clearfix\">\n<div class=\"clearfix v_18_fpesitm\">\n<div class=\"clearfix _42ef\">\n<div class=\"c_18_fpesitl\">\n<div>\n<div class=\"_6a _5u5j\">\n<div class=\"_6a _5u5j _6b\">\n<h5 class=\"_14f3 _14f5 _5pbw _5vra\" data-ft=\"{&quot;tn&quot;:&quot;C&quot;}\"><span class=\"fwn fcg\"><span class=\"fwb fcg\" data-ft=\"{&quot;tn&quot;:&quot;;&quot;}\">\u00a0<\/span><\/span><\/h5>\n<div id=\"feed_subtitle_100001376195691;1580867435302448;;9\" class=\"_5pcp _5lel _2jyu _232_\">\n<p><span class=\"fsm fwn fcg\"><a class=\"_5pcq\" href=\"https:\/\/www.facebook.com\/jan.chmura.79\/posts\/1580867435302448\" target=\"\" rel=\"noopener noreferrer\"><abbr class=\"_5ptz\" title=\"20.01.2018 08:17\" data-utime=\"1516432645\" data-shorten=\"1\"><span class=\"timestampContent\">20 stycznia<\/span><\/abbr><\/a>\u00a02018<\/span><\/p>\n<div id=\"u_0_15\" class=\"_6a _43_1 _4f-9 _nws _21p0 _fol\"><\/div>\n<\/div>\n<\/div>\n<\/div>\n<\/div>\n<\/div>\n<\/div>\n<\/div>\n<\/div>\n<div class=\"_5pbx userContent _3576\" data-ft=\"{&quot;tn&quot;:&quot;K&quot;}\">\n<p><img loading=\"lazy\" decoding=\"async\" class=\"alignnone size-full wp-image-218\" src=\"http:\/\/htb.com.pl\/wp-content\/uploads\/2018\/04\/pa\u0142ac.jpg\" alt=\"\" width=\"271\" height=\"186\" \/><a href=\"https:\/\/htb.com.pl\/wp-content\/uploads\/2018\/12\/19-Prezytdenci.mp3\"><img loading=\"lazy\" decoding=\"async\" class=\"size-medium wp-image-2020 alignright\" src=\"https:\/\/htb.com.pl\/wp-content\/uploads\/2018\/04\/posluchaj-300x280.jpg\" alt=\"\" width=\"300\" height=\"280\" srcset=\"https:\/\/htb.com.pl\/wp-content\/uploads\/2018\/04\/posluchaj-300x280.jpg 300w, https:\/\/htb.com.pl\/wp-content\/uploads\/2018\/04\/posluchaj-768x716.jpg 768w, https:\/\/htb.com.pl\/wp-content\/uploads\/2018\/04\/posluchaj-1024x955.jpg 1024w, https:\/\/htb.com.pl\/wp-content\/uploads\/2018\/04\/posluchaj-600x560.jpg 600w, https:\/\/htb.com.pl\/wp-content\/uploads\/2018\/04\/posluchaj.jpg 1158w\" sizes=\"auto, (max-width: 300px) 100vw, 300px\" \/><\/a><br \/>\nKiedy\u015b jak by\u0142em nastolatkiem my\u015bla\u0142em, \u017ce prezydent w Polsce to jakie\u015b nieszcz\u0119\u015bcie. Dzi\u015b wiem, \u017ce to nie prezydent jako funkcja jest nieszcz\u0119\u015bciem. Nieszcz\u0119\u015bciem jest nasza klasa polityczna. Jak widz\u0119 pani\u0105 Katarzyn\u0119 Lubnauer, kt\u00f3ra twierdzi, \u017ce pose\u0142 z dwuletnim sta\u017cem w Sejmie to m\u0142ody pose\u0142 i nie wie jeszcze czy g\u0142osuje za skierowaniem projektu do komisji, czy za aborcj\u0105. To nie wiem czy \u015bmia\u0107 si\u0119, czy p\u0142aka\u0107. Aborcja &#8211; to b\u0119dzie m\u00f3j nast\u0119pny wpis. Teraz wr\u00f3c\u0119 do prezydent\u00f3w.<br \/>\nGabriel Narutowicz wybrany 11 grudnia 1922 roku, a ju\u017c 16 grudnia zastrzelony przez zamachowca Eligiusza Niewiadomskiego, zwolennika skrajnej prawicy. W czasie procesu wyja\u015bni\u0142, \u017ce tak naprawd\u0119 to J\u00f3zefa Pi\u0142sudskiego chcia\u0142 zabi\u0107.<br \/>\nStanis\u0142aw Wojciechowski wybrany 20 grudnia 1922 roku, na siedmioletni\u0105 kadencj\u0119. To by\u0142 porz\u0105dny cz\u0142owiek. Dlatego jak J\u00f3zef Pi\u0142sudski zrobi\u0142 zamach majowy w roku 1926, Stanis\u0142aw Wojciechowski z\u0142o\u017cy\u0142 sw\u00f3j urz\u0105d.<br \/>\nIgnacy Mo\u015bcicki, wybrany 4 czerwca 1926 roku. Naukowiec, swoj\u0105 funkcj\u0119 pe\u0142ni\u0142 do wybuchu II wojny \u015bwiatowej. Nie ma si\u0119 czym chwali\u0107, pisa\u0142em, Zaolzie, kl\u0119ska wrze\u015bniowa, ucieczka do Rumunii, tam wskaza\u0142 swego nast\u0119pc\u0119 &#8211; W\u0142adys\u0142awa Raczkiewicza. Tu te\u017c jak wy\u017cej.<br \/>\nPo II wojnie \u015bwiatowej, dzi\u0119ki Ko\u015bciuszkowcom by\u0142a Polska, pisa\u0142em o tym. W roku 1947 prezydentem zosta\u0142 Boles\u0142aw Bierut. Jednak rz\u0105d na wychod\u017astwie te\u017c mia\u0142 prezydenta. Bierut si\u0119 wnerwi\u0142 i nazwa\u0142 si\u0119 Przewodnicz\u0105cym Rady Pa\u0144stwa (1952 rok) By\u0142o &#8220;fajnie&#8221;, umar\u0142 Stalin (1953 rok), Bieruta otruli w Moskwie, (12 maja 1956) prezydenci na wychod\u017astwie mogli spokojnie rz\u0105dzi\u0107. Czyli podburza\u0107 ludzi w kraju. Byli to kolejno. August Zalewski, ten wymy\u015bli\u0142, \u017ce b\u0119dzie prezydentem do\u017cywotnio. Jak zmar\u0142 prezydentem zosta\u0142 Stanis\u0142aw Ostrowski. Po nim Edward Raczy\u0144ski. By\u0142 rok 1979. Raczy\u0144ski mia\u0142 nadziej\u0119, \u017ce w\u0142adz\u0119 przeka\u017ce ju\u017c komu\u015b w Polsce. Ruscy szykowali olimpiad\u0119, w naszych sklepach nic nie by\u0142o. Bardzo \u0142atwo by\u0142o wywo\u0142a\u0107 niepokoje spo\u0142eczne. No ale z plan\u00f3w nici, stan wojenny. Raczy\u0144ski w\u0142adz\u0119 przekaza\u0142 Kazimierzowi Sabbatowi, a ten &#8211; 8 kwietnia 1986 roku Ryszardowi Kaczorowskiemu.<br \/>\nW kraju w tym czasie Papie\u017c, dzi\u015b \u015awi\u0119ty Jan Pawe\u0142 II i genera\u0142 Wojciech Jaruzelski kombinowali, jak tu zrobi\u0107, \u017ceby w Polsce by\u0142o dobrze, znaczy, \u017ceby nie by\u0142o wojny domowej. To si\u0119 uda\u0142o, Jaruzelski zosta\u0142 prezydentem 1989 roku.<br \/>\nPapie\u017ca postanowiono nagrodzi\u0107 za t\u0105 robot\u0119 troch\u0119 p\u00f3\u017aniej. Chciano mu przyzna\u0107 Pokojow\u0105 Nagrod\u0105 Nobla. W 2009 roku, gdy Nasz papie\u017c nie \u017cy\u0142 od czterech lat, komisja noblowska wys\u0142a\u0142a dw\u00f3ch m\u0142odych ze swojego sk\u0142adu do kasy, \u017ceby si\u0119 zapytali ile mog\u0105 Papie\u017cowi da\u0107. Kasjer wzi\u0105\u0142 list\u0119 i stwierdzi\u0142, \u017ce za t\u0105 robot\u0119 ju\u017c zap\u0142aci\u0142. Komu \u2013 zapytali m\u0142odzi zdzieleni. Lechowi Wa\u0142\u0119sie w 1983 roku. Komitet mia\u0142 k\u0142opot, nagrod\u0119 komu\u015b trzeba by\u0142o da\u0107. Dali Barackowi Obamie, tak troch\u0119 zaliczkowo. Ten trzeba przyzna\u0107 stara\u0142 si\u0119, jako prezydent Stan\u00f3w Zjednoczonych rozliczy\u0142 si\u0119 z zaliczki.<br \/>\nGenera\u0142 Wojciech Jaruzelski szybko odda\u0142 w\u0142adz\u0119 prezydenck\u0105, by\u0142y wybory powszechne. Musz\u0119 wreszcie stwierdzi\u0107, \u017ce zacz\u0119\u0142o i\u015b\u0107 w dobr\u0105 stron\u0119. Wprawdzie prezydentem zosta\u0142 Lech Wa\u0142\u0119sa (22 grudnia 1990 rok), kt\u00f3ry na prezydenta nie nadawa\u0142 si\u0119 kompletnie ale jako nie prezydent by\u0142by bardziej szkodliwy. W roku 1995 by\u0142y kolejne wybory, wygra\u0142 je Aleksander Kwa\u015bniewski. Jedyny jak dot\u0105d prezydent w Polsce, kt\u00f3ry rozumia\u0142, na czym ta prezydentura polega. Prezydent to nie jest super premier, nie rz\u0105dzi. Jako wybrany w wyborach powszechnych, ma nas broni\u0107 przed rz\u0105dz\u0105cymi, \u017ceby nam krzywdy nie robili. Ma instrumenty, cho\u0107by weto do ustaw. Jest jak dobry kr\u00f3l, tylko nie mo\u017ce w\u0142adzy dziedziczy\u0107, mo\u017ce by\u0107 prezydentem tylko dwie kadencje. Pami\u0119tam jak prezydent USA George Busch zapyta\u0142 Aleksandra Kwa\u015bniewskiego, co za dure\u0144 wymy\u015bli\u0142, \u017ce prezydentem Polski mo\u017cna by\u0107 tylko dwie kadencje. To ja, odpowiedzia\u0142 Kwa\u015bniewski.<br \/>\nJe\u017celi prezydent w Polsce rozumie zapisy Konstytucji, rozumie swoj\u0105 rol\u0119 w polityce, nie ma prawa przegra\u0107 wybor\u00f3w na drug\u0105 kadencje. Jak do tej pory, dokona\u0142 tego jedynie Aleksander Kwa\u015bniewski. Po nim powr\u00f3cili\u015bmy do dawnych nieszcz\u0119\u015b\u0107.<br \/>\nLech Kaczy\u0144ski zako\u0144czy\u0142 sw\u0105 prezydentur\u0119 katastrof\u0105 smole\u0144sk\u0105 (10 kwietnia 2010 rok). Prezydenta nale\u017cy szanowa\u0107. Pana Lecha Kaczy\u0144skiego szanowa\u0142em, bo modli\u0142 si\u0119 tak jak ja. Matk\u0119 Boga nazywa\u0142 Mari\u0105, a nie Maryj\u0105. Maria to te\u017c imi\u0119 \u017bony Pana Kaczy\u0144skiego, wspania\u0142a kobieta. By\u0142o mi bardzo przykro, jak ojciec Tadeusz Rydzyk nazwa\u0142 j\u0105 czarownic\u0105. Podobno si\u0119 przej\u0119zyczy\u0142. Minie przypomnia\u0142o si\u0119 wtedy inne przej\u0119zyczenie Redemptorysty, to kt\u00f3re opisa\u0142em pisz\u0105c o B\u0142ogos\u0142awionym Ksi\u0119dzu Jerzym Popie\u0142uszce.<br \/>\nBronis\u0142aw Komorowski &#8211; po pi\u0119ciu latach przegra\u0142 z obecnym prezydentem Andrzejem Dud\u0105. Tu mnie nic nie zdziwi\u0142o. Pan Komorowski zwi\u0105za\u0142 si\u0119 bowiem z profesorem Tomaszem Na\u0142\u0119czem, tym od afery Rywina. Ten potrafi\u0142 obali\u0107 sw\u00f3j rz\u0105d, kt\u00f3ry mia\u0142 prawie 40% poparcia. Szkoda, bo Pan Komorowski to dobry polityk, z do\u015bwiadczeniem. Nigdy by nie dopu\u015bci\u0142, aby obalono Konstytucj\u0119, czy zlikwidowano niezale\u017cne S\u0105dy. Pozna\u0142 \u017cycie wi\u0119zienne, pozna\u0142 wiele zasad grypsery. Jest taka zasada, \u017ce nie mo\u017cna sobie pozwoli\u0107, aby kto\u015b uk\u0142ada\u0142 nam \u017cycie pod cel\u0105. Prezydent Duda nie zna jeszcze tej zasady, dlatego jakie\u015b \u0142ajzy nie daj\u0105 mu spa\u0107 po nocach, atakuj\u0105 go, ka\u017c\u0105 mu robi\u0107 jakie\u015b g\u0142upoty. Wybrali\u015bmy go, to nasz prezydent, nale\u017cy mu si\u0119 nasza pomoc. Nie mo\u017cemy pozwala\u0107, \u017ceby go tak doje\u017cd\u017aali.<br \/>\nAndrzej Duda swoja prezydentur\u0119 rozpocz\u0105\u0142 6 sierpnia 2015 roku. Zawsze mo\u017ce by\u0107 gorzej, mawia\u0142 m\u00f3j dow\u00f3dca kompanii. Panie Prezydencie, odwagi, nie daj si\u0119 Pan. Jak schrzanili ustawy o S\u0105dach, to kazali Panu poprawia\u0107, a sami na wakacje pojechali. Nast\u0119pnym razem niech sami poprawiaj\u0105 jak co\u015b schrzani\u0105. To oni s\u0105 od roboty, nie Pan. Pan na narty, powolutku praw\u0105 stron\u0105. Tylko za pisanie Konstytucji si\u0119 Pan nie bierz, ta jest dobra. EUR trzeba doda\u0107 ale Wy tego nie dacie rady zrobi\u0107. No &#8211; a jak ju\u017c tak si\u0119 Pan upar\u0142 na t\u0105 Konstytucj\u0119, to poczytaj j\u0105 Pan mo\u017ce.<br \/>\nJak na tych nartach si\u0119 Panu znudzi, do swojego Krakowa Pan jed\u017a, to blisko. Jest Pan m\u0142odym cz\u0142owiekiem i nie wiem czy pami\u0119ta Pan religi\u0119. Nie &#8211; nie lekcj\u0119 religii, tylko religi\u0119, ta w ko\u015bciele by\u0142a. Ksi\u0105dz uczy\u0142 nas tam mi\u0142o\u015bci do Boga i Bli\u017aniego. To wystarcza\u0142o \u017ceby\u015bmy byli jedno. Panie Prezydencie, zr\u00f3b Pan \u017ceby\u015bmy znowu byli jedno. Nie chodzi o to \u017ceby\u015bmy wszyscy my\u015bleli tak samo . Wystarczy jak b\u0119dziemy szanowa\u0107 siebie nawzajem i nie b\u0119dziemy pr\u00f3bowa\u0107 uk\u0142ada\u0107 \u017cycia innym. Niech ka\u017cdy \u017cyje jak chce, byle przestrzega\u0142 zasad &#8211; Konstytucji znaczy. No &#8211; ale t\u0105 trzeba przywr\u00f3ci\u0107. Gdy pisz\u0119 te s\u0142owa S\u0119dziowie jeszcze walcz\u0105. Zbigniew Ziobro jeden z dowodz\u0105cych obozem bezprawia i niesprawiedliwo\u015bci wystawi\u0142 na pierwsz\u0105 lini\u0119 Stanis\u0142awa Piotrowicza, to mocny punkt. Trzeba uderza\u0107 w s\u0142abe punkty. Patryk Jaki, ten nawet prawa administracyjnego nie ko\u0144czy\u0142. Ka\u017cdy grypser by go sprzeda\u0142 i jeszcze reszta kaza\u0142 sobie wyda\u0107. Powodzenia S\u0119dziom \u017cycz\u0119.<br \/>\nW Krakowie Panie Prezydencie niech Pan odwiedzi\u0107 Mari\u0119 i Lecha Kaczy\u0144skich, na Wawelu. Mo\u017ce spotka Pan tam Biskupa Tadeusza Pieronka, to te\u017c prawnik. Profesor nadzwyczajny nauk prawniczych, bardzo m\u0105dry cz\u0142owiek. On mo\u017ce Panu pom\u00f3c. Pom\u00f3dlcie si\u0119 razem o t\u0105 jedno\u015b\u0107 s\u0142owami modlitwy R\u00f3\u017ca\u0144ca \u015awi\u0119tego. Przypomn\u0119 \u2013 \u201eZdrowa\u015b MarIO \u0142aski pe\u0142na, Pan z Tob\u0105\u201d i tak dalej. Biskup Pieronek Panu pomo\u017ce &#8211; spokojnie, ten za B\u00f3g zap\u0142a\u0107 pomo\u017ce. No wiem, biskup Pieronek jest w Krakowie, Pan ma robot\u0119 w Warszawie ale w Warszawie jest Prymas Polski \u2013 arcybiskup Wojciech Polak i kardyna\u0142 Kazimierz Nycz. Oni te\u017c Panu pomog\u0105. Z tym jednaniem Polak\u00f3w, ma Pan roboty do ko\u0144ca kadencji, a jak b\u0119dzie dobrze sz\u0142o, to i jeszcze na kolejn\u0105 kadencj\u0119. \u017bycz\u0119 Panu, \u017ceby to jednanie dobrze sz\u0142o.<br \/>\nAborcja, to b\u0119dzie nast\u0119pny wpis.<\/p>\n<\/div>\n","protected":false},"excerpt":{"rendered":"<p>\u00a0 20 stycznia\u00a02018 Kiedy\u015b jak by\u0142em nastolatkiem my\u015bla\u0142em, \u017ce prezydent w Polsce to jakie\u015b nieszcz\u0119\u015bcie. Dzi\u015b wiem, \u017ce to nie prezydent jako funkcja jest nieszcz\u0119\u015bciem. Nieszcz\u0119\u015bciem jest nasza klasa polityczna. Jak widz\u0119 pani\u0105 Katarzyn\u0119 Lubnauer, kt\u00f3ra twierdzi, \u017ce pose\u0142 z dwuletnim sta\u017cem w Sejmie to m\u0142ody pose\u0142 i nie wie jeszcze czy g\u0142osuje za skierowaniem [&hellip;]<\/p>\n","protected":false},"author":1,"featured_media":0,"comment_status":"open","ping_status":"open","sticky":false,"template":"","format":"standard","meta":{"_jetpack_memberships_contains_paid_content":false,"footnotes":""},"categories":[4],"tags":[],"class_list":["post-217","post","type-post","status-publish","format-standard","hentry","category-daty-i-fakty-blog"],"jetpack_sharing_enabled":true,"jetpack_featured_media_url":"","_links":{"self":[{"href":"https:\/\/htb.com.pl\/index.php?rest_route=\/wp\/v2\/posts\/217","targetHints":{"allow":["GET"]}}],"collection":[{"href":"https:\/\/htb.com.pl\/index.php?rest_route=\/wp\/v2\/posts"}],"about":[{"href":"https:\/\/htb.com.pl\/index.php?rest_route=\/wp\/v2\/types\/post"}],"author":[{"embeddable":true,"href":"https:\/\/htb.com.pl\/index.php?rest_route=\/wp\/v2\/users\/1"}],"replies":[{"embeddable":true,"href":"https:\/\/htb.com.pl\/index.php?rest_route=%2Fwp%2Fv2%2Fcomments&post=217"}],"version-history":[{"count":5,"href":"https:\/\/htb.com.pl\/index.php?rest_route=\/wp\/v2\/posts\/217\/revisions"}],"predecessor-version":[{"id":18046,"href":"https:\/\/htb.com.pl\/index.php?rest_route=\/wp\/v2\/posts\/217\/revisions\/18046"}],"wp:attachment":[{"href":"https:\/\/htb.com.pl\/index.php?rest_route=%2Fwp%2Fv2%2Fmedia&parent=217"}],"wp:term":[{"taxonomy":"category","embeddable":true,"href":"https:\/\/htb.com.pl\/index.php?rest_route=%2Fwp%2Fv2%2Fcategories&post=217"},{"taxonomy":"post_tag","embeddable":true,"href":"https:\/\/htb.com.pl\/index.php?rest_route=%2Fwp%2Fv2%2Ftags&post=217"}],"curies":[{"name":"wp","href":"https:\/\/api.w.org\/{rel}","templated":true}]}}